{"id":1627,"date":"2014-07-03T17:00:46","date_gmt":"2014-07-03T20:00:46","guid":{"rendered":"http:\/\/www.coopatrigo.com.br\/s\/?p=1627"},"modified":"2018-04-15T23:02:04","modified_gmt":"2018-04-16T02:02:04","slug":"coopatrigo-celebra-o-dia-internacional-do-cooperativismo","status":"publish","type":"post","link":"https:\/\/www.coopatrigo.com.br\/novo\/2014\/07\/03\/coopatrigo-celebra-o-dia-internacional-do-cooperativismo\/","title":{"rendered":"Coopatrigo celebra o Dia Internacional do Cooperativismo"},"content":{"rendered":"<div id=\"dslc-main\">\n\t\t<div  class=\"dslc-modules-section \" style=\"padding-bottom:30px;padding-top:30px;background-color:#16452c;background-image:url(https:\/\/www.coopatrigo.com.br\/novo\/wp-content\/uploads\/2021\/02\/bg.png);background-position:center center;\" data-section-id=\"74a23622ed4\">\n\t\t\t\t\n\t\t\t\t\n\t\t\t\t<div class=\"dslc-modules-section-wrapper dslc-clearfix\"><div class=\"dslc-modules-area dslc-col dslc-12-col dslc-last-col dslc-valign- \" data-size=\"12\" data-valign=\"\">\n\t\t<div id=\"dslc-module-24\" class=\"dslc-module-front dslc-module-DSLC_TP_Title dslc-in-viewport-check dslc-in-viewport-anim-none  dslc-col dslc-12-col dslc-last-col  dslc-module-handle-like-regular \" data-module-id=\"24\" data-module=\"DSLC_TP_Title\" data-dslc-module-size=\"12\" data-dslc-anim=\"none\" data-dslc-anim-delay=\"\" data-dslc-anim-duration=\"650\"  data-dslc-anim-easing=\"ease\" data-dslc-preset=\"none\" >\n\n\t\t\t\n\t\t\t\n\t\t\r\n\t\t\t\t<div class=\"dslc-tp-title\"><h1>Coopatrigo celebra o Dia Internacional do Cooperativismo<\/h1><\/div>\r\n\r\n\t\t\t\n\t\t\t\t<\/div><!-- .dslc-module -->\n\t\t\n\t\t<div id=\"dslc-module-25\" class=\"dslc-module-front dslc-module-DSLC_TP_Meta dslc-in-viewport-check dslc-in-viewport-anim-none  dslc-col dslc-12-col dslc-last-col  dslc-module-handle-like-regular \" data-module-id=\"25\" data-module=\"DSLC_TP_Meta\" data-dslc-module-size=\"12\" data-dslc-anim=\"none\" data-dslc-anim-delay=\"\" data-dslc-anim-duration=\"650\"  data-dslc-anim-easing=\"ease\" data-dslc-preset=\"none\" >\n\n\t\t\t\n\t\t\t\n\t\t\r\n\t\t\t\t<div class=\"dslc-tp-meta dslc-tp-meta-horizontal\">\r\n\t\t\t\t\t<ul class=\"dslc-clearfix\">\r\n\r\n\t\t\t\t\t\t\t\t\t\t\t\t\t<li>3 de julho de 2014<\/li>\r\n\t\t\t\t\t\t\r\n\t\t\t\t\t\t\r\n\t\t\t\t\t\t\r\n\t\t\t\t\t\t\r\n\t\t\t\t\t\t\r\n\t\t\t\t\t<\/ul>\r\n\t\t\t\t<\/div>\r\n\r\n\t\t\t\n\t\t\t\t<\/div><!-- .dslc-module -->\n\t\t<\/div><\/div><\/div>\n\t\t<div  class=\"dslc-modules-section \" style=\"padding-bottom:30px;padding-top:30px;background-color:rgba(230, 230, 230, 0);border-color:rgb(230, 230, 230);border-top-style: hidden; border-right-style: hidden; border-bottom-style: hidden; border-left-style: hidden; \" data-section-id=\"2b557989cda\">\n\t\t\t\t\n\t\t\t\t\n\t\t\t\t<div class=\"dslc-modules-section-wrapper dslc-clearfix\"><div class=\"dslc-modules-area dslc-col dslc-1-col dslc-first-col dslc-valign-undefined \" data-size=\"1\" data-valign=\"undefined\"><\/div><div class=\"dslc-modules-area dslc-col dslc-10-col  dslc-valign- \" data-size=\"10\" data-valign=\"\">\n\t\t<div id=\"dslc-module-a7d04abcf7f\" class=\"dslc-module-front dslc-module-DSLC_TP_Thumbnail dslc-in-viewport-check dslc-in-viewport-anim-none  dslc-col dslc-12-col dslc-last-col  dslc-module-handle-like-regular \" data-module-id=\"a7d04abcf7f\" data-module=\"DSLC_TP_Thumbnail\" data-dslc-module-size=\"12\" data-dslc-anim=\"none\" data-dslc-anim-delay=\"\" data-dslc-anim-duration=\"650\"  data-dslc-anim-easing=\"ease\" data-dslc-preset=\"none\" >\n\n\t\t\t\n\t\t\t\n\t\t\n\t\t\t\t<\/div><!-- .dslc-module -->\n\t\t\n\t\t<div id=\"dslc-module-26\" class=\"dslc-module-front dslc-module-DSLC_TP_Content dslc-in-viewport-check dslc-in-viewport-anim-none  dslc-col dslc-12-col dslc-last-col  dslc-module-handle-like-regular \" data-module-id=\"26\" data-module=\"DSLC_TP_Content\" data-dslc-module-size=\"12\" data-dslc-anim=\"none\" data-dslc-anim-delay=\"\" data-dslc-anim-duration=\"650\"  data-dslc-anim-easing=\"ease\" data-dslc-preset=\"none\" >\n\n\t\t\t\n\t\t\t\n\t\t<div class=\"dslc-tp-content\"><div id=\"dslc-theme-content\"><div id=\"dslc-theme-content-inner\"><p>Neste s\u00e1bado, dia 5 de julho, est\u00e1 sendo comemorado no mundo inteiro o \u201cDia Internacional do Cooperativismo\u201d que foi institu\u00eddo pela Alian\u00e7a Cooperativa Internacional com o objetivo de chamar a aten\u00e7\u00e3o da popula\u00e7\u00e3o global para este sistema econ\u00f4mico que tem valores e princ\u00edpios de uni\u00e3o para a busca de objetivos comuns dentro de uma sociedade de pessoas.<\/p>\n<p>A Coopatrigo, que \u00e9 uma das empresas que representa este setor na regi\u00e3o, registra com muito orgulho a passagem desta data em nome dos seus mais de 6 mil produtores rurais que se associaram \u00e0 ela desde 1957, quando foi criada em S\u00e3o Luiz Gonzaga e a partir de ent\u00e3o expandiu suas atividades, atuando hoje em 12 munic\u00edpios: S\u00e3o Luiz Gonzaga, Santo Ant\u00f4nio das Miss\u00f5es, Garruchos, S\u00e3o Nicolau, Pirap\u00f3, Dezesseis de Novembro, Rolador, Mato Queimado, Caibat\u00e9, Bossoroca, Cap\u00e3o do Cip\u00f3 e Santiago.<\/p>\n<p>O tema escolhido para a celebra\u00e7\u00e3o do dia do cooperativismo em 2014 foi: \u201c<strong>As cooperativas conquistam desenvolvimento sustent\u00e1vel para todos\u201d, para<\/strong> demonstrar ao mundo que a sustentabilidade \u00e9 parte intr\u00ednseca da natureza das cooperativas, sendo elas o modelo mais adequado para desenvolver e construir sustentabilidade no s\u00e9culo XXI.<\/p>\n<p>Em termos gerais, a\u00a0<strong>sustentabilidade \u00e9 a capacidade de apoiar, manter ou resistir<\/strong>. Desde os anos oitenta, o conceito evoluiu para abranger a inclus\u00e3o das\u00a0<strong>dimens\u00f5es ambiental, econ\u00f4mica e social<\/strong>. Mais uma vez, as cooperativas aparecem aqui como os precursores da sustentabilidade moderna. Ao se concentrarem nas necessidades humanas, elas respondem \u00e0 crise de sustentabilidade atual e oferecem uma\u00a0<strong>forma peculiar de \u201cvalor compartilhado\u201d<\/strong>.<\/p>\n<p>Como algumas de suas a\u00e7\u00f5es de sustentabilidade, a Coopatrigo cita o preparo de seus t\u00e9cnicos e agr\u00f4nomos para orientarem os associados a utilizarem procedimentos na agricultura que visem \u00e0 preserva\u00e7\u00e3o do solo e a recomenda\u00e7\u00e3o de utiliza\u00e7\u00e3o de dosagens de produtos que n\u00e3o agridam o meio ambiente. O recolhimento de embalagens vazias de defensivos que a Coopatrigo promove duas vezes por ano em todas as suas unidades, dando a destina\u00e7\u00e3o final destas embalagens e n\u00e3o permitindo que elas fiquem nas propriedades de forma irregular, poluindo o meio ambiente, tamb\u00e9m \u00e9 citada como uma a\u00e7\u00e3o de sustentabilidade. O reflorestamento \u00e9 outra pratica de sustentabilidade da Coopatrigo, sendo que ela mant\u00e9m uma \u00e1rea pr\u00f3pria de aproximadamente 70 hectares espalhadas pela regi\u00e3o, investindo recursos dos seus resultados na reposi\u00e7\u00e3o do seu consumo de lenha.<\/p>\n<p>A conscientiza\u00e7\u00e3o atrav\u00e9s da educa\u00e7\u00e3o ambiental, realizando palestras e o desenvolvimento do Programa Social Crian\u00e7a Consciente, alertando para a preserva\u00e7\u00e3o dos recursos naturais, reposi\u00e7\u00e3o das matas ciliares e pr\u00e1ticas dom\u00e9sticas que ajudam na sustentabilidade, tamb\u00e9m faz parte do cotidiano da Coopatrigo.<\/p>\n<p><strong>O presidente da Coopatrigo, Ivo Batista comentou sobre o Dia Internacional \u00a0do Cooperativismo, ressaltando que todas as a\u00e7\u00f5es da cooperativa s\u00e3o desenvolvidas de forma sustent\u00e1vel, citando o princ\u00edpio \u201cInteresse pela comunidade\u201d que \u00e9 um dos valores fundadores do movimento cooperativo e, como tal, prega a necessidade de salvaguardar, de forma sustent\u00e1vel, condi\u00e7\u00f5es de vida favor\u00e1veis para as comunidades \u00e9 a base das a\u00e7\u00f5es e da vis\u00e3o de todas as cooperativas.<\/strong><\/p>\n<\/div><\/div><\/div>\n\t\t\t\t<\/div><!-- .dslc-module -->\n\t\t<\/div><\/div><\/div><\/div><input type=\"hidden\" id=\"dslca-post-data-thumb\" value=\"\" \/>","protected":false},"excerpt":{"rendered":"<p>Coopatrigo celebra o Dia Internacional do Cooperativismo 3 de julho de 2014 Neste s\u00e1bado, dia 5 de julho, est\u00e1 sendo comemorado no mundo inteiro o \u201cDia Internacional do Cooperativismo\u201d que foi institu\u00eddo pela Alian\u00e7a Cooperativa Internacional com o objetivo de chamar a aten\u00e7\u00e3o da popula\u00e7\u00e3o global para este sistema econ\u00f4mico que tem valores e princ\u00edpios [&hellip;]<\/p>\n","protected":false},"author":1,"featured_media":1628,"comment_status":"open","ping_status":"open","sticky":false,"template":"","format":"standard","meta":{"_acf_changed":false,"footnotes":""},"categories":[1],"tags":[],"class_list":["post-1627","post","type-post","status-publish","format-standard","has-post-thumbnail","hentry","category-noticias"],"acf":[],"_links":{"self":[{"href":"https:\/\/www.coopatrigo.com.br\/novo\/wp-json\/wp\/v2\/posts\/1627","targetHints":{"allow":["GET"]}}],"collection":[{"href":"https:\/\/www.coopatrigo.com.br\/novo\/wp-json\/wp\/v2\/posts"}],"about":[{"href":"https:\/\/www.coopatrigo.com.br\/novo\/wp-json\/wp\/v2\/types\/post"}],"author":[{"embeddable":true,"href":"https:\/\/www.coopatrigo.com.br\/novo\/wp-json\/wp\/v2\/users\/1"}],"replies":[{"embeddable":true,"href":"https:\/\/www.coopatrigo.com.br\/novo\/wp-json\/wp\/v2\/comments?post=1627"}],"version-history":[{"count":0,"href":"https:\/\/www.coopatrigo.com.br\/novo\/wp-json\/wp\/v2\/posts\/1627\/revisions"}],"wp:featuredmedia":[{"embeddable":true,"href":"https:\/\/www.coopatrigo.com.br\/novo\/wp-json\/"}],"wp:attachment":[{"href":"https:\/\/www.coopatrigo.com.br\/novo\/wp-json\/wp\/v2\/media?parent=1627"}],"wp:term":[{"taxonomy":"category","embeddable":true,"href":"https:\/\/www.coopatrigo.com.br\/novo\/wp-json\/wp\/v2\/categories?post=1627"},{"taxonomy":"post_tag","embeddable":true,"href":"https:\/\/www.coopatrigo.com.br\/novo\/wp-json\/wp\/v2\/tags?post=1627"}],"curies":[{"name":"wp","href":"https:\/\/api.w.org\/{rel}","templated":true}]}}