{"id":1698,"date":"2014-08-06T08:51:54","date_gmt":"2014-08-06T11:51:54","guid":{"rendered":"http:\/\/www.coopatrigo.com.br\/s\/?p=1698"},"modified":"2018-04-15T23:02:05","modified_gmt":"2018-04-16T02:02:05","slug":"coopatrigo-realiza-seminario-de-lideres-2","status":"publish","type":"post","link":"https:\/\/www.coopatrigo.com.br\/novo\/2014\/08\/06\/coopatrigo-realiza-seminario-de-lideres-2\/","title":{"rendered":"Coopatrigo realiza semin\u00e1rio de l\u00edderes"},"content":{"rendered":"<div id=\"dslc-theme-content\"><div id=\"dslc-theme-content-inner\"><p>&nbsp;<\/p>\n<p>A Coopatrigo estar\u00e1 dando sequ\u00eancia no seu processo de organiza\u00e7\u00e3o do quadro social, sexta-feira dia 08 de agosto, quando estar\u00e1 realizando seu primeiro Semin\u00e1rio de L\u00edderes, englobando diretores, conselheiros e delegados, que representam as suas 10 regionais.<\/p>\n<p>&nbsp;<\/p>\n<p>Este processo iniciou h\u00e1 dois anos atr\u00e1s quando foi feita uma reforma do Estatuto da cooperativa, criando-se na oportunidade um Regimento Interno, com mudan\u00e7as na organiza\u00e7\u00e3o social da Coopatrigo.<\/p>\n<p>&nbsp;<\/p>\n<p>O semin\u00e1rio foi especialmente desenhado para dar sequ\u00eancia neste trabalho, analisando a import\u00e2ncia do papel do l\u00edder no desenvolvimento e crescimento da cooperativa, fazendo com que os \u201cdelegados\u201d sejam o elo de liga\u00e7\u00e3o entre o quadro social, Conselho de Administra\u00e7\u00e3o e Diretoria, defendendo os ideais cooperativos e fortalecendo cada vez mais a Coopatrigo.<\/p>\n<p>&nbsp;<\/p>\n<p>O 1\u00b0 Semin\u00e1rio de L\u00edderes da Coopatrigo vai reunir em torno de 50 pessoas, que inicialmente far\u00e3o uma visita \u00e0 Cotripal de Panambi para um interc\u00e2mbio de informa\u00e7\u00f5es nesta \u00e1rea de organiza\u00e7\u00e3o social de uma cooperativa, onde o grupo da \u00a0tamb\u00e9m vai aproveitar para conhecer a estrutura desta que \u00e9 uma das principais cooperativas do Rio Grande do Sul. O grupo permanece at\u00e9 o almo\u00e7o em Panambi, devendo retornar para Iju\u00ed onde vai se hospedar no Hotel Jardim Europa, onde o Semin\u00e1rio ser\u00e1 desenvolvido.<\/p>\n<p>&nbsp;<\/p>\n<p>O programa prev\u00ea manifesta\u00e7\u00e3o do presidente Ivo Batista e do Superintendente Luiz Fl\u00e1vio Oliveira, explicando os objetivos do evento, ap\u00f3s ser\u00e3o apresentados os n\u00fameros financeiros da Coopatrigo no primeiro semestre de 2014; a presidente do Conselho Central de representantes, Maiguele Schineider apresentar\u00e1 uma proposta de reestrutura\u00e7\u00e3o na escolha dos presidentes dos delegados e por \u00faltimo o vice-reitor da Uniju\u00ed, Pedro Buttenbender far\u00e1 uma palestra sobre lideran\u00e7a no cooperativismo.<\/p>\n<p>&nbsp;<\/p>\n<p>A Coopatrigo espera com isso valorizar cada vez mais sua equipe de Conselheiros e Delegados para que cada um entenda seu papel na cooperativa e o que \u00e9 preciso para que se cumpra a fun\u00e7\u00e3o de intermediador entre a COOPATRIGO e seus associados. \u201cN\u00e3o podemos apenas cuidar dos n\u00fameros e dos neg\u00f3cios, precisamos manter nossa lideran\u00e7a mobilizada e para isso ela precisa estar organizada\u201d, enfatizou o presidente Ivo Batista.<\/p>\n<p>&nbsp;<\/p>\n<p>&nbsp;<\/p>\n<\/div><\/div>","protected":false},"excerpt":{"rendered":"<p>&nbsp; A Coopatrigo estar\u00e1 dando sequ\u00eancia no seu processo de organiza\u00e7\u00e3o do quadro social, sexta-feira dia 08 de agosto, quando estar\u00e1 realizando seu primeiro Semin\u00e1rio de L\u00edderes, englobando diretores, conselheiros e delegados, que representam as suas 10 regionais. &nbsp; Este processo iniciou h\u00e1 dois anos atr\u00e1s quando foi feita uma reforma do Estatuto da cooperativa, [&hellip;]<\/p>\n","protected":false},"author":1,"featured_media":1699,"comment_status":"open","ping_status":"open","sticky":false,"template":"","format":"standard","meta":{"_acf_changed":false,"footnotes":""},"categories":[1],"tags":[],"class_list":["post-1698","post","type-post","status-publish","format-standard","has-post-thumbnail","hentry","category-noticias"],"acf":[],"_links":{"self":[{"href":"https:\/\/www.coopatrigo.com.br\/novo\/wp-json\/wp\/v2\/posts\/1698","targetHints":{"allow":["GET"]}}],"collection":[{"href":"https:\/\/www.coopatrigo.com.br\/novo\/wp-json\/wp\/v2\/posts"}],"about":[{"href":"https:\/\/www.coopatrigo.com.br\/novo\/wp-json\/wp\/v2\/types\/post"}],"author":[{"embeddable":true,"href":"https:\/\/www.coopatrigo.com.br\/novo\/wp-json\/wp\/v2\/users\/1"}],"replies":[{"embeddable":true,"href":"https:\/\/www.coopatrigo.com.br\/novo\/wp-json\/wp\/v2\/comments?post=1698"}],"version-history":[{"count":0,"href":"https:\/\/www.coopatrigo.com.br\/novo\/wp-json\/wp\/v2\/posts\/1698\/revisions"}],"wp:featuredmedia":[{"embeddable":true,"href":"https:\/\/www.coopatrigo.com.br\/novo\/wp-json\/"}],"wp:attachment":[{"href":"https:\/\/www.coopatrigo.com.br\/novo\/wp-json\/wp\/v2\/media?parent=1698"}],"wp:term":[{"taxonomy":"category","embeddable":true,"href":"https:\/\/www.coopatrigo.com.br\/novo\/wp-json\/wp\/v2\/categories?post=1698"},{"taxonomy":"post_tag","embeddable":true,"href":"https:\/\/www.coopatrigo.com.br\/novo\/wp-json\/wp\/v2\/tags?post=1698"}],"curies":[{"name":"wp","href":"https:\/\/api.w.org\/{rel}","templated":true}]}}