{"id":1746,"date":"2014-09-19T11:54:40","date_gmt":"2014-09-19T14:54:40","guid":{"rendered":"http:\/\/www.coopatrigo.com.br\/s\/?p=1746"},"modified":"2018-04-15T23:02:06","modified_gmt":"2018-04-16T02:02:06","slug":"coopatrigo-completa-57-anos-na-quinta-feira","status":"publish","type":"post","link":"https:\/\/www.coopatrigo.com.br\/novo\/2014\/09\/19\/coopatrigo-completa-57-anos-na-quinta-feira\/","title":{"rendered":"Coopatrigo completa 57 anos na quinta-feira"},"content":{"rendered":"<div id=\"dslc-theme-content\"><div id=\"dslc-theme-content-inner\"><p>O dia 25 de setembro mais uma vez ser\u00e1 especial para toda a fam\u00edlia Coopatrigo, pois a entidade cooperativista estar\u00e1 completando 57 anos de funda\u00e7\u00e3o, data est\u00e1 que j\u00e1 vem sendo comemorada ao longo deste m\u00eas de setembro com v\u00e1rias programa\u00e7\u00f5es.<\/p>\n<p>A programa\u00e7\u00e3o principal, no entanto ser\u00e1 toda concentra no dia 25, com atra\u00e7\u00f5es que v\u00e3o envolver associados, familiares e convidados especiais.<\/p>\n<p align=\"center\"><b>Dia de Campo<\/b><\/p>\n<p>Est\u00e1 confirmada a realiza\u00e7\u00e3o de mais um dia de campo sobre a cultura do trigo que acontecer\u00e1 na lavoura experimental mantida pela Coopatrigo junto a Escola Cruzeiro do Sul. O evento inicia a partir das 9 horas e os associados poder\u00e3o conferir as v\u00e1rias esta\u00e7\u00f5es montadas pela \u00e1rea t\u00e9cnica, mostrando manejos de controle de pragas e doen\u00e7as, bem como os novos materiais de trigo que est\u00e3o sendo testados para a nossa regi\u00e3o. No caso de chuva, os associados dever\u00e3o se deslocar para a Associa\u00e7\u00e3o dos Funcion\u00e1rios onde os t\u00e9cnicos repassar\u00e3o as informa\u00e7\u00f5es referentes aos experimentos de campo.<\/p>\n<p align=\"center\">7<b>\u00b0 Encontro de Mulheres<\/b><\/p>\n<p>A Coopatrigo estar\u00e1 dando sequ\u00eancia ao trabalho desenvolvido com as mulheres com o objetivo de aproximar mais esposas, filhas e as pr\u00f3prias associadas da cooperativa e estar\u00e1 realizando o s\u00e9timo encontro, tamb\u00e9m no dia 25 de setembro a partir da 9 horas.<\/p>\n<p>O tema principal deste ano ser\u00e1 \u201cO empreendedorismo feminino na propriedade rural\u201d, destacando que as mulheres mesmo n\u00e3o exercendo a atividade principal de uma propriedade s\u00e3o grandes empreendedoras e muitas vezes realizam atividades econ\u00f4micas paralelas que ajudam nas finan\u00e7as.<\/p>\n<p>N\u00e3o se esquecendo do lado feminino a Coopatrigo em parceria com a MB Farm\u00e1cias e Vult Cosm\u00e9ticos estar\u00e1 realizando um Workshop de maquiagem e tamb\u00e9m um desfile de modas que estar\u00e1 a cargo da MB Lojas.<\/p>\n<p align=\"center\"><b>Almo\u00e7o de confraterniza\u00e7\u00e3o<\/b><\/p>\n<p>Ao meio dia os participantes do dia de campo e do encontro de mulheres se re\u00fanem com convidados especiais da cooperativa para o almo\u00e7o de confraterniza\u00e7\u00e3o.<\/p>\n<p>Na oportunidade a Coopatrigo estar\u00e1 lan\u00e7ando mais um\u00a0 projeto de sustentabilidade intitulado \u201cCultive essa ideia\u201d, o qual consiste numa pr\u00e1tica cooperativista entre a Coopatrigo e os seus associados, onde ser\u00e3o distribu\u00eddas camisetas 100% algod\u00e3o r\u00fastico, livre de corantes e agentes nocivos, tratando-se de um produto ecol\u00f3gico. Vai acompanhar esta camiseta, sementes de \u00e1rvores nativas da nossa mata atl\u00e2ntica, as quais dever\u00e3o ser cultivadas por quem recebe a camiseta, e depois das mudas nascidas transferi-las para a natureza. Cada pe\u00e7a distribu\u00edda representa uma economia de 30% de energia e de 6 litros de \u00e1gua.<\/p>\n<p>Para encerrar a programa\u00e7\u00e3o a Coopatrigo preparou um Show art\u00edstico com o cantor Xir\u00fa Missioneiro e grupo.<\/p>\n<\/div><\/div>","protected":false},"excerpt":{"rendered":"<p>O dia 25 de setembro mais uma vez ser\u00e1 especial para toda a fam\u00edlia Coopatrigo, pois a entidade cooperativista estar\u00e1 completando 57 anos de funda\u00e7\u00e3o, data est\u00e1 que j\u00e1 vem sendo comemorada ao longo deste m\u00eas de setembro com v\u00e1rias programa\u00e7\u00f5es. A programa\u00e7\u00e3o principal, no entanto ser\u00e1 toda concentra no dia 25, com atra\u00e7\u00f5es que [&hellip;]<\/p>\n","protected":false},"author":1,"featured_media":1747,"comment_status":"open","ping_status":"open","sticky":false,"template":"","format":"standard","meta":{"_acf_changed":false,"footnotes":""},"categories":[1],"tags":[],"class_list":["post-1746","post","type-post","status-publish","format-standard","has-post-thumbnail","hentry","category-noticias"],"acf":[],"_links":{"self":[{"href":"https:\/\/www.coopatrigo.com.br\/novo\/wp-json\/wp\/v2\/posts\/1746","targetHints":{"allow":["GET"]}}],"collection":[{"href":"https:\/\/www.coopatrigo.com.br\/novo\/wp-json\/wp\/v2\/posts"}],"about":[{"href":"https:\/\/www.coopatrigo.com.br\/novo\/wp-json\/wp\/v2\/types\/post"}],"author":[{"embeddable":true,"href":"https:\/\/www.coopatrigo.com.br\/novo\/wp-json\/wp\/v2\/users\/1"}],"replies":[{"embeddable":true,"href":"https:\/\/www.coopatrigo.com.br\/novo\/wp-json\/wp\/v2\/comments?post=1746"}],"version-history":[{"count":0,"href":"https:\/\/www.coopatrigo.com.br\/novo\/wp-json\/wp\/v2\/posts\/1746\/revisions"}],"wp:featuredmedia":[{"embeddable":true,"href":"https:\/\/www.coopatrigo.com.br\/novo\/wp-json\/"}],"wp:attachment":[{"href":"https:\/\/www.coopatrigo.com.br\/novo\/wp-json\/wp\/v2\/media?parent=1746"}],"wp:term":[{"taxonomy":"category","embeddable":true,"href":"https:\/\/www.coopatrigo.com.br\/novo\/wp-json\/wp\/v2\/categories?post=1746"},{"taxonomy":"post_tag","embeddable":true,"href":"https:\/\/www.coopatrigo.com.br\/novo\/wp-json\/wp\/v2\/tags?post=1746"}],"curies":[{"name":"wp","href":"https:\/\/api.w.org\/{rel}","templated":true}]}}