{"id":1761,"date":"2014-09-30T15:43:51","date_gmt":"2014-09-30T18:43:51","guid":{"rendered":"http:\/\/www.coopatrigo.com.br\/s\/?p=1761"},"modified":"2018-04-15T23:02:07","modified_gmt":"2018-04-16T02:02:07","slug":"coopatrigo-57-anos-dia-de-campo","status":"publish","type":"post","link":"https:\/\/www.coopatrigo.com.br\/novo\/2014\/09\/30\/coopatrigo-57-anos-dia-de-campo\/","title":{"rendered":"Coopatrigo 57 anos \u2013 Dia de Campo"},"content":{"rendered":"<div id=\"dslc-theme-content\"><div id=\"dslc-theme-content-inner\"><p>Um n\u00famero expressivo de produtores associados esteve prestigiando mais um dia de campo promovido pela Coopatrigo na \u00e1rea experimental mantida junto \u00e0 Escola Cruzeiro do Sul.<\/p>\n<p>Os principais parceiros da cooperativa na \u00e1rea de produ\u00e7\u00e3o de sementes \u00a0como Embrapa, CCGL Tec, Biotrigo, OR Sementes e Byotech estiveram apresentando o potencial das suas variedades e os futuros lan\u00e7amentos que est\u00e3o sendo testados para a nossa regi\u00e3o em cima das caracter\u00edsticas de qualidade que s\u00e3o exigidas na comercializa\u00e7\u00e3o.<\/p>\n<p>Outro ponto enfocado no dia de campo foi a resist\u00eancia dos materiais no ataque de pragas e doen\u00e7as, que contribui na diminui\u00e7\u00e3o dos custos de produ\u00e7\u00e3o.<\/p>\n<p>A Coopatrigo por sua vez tinha uma esta\u00e7\u00e3o pr\u00f3pria no dia de campo enfocando o uso de EPI (Equipamento de Prote\u00e7\u00e3o Individual) por parte dos aplicadores de defensivos; tamb\u00e9m apresentou um comparativo dos custos de produ\u00e7\u00e3o e produtividades entre a soja RR e RR2 Intacta; abordou tamb\u00e9m a necessidade de se fazer rota\u00e7\u00e3o de culturas e conserva\u00e7\u00e3o do solo e tamb\u00e9m foram mostrados parcel\u00f5es de trigo de altas produtividades.<\/p>\n<p>A dire\u00e7\u00e3o da Coopatrigo agradece a participa\u00e7\u00e3o dos associados neste dia de campo, que demonstra que a cooperativa est\u00e1 certa ao focar a assist\u00eancia t\u00e9cnica como um mecanismo de fideliza\u00e7\u00e3o dos produtores.<\/p>\n<\/div><\/div>","protected":false},"excerpt":{"rendered":"<p>Um n\u00famero expressivo de produtores associados esteve prestigiando mais um dia de campo promovido pela Coopatrigo na \u00e1rea experimental mantida junto \u00e0 Escola Cruzeiro do Sul. Os principais parceiros da cooperativa na \u00e1rea de produ\u00e7\u00e3o de sementes \u00a0como Embrapa, CCGL Tec, Biotrigo, OR Sementes e Byotech estiveram apresentando o potencial das suas variedades e os [&hellip;]<\/p>\n","protected":false},"author":1,"featured_media":1763,"comment_status":"open","ping_status":"open","sticky":false,"template":"","format":"standard","meta":{"_acf_changed":false,"footnotes":""},"categories":[1],"tags":[],"class_list":["post-1761","post","type-post","status-publish","format-standard","has-post-thumbnail","hentry","category-noticias"],"acf":[],"_links":{"self":[{"href":"https:\/\/www.coopatrigo.com.br\/novo\/wp-json\/wp\/v2\/posts\/1761","targetHints":{"allow":["GET"]}}],"collection":[{"href":"https:\/\/www.coopatrigo.com.br\/novo\/wp-json\/wp\/v2\/posts"}],"about":[{"href":"https:\/\/www.coopatrigo.com.br\/novo\/wp-json\/wp\/v2\/types\/post"}],"author":[{"embeddable":true,"href":"https:\/\/www.coopatrigo.com.br\/novo\/wp-json\/wp\/v2\/users\/1"}],"replies":[{"embeddable":true,"href":"https:\/\/www.coopatrigo.com.br\/novo\/wp-json\/wp\/v2\/comments?post=1761"}],"version-history":[{"count":0,"href":"https:\/\/www.coopatrigo.com.br\/novo\/wp-json\/wp\/v2\/posts\/1761\/revisions"}],"wp:featuredmedia":[{"embeddable":true,"href":"https:\/\/www.coopatrigo.com.br\/novo\/wp-json\/"}],"wp:attachment":[{"href":"https:\/\/www.coopatrigo.com.br\/novo\/wp-json\/wp\/v2\/media?parent=1761"}],"wp:term":[{"taxonomy":"category","embeddable":true,"href":"https:\/\/www.coopatrigo.com.br\/novo\/wp-json\/wp\/v2\/categories?post=1761"},{"taxonomy":"post_tag","embeddable":true,"href":"https:\/\/www.coopatrigo.com.br\/novo\/wp-json\/wp\/v2\/tags?post=1761"}],"curies":[{"name":"wp","href":"https:\/\/api.w.org\/{rel}","templated":true}]}}