{"id":1806,"date":"2014-10-24T10:46:27","date_gmt":"2014-10-24T13:46:27","guid":{"rendered":"http:\/\/www.coopatrigo.com.br\/s\/?p=1806"},"modified":"2018-04-15T23:02:28","modified_gmt":"2018-04-16T02:02:28","slug":"coopatrigo-vai-abrir-comercializacao-de-trigo-e-contratos-de-soja-segunda-feira","status":"publish","type":"post","link":"https:\/\/www.coopatrigo.com.br\/novo\/2014\/10\/24\/coopatrigo-vai-abrir-comercializacao-de-trigo-e-contratos-de-soja-segunda-feira\/","title":{"rendered":"Coopatrigo vai abrir comercializa\u00e7\u00e3o de trigo e contratos de soja segunda-feira"},"content":{"rendered":"<div id=\"dslc-main\">\n\t\t<div  class=\"dslc-modules-section \" style=\"padding-bottom:30px;padding-top:30px;background-color:#16452c;background-image:url(https:\/\/www.coopatrigo.com.br\/novo\/wp-content\/uploads\/2021\/02\/bg.png);background-position:center center;\" data-section-id=\"74a23622ed4\">\n\t\t\t\t\n\t\t\t\t\n\t\t\t\t<div class=\"dslc-modules-section-wrapper dslc-clearfix\"><div class=\"dslc-modules-area dslc-col dslc-12-col dslc-last-col dslc-valign- \" data-size=\"12\" data-valign=\"\">\n\t\t<div id=\"dslc-module-24\" class=\"dslc-module-front dslc-module-DSLC_TP_Title dslc-in-viewport-check dslc-in-viewport-anim-none  dslc-col dslc-12-col dslc-last-col  dslc-module-handle-like-regular \" data-module-id=\"24\" data-module=\"DSLC_TP_Title\" data-dslc-module-size=\"12\" data-dslc-anim=\"none\" data-dslc-anim-delay=\"\" data-dslc-anim-duration=\"650\"  data-dslc-anim-easing=\"ease\" data-dslc-preset=\"none\" >\n\n\t\t\t\n\t\t\t\n\t\t\r\n\t\t\t\t<div class=\"dslc-tp-title\"><h1>Coopatrigo vai abrir comercializa\u00e7\u00e3o de trigo e contratos de soja segunda-feira<\/h1><\/div>\r\n\r\n\t\t\t\n\t\t\t\t<\/div><!-- .dslc-module -->\n\t\t\n\t\t<div id=\"dslc-module-25\" class=\"dslc-module-front dslc-module-DSLC_TP_Meta dslc-in-viewport-check dslc-in-viewport-anim-none  dslc-col dslc-12-col dslc-last-col  dslc-module-handle-like-regular \" data-module-id=\"25\" data-module=\"DSLC_TP_Meta\" data-dslc-module-size=\"12\" data-dslc-anim=\"none\" data-dslc-anim-delay=\"\" data-dslc-anim-duration=\"650\"  data-dslc-anim-easing=\"ease\" data-dslc-preset=\"none\" >\n\n\t\t\t\n\t\t\t\n\t\t\r\n\t\t\t\t<div class=\"dslc-tp-meta dslc-tp-meta-horizontal\">\r\n\t\t\t\t\t<ul class=\"dslc-clearfix\">\r\n\r\n\t\t\t\t\t\t\t\t\t\t\t\t\t<li>24 de outubro de 2014<\/li>\r\n\t\t\t\t\t\t\r\n\t\t\t\t\t\t\r\n\t\t\t\t\t\t\r\n\t\t\t\t\t\t\r\n\t\t\t\t\t\t\r\n\t\t\t\t\t<\/ul>\r\n\t\t\t\t<\/div>\r\n\r\n\t\t\t\n\t\t\t\t<\/div><!-- .dslc-module -->\n\t\t<\/div><\/div><\/div>\n\t\t<div  class=\"dslc-modules-section \" style=\"padding-bottom:30px;padding-top:30px;background-color:rgba(230, 230, 230, 0);border-color:rgb(230, 230, 230);border-top-style: hidden; border-right-style: hidden; border-bottom-style: hidden; border-left-style: hidden; \" data-section-id=\"2b557989cda\">\n\t\t\t\t\n\t\t\t\t\n\t\t\t\t<div class=\"dslc-modules-section-wrapper dslc-clearfix\"><div class=\"dslc-modules-area dslc-col dslc-1-col dslc-first-col dslc-valign-undefined \" data-size=\"1\" data-valign=\"undefined\"><\/div><div class=\"dslc-modules-area dslc-col dslc-10-col  dslc-valign- \" data-size=\"10\" data-valign=\"\">\n\t\t<div id=\"dslc-module-a7d04abcf7f\" class=\"dslc-module-front dslc-module-DSLC_TP_Thumbnail dslc-in-viewport-check dslc-in-viewport-anim-none  dslc-col dslc-12-col dslc-last-col  dslc-module-handle-like-regular \" data-module-id=\"a7d04abcf7f\" data-module=\"DSLC_TP_Thumbnail\" data-dslc-module-size=\"12\" data-dslc-anim=\"none\" data-dslc-anim-delay=\"\" data-dslc-anim-duration=\"650\"  data-dslc-anim-easing=\"ease\" data-dslc-preset=\"none\" >\n\n\t\t\t\n\t\t\t\n\t\t\n\t\t\t\t<\/div><!-- .dslc-module -->\n\t\t\n\t\t<div id=\"dslc-module-26\" class=\"dslc-module-front dslc-module-DSLC_TP_Content dslc-in-viewport-check dslc-in-viewport-anim-none  dslc-col dslc-12-col dslc-last-col  dslc-module-handle-like-regular \" data-module-id=\"26\" data-module=\"DSLC_TP_Content\" data-dslc-module-size=\"12\" data-dslc-anim=\"none\" data-dslc-anim-delay=\"\" data-dslc-anim-duration=\"650\"  data-dslc-anim-easing=\"ease\" data-dslc-preset=\"none\" >\n\n\t\t\t\n\t\t\t\n\t\t<div class=\"dslc-tp-content\"><div id=\"dslc-theme-content\"><div id=\"dslc-theme-content-inner\"><p>O presidente da Coopatrigo Ivo Batista anunciou nesta sexta-feira em manifesta\u00e7\u00e3o no programa de r\u00e1dio da cooperativa que a partir de segunda-feira estar\u00e1 abrindo compra de trigo dos associados participativos que est\u00e3o entregando a sua produ\u00e7\u00e3o.<\/p>\n<p>A cooperativa estava sem pre\u00e7o no trigo a mais de 20 dias em virtude das dificuldades de comercializa\u00e7\u00e3o, j\u00e1 que os moinhos est\u00e3o abastecidos neste per\u00edodo e tamb\u00e9m estava sendo aguardado o andamento da safra para verificar a qualidade do gr\u00e3o para o enquadramento nos mecanismos de comercializa\u00e7\u00e3o do governo federal.<\/p>\n<p>Como a safra de trigo est\u00e1 tendo problemas de produtividade e principalmente de qualidade, o que n\u00e3o garante a participa\u00e7\u00e3o do nosso trigo nos leil\u00f5es para a busca dos pre\u00e7os de trigo tipo p\u00e3o, a Coopatrigo est\u00e1 fazendo um esfor\u00e7o e estar\u00e1 comprando um percentual da produ\u00e7\u00e3o j\u00e1 entregue com recursos pr\u00f3prios e tamb\u00e9m com financiamentos conseguidos junto ao Banco do Brasil, para conseguir dar liquidez para parte da safra e oportunizar os seus associados que comecem a honrar com os compromissos mais urgentes que foram assumidos para este per\u00edodo.<\/p>\n<p>\u201cInfelizmente o pre\u00e7o a ser pago n\u00e3o vai ser o esperado pelo produtor, pois ele est\u00e1 sendo fixado em cima dos neg\u00f3cios que est\u00e3o acontecendo baseados principalmente na qualidade do trigo\u201d afirmou o presidente da cooperativa.<\/p>\n<p>Ivo Batista afirmou ainda que a baixa qualidade do trigo que estamos colhendo \u00e9 resultado de uma s\u00e9rie de fatores que iniciaram no momento do plantio, quando n\u00e3o ocorreram as melhores condi\u00e7\u00f5es para implanta\u00e7\u00e3o da lavoura e da\u00ed se soma as doen\u00e7as e o excesso de umidade. \u201cNingu\u00e9m gostar de uma frustra\u00e7\u00e3o de safra, mas essa \u00e9 a nossa realidade do momento e temos que enfrent\u00e1-la\u201d, disse o presidente da Coopatrigo.<\/p>\n<p>Outra not\u00edcia destacada pelo dirigente \u00e9 sobre a safra de soja que come\u00e7a a ser plantada na nossa regi\u00e3o e a Coopatrigo estar\u00e1 abrindo, tamb\u00e9m a partir de segunda-feira a op\u00e7\u00e3o de Contratos Futuros, onde o produtor j\u00e1 poder\u00e1 fixar o pre\u00e7o de parte da sua safra. \u201cOs contratos de soja sempre s\u00e3o uma op\u00e7\u00e3o para o produtor fixar os seus custos de produ\u00e7\u00e3o e por isso estamos abrindo esta op\u00e7\u00e3o, mas refor\u00e7ando que a decis\u00e3o de fazer ou n\u00e3o um contrato de soja futuro sempre deve ser do produtor\u201d, finalizou Ivo Batista.<\/p>\n<\/div><\/div><\/div>\n\t\t\t\t<\/div><!-- .dslc-module -->\n\t\t<\/div><\/div><\/div><\/div><input type=\"hidden\" id=\"dslca-post-data-thumb\" value=\"\" \/>","protected":false},"excerpt":{"rendered":"<p>Coopatrigo vai abrir comercializa\u00e7\u00e3o de trigo e contratos de soja segunda-feira 24 de outubro de 2014 O presidente da Coopatrigo Ivo Batista anunciou nesta sexta-feira em manifesta\u00e7\u00e3o no programa de r\u00e1dio da cooperativa que a partir de segunda-feira estar\u00e1 abrindo compra de trigo dos associados participativos que est\u00e3o entregando a sua produ\u00e7\u00e3o. A cooperativa estava [&hellip;]<\/p>\n","protected":false},"author":1,"featured_media":1430,"comment_status":"open","ping_status":"open","sticky":false,"template":"","format":"standard","meta":{"_acf_changed":false,"footnotes":""},"categories":[1],"tags":[],"class_list":["post-1806","post","type-post","status-publish","format-standard","has-post-thumbnail","hentry","category-noticias"],"acf":[],"_links":{"self":[{"href":"https:\/\/www.coopatrigo.com.br\/novo\/wp-json\/wp\/v2\/posts\/1806","targetHints":{"allow":["GET"]}}],"collection":[{"href":"https:\/\/www.coopatrigo.com.br\/novo\/wp-json\/wp\/v2\/posts"}],"about":[{"href":"https:\/\/www.coopatrigo.com.br\/novo\/wp-json\/wp\/v2\/types\/post"}],"author":[{"embeddable":true,"href":"https:\/\/www.coopatrigo.com.br\/novo\/wp-json\/wp\/v2\/users\/1"}],"replies":[{"embeddable":true,"href":"https:\/\/www.coopatrigo.com.br\/novo\/wp-json\/wp\/v2\/comments?post=1806"}],"version-history":[{"count":0,"href":"https:\/\/www.coopatrigo.com.br\/novo\/wp-json\/wp\/v2\/posts\/1806\/revisions"}],"wp:featuredmedia":[{"embeddable":true,"href":"https:\/\/www.coopatrigo.com.br\/novo\/wp-json\/"}],"wp:attachment":[{"href":"https:\/\/www.coopatrigo.com.br\/novo\/wp-json\/wp\/v2\/media?parent=1806"}],"wp:term":[{"taxonomy":"category","embeddable":true,"href":"https:\/\/www.coopatrigo.com.br\/novo\/wp-json\/wp\/v2\/categories?post=1806"},{"taxonomy":"post_tag","embeddable":true,"href":"https:\/\/www.coopatrigo.com.br\/novo\/wp-json\/wp\/v2\/tags?post=1806"}],"curies":[{"name":"wp","href":"https:\/\/api.w.org\/{rel}","templated":true}]}}