{"id":1847,"date":"2014-11-17T14:08:21","date_gmt":"2014-11-17T17:08:21","guid":{"rendered":"http:\/\/www.coopatrigo.com.br\/s\/?p=1847"},"modified":"2018-04-15T23:02:29","modified_gmt":"2018-04-16T02:02:29","slug":"coopatrigo-vai-construir-um-novo-pavilhao-para-abrigar-lojas-de-consumo-e-veterinaria","status":"publish","type":"post","link":"https:\/\/www.coopatrigo.com.br\/novo\/2014\/11\/17\/coopatrigo-vai-construir-um-novo-pavilhao-para-abrigar-lojas-de-consumo-e-veterinaria\/","title":{"rendered":"Coopatrigo vai construir um novo pavilh\u00e3o para abrigar lojas de consumo e veterin\u00e1ria"},"content":{"rendered":"<div id=\"dslc-main\">\n\t\t<div  class=\"dslc-modules-section \" style=\"padding-bottom:30px;padding-top:30px;background-color:#16452c;background-image:url(https:\/\/www.coopatrigo.com.br\/novo\/wp-content\/uploads\/2021\/02\/bg.png);background-position:center center;\" data-section-id=\"74a23622ed4\">\n\t\t\t\t\n\t\t\t\t\n\t\t\t\t<div class=\"dslc-modules-section-wrapper dslc-clearfix\"><div class=\"dslc-modules-area dslc-col dslc-12-col dslc-last-col dslc-valign- \" data-size=\"12\" data-valign=\"\">\n\t\t<div id=\"dslc-module-24\" class=\"dslc-module-front dslc-module-DSLC_TP_Title dslc-in-viewport-check dslc-in-viewport-anim-none  dslc-col dslc-12-col dslc-last-col  dslc-module-handle-like-regular \" data-module-id=\"24\" data-module=\"DSLC_TP_Title\" data-dslc-module-size=\"12\" data-dslc-anim=\"none\" data-dslc-anim-delay=\"\" data-dslc-anim-duration=\"650\"  data-dslc-anim-easing=\"ease\" data-dslc-preset=\"none\" >\n\n\t\t\t\n\t\t\t\n\t\t\r\n\t\t\t\t<div class=\"dslc-tp-title\"><h1>Coopatrigo vai construir um novo pavilh\u00e3o para abrigar lojas de consumo e veterin\u00e1ria<\/h1><\/div>\r\n\r\n\t\t\t\n\t\t\t\t<\/div><!-- .dslc-module -->\n\t\t\n\t\t<div id=\"dslc-module-25\" class=\"dslc-module-front dslc-module-DSLC_TP_Meta dslc-in-viewport-check dslc-in-viewport-anim-none  dslc-col dslc-12-col dslc-last-col  dslc-module-handle-like-regular \" data-module-id=\"25\" data-module=\"DSLC_TP_Meta\" data-dslc-module-size=\"12\" data-dslc-anim=\"none\" data-dslc-anim-delay=\"\" data-dslc-anim-duration=\"650\"  data-dslc-anim-easing=\"ease\" data-dslc-preset=\"none\" >\n\n\t\t\t\n\t\t\t\n\t\t\r\n\t\t\t\t<div class=\"dslc-tp-meta dslc-tp-meta-horizontal\">\r\n\t\t\t\t\t<ul class=\"dslc-clearfix\">\r\n\r\n\t\t\t\t\t\t\t\t\t\t\t\t\t<li>17 de novembro de 2014<\/li>\r\n\t\t\t\t\t\t\r\n\t\t\t\t\t\t\r\n\t\t\t\t\t\t\r\n\t\t\t\t\t\t\r\n\t\t\t\t\t\t\r\n\t\t\t\t\t<\/ul>\r\n\t\t\t\t<\/div>\r\n\r\n\t\t\t\n\t\t\t\t<\/div><!-- .dslc-module -->\n\t\t<\/div><\/div><\/div>\n\t\t<div  class=\"dslc-modules-section \" style=\"padding-bottom:30px;padding-top:30px;background-color:rgba(230, 230, 230, 0);border-color:rgb(230, 230, 230);border-top-style: hidden; border-right-style: hidden; border-bottom-style: hidden; border-left-style: hidden; \" data-section-id=\"2b557989cda\">\n\t\t\t\t\n\t\t\t\t\n\t\t\t\t<div class=\"dslc-modules-section-wrapper dslc-clearfix\"><div class=\"dslc-modules-area dslc-col dslc-1-col dslc-first-col dslc-valign-undefined \" data-size=\"1\" data-valign=\"undefined\"><\/div><div class=\"dslc-modules-area dslc-col dslc-10-col  dslc-valign- \" data-size=\"10\" data-valign=\"\">\n\t\t<div id=\"dslc-module-a7d04abcf7f\" class=\"dslc-module-front dslc-module-DSLC_TP_Thumbnail dslc-in-viewport-check dslc-in-viewport-anim-none  dslc-col dslc-12-col dslc-last-col  dslc-module-handle-like-regular \" data-module-id=\"a7d04abcf7f\" data-module=\"DSLC_TP_Thumbnail\" data-dslc-module-size=\"12\" data-dslc-anim=\"none\" data-dslc-anim-delay=\"\" data-dslc-anim-duration=\"650\"  data-dslc-anim-easing=\"ease\" data-dslc-preset=\"none\" >\n\n\t\t\t\n\t\t\t\n\t\t\n\t\t\t\t<\/div><!-- .dslc-module -->\n\t\t\n\t\t<div id=\"dslc-module-26\" class=\"dslc-module-front dslc-module-DSLC_TP_Content dslc-in-viewport-check dslc-in-viewport-anim-none  dslc-col dslc-12-col dslc-last-col  dslc-module-handle-like-regular \" data-module-id=\"26\" data-module=\"DSLC_TP_Content\" data-dslc-module-size=\"12\" data-dslc-anim=\"none\" data-dslc-anim-delay=\"\" data-dslc-anim-duration=\"650\"  data-dslc-anim-easing=\"ease\" data-dslc-preset=\"none\" >\n\n\t\t\t\n\t\t\t\n\t\t<div class=\"dslc-tp-content\"><div id=\"dslc-theme-content\"><div id=\"dslc-theme-content-inner\"><p>A diretoria da Coopatrigo divulgou na semana passada a decis\u00e3o de construir uma nova \u00e1rea coberta, com a dimens\u00e3o de 2.412 m2, na rua Tupy Caldas, paralelo ao Supermercado da Vila M\u00e1rio.<\/p>\n<p>Essa nova constru\u00e7\u00e3o ser\u00e1 acoplada ao dep\u00f3sito de ra\u00e7\u00f5es que a cooperativa possui no local e vai totalizar uma \u00e1rea de 3.012 m2 que dever\u00e1 abrigar as Lojas de Consumo e Veterin\u00e1ria, que hoje funcionam no pr\u00e9dio do Centro Administrativo.<\/p>\n<p>A not\u00edcia foi confirmada pelo presidente Ivo Batista, ap\u00f3s a reuni\u00e3o do Conselho de Administra\u00e7\u00e3o realizada na quinta-feira, dia 13 de novembro. Segundo o presidente, com esta mudan\u00e7a a Coopatrigo dever\u00e1 ampliar a gama de produtos da loja de consumo, passando a atuar mais fortemente na \u00e1rea de materiais de constru\u00e7\u00e3o e tamb\u00e9m de pneus, passando a ter tamb\u00e9m servi\u00e7os de montagem, geometria e balanceamento. \u201cS\u00e3o duas \u00e1reas que j\u00e1 atuamos de forma modesta pela falta de espa\u00e7o, mas com o novo pr\u00e9dio, poderemos atender a reivindica\u00e7\u00e3o dos nossos associados de ter mais op\u00e7\u00f5es na loja de consumo\u201d, afirmou Ivo Batista.<\/p>\n<p>As obras dever\u00e3o come\u00e7ar ainda este ano e a previs\u00e3o de conclus\u00e3o \u00e9 para o m\u00eas de maio. A partir da mudan\u00e7a da Loja de Consumo e Veterin\u00e1ria, a Coopatrigo dever\u00e1 ceder parte do andar t\u00e9rreo da sua sede administrativa para o Sicredi Uni\u00e3o instalar a sua carteira agr\u00edcola.<\/p>\n<\/div><\/div><\/div>\n\t\t\t\t<\/div><!-- .dslc-module -->\n\t\t<\/div><\/div><\/div><\/div><input type=\"hidden\" id=\"dslca-post-data-thumb\" value=\"\" \/>","protected":false},"excerpt":{"rendered":"<p>Coopatrigo vai construir um novo pavilh\u00e3o para abrigar lojas de consumo e veterin\u00e1ria 17 de novembro de 2014 A diretoria da Coopatrigo divulgou na semana passada a decis\u00e3o de construir uma nova \u00e1rea coberta, com a dimens\u00e3o de 2.412 m2, na rua Tupy Caldas, paralelo ao Supermercado da Vila M\u00e1rio. Essa nova constru\u00e7\u00e3o ser\u00e1 acoplada [&hellip;]<\/p>\n","protected":false},"author":1,"featured_media":1848,"comment_status":"open","ping_status":"open","sticky":false,"template":"","format":"standard","meta":{"_acf_changed":false,"footnotes":""},"categories":[1],"tags":[],"class_list":["post-1847","post","type-post","status-publish","format-standard","has-post-thumbnail","hentry","category-noticias"],"acf":[],"_links":{"self":[{"href":"https:\/\/www.coopatrigo.com.br\/novo\/wp-json\/wp\/v2\/posts\/1847","targetHints":{"allow":["GET"]}}],"collection":[{"href":"https:\/\/www.coopatrigo.com.br\/novo\/wp-json\/wp\/v2\/posts"}],"about":[{"href":"https:\/\/www.coopatrigo.com.br\/novo\/wp-json\/wp\/v2\/types\/post"}],"author":[{"embeddable":true,"href":"https:\/\/www.coopatrigo.com.br\/novo\/wp-json\/wp\/v2\/users\/1"}],"replies":[{"embeddable":true,"href":"https:\/\/www.coopatrigo.com.br\/novo\/wp-json\/wp\/v2\/comments?post=1847"}],"version-history":[{"count":0,"href":"https:\/\/www.coopatrigo.com.br\/novo\/wp-json\/wp\/v2\/posts\/1847\/revisions"}],"wp:featuredmedia":[{"embeddable":true,"href":"https:\/\/www.coopatrigo.com.br\/novo\/wp-json\/"}],"wp:attachment":[{"href":"https:\/\/www.coopatrigo.com.br\/novo\/wp-json\/wp\/v2\/media?parent=1847"}],"wp:term":[{"taxonomy":"category","embeddable":true,"href":"https:\/\/www.coopatrigo.com.br\/novo\/wp-json\/wp\/v2\/categories?post=1847"},{"taxonomy":"post_tag","embeddable":true,"href":"https:\/\/www.coopatrigo.com.br\/novo\/wp-json\/wp\/v2\/tags?post=1847"}],"curies":[{"name":"wp","href":"https:\/\/api.w.org\/{rel}","templated":true}]}}