{"id":1865,"date":"2014-11-26T14:30:46","date_gmt":"2014-11-26T17:30:46","guid":{"rendered":"http:\/\/www.coopatrigo.com.br\/s\/?p=1865"},"modified":"2018-04-15T23:02:29","modified_gmt":"2018-04-16T02:02:29","slug":"final-do-festival-do-cooperativismo-tera-musicas-da-regiao","status":"publish","type":"post","link":"https:\/\/www.coopatrigo.com.br\/novo\/2014\/11\/26\/final-do-festival-do-cooperativismo-tera-musicas-da-regiao\/","title":{"rendered":"Final do Festival do Cooperativismo ter\u00e1 m\u00fasicas da regi\u00e3o"},"content":{"rendered":"<div id=\"dslc-main\">\n\t\t<div  class=\"dslc-modules-section \" style=\"padding-bottom:30px;padding-top:30px;background-color:#16452c;background-image:url(https:\/\/www.coopatrigo.com.br\/novo\/wp-content\/uploads\/2021\/02\/bg.png);background-position:center center;\" data-section-id=\"74a23622ed4\">\n\t\t\t\t\n\t\t\t\t\n\t\t\t\t<div class=\"dslc-modules-section-wrapper dslc-clearfix\"><div class=\"dslc-modules-area dslc-col dslc-12-col dslc-last-col dslc-valign- \" data-size=\"12\" data-valign=\"\">\n\t\t<div id=\"dslc-module-24\" class=\"dslc-module-front dslc-module-DSLC_TP_Title dslc-in-viewport-check dslc-in-viewport-anim-none  dslc-col dslc-12-col dslc-last-col  dslc-module-handle-like-regular \" data-module-id=\"24\" data-module=\"DSLC_TP_Title\" data-dslc-module-size=\"12\" data-dslc-anim=\"none\" data-dslc-anim-delay=\"\" data-dslc-anim-duration=\"650\"  data-dslc-anim-easing=\"ease\" data-dslc-preset=\"none\" >\n\n\t\t\t\n\t\t\t\n\t\t\r\n\t\t\t\t<div class=\"dslc-tp-title\"><h1>Final do Festival do Cooperativismo ter\u00e1 m\u00fasicas da regi\u00e3o<\/h1><\/div>\r\n\r\n\t\t\t\n\t\t\t\t<\/div><!-- .dslc-module -->\n\t\t\n\t\t<div id=\"dslc-module-25\" class=\"dslc-module-front dslc-module-DSLC_TP_Meta dslc-in-viewport-check dslc-in-viewport-anim-none  dslc-col dslc-12-col dslc-last-col  dslc-module-handle-like-regular \" data-module-id=\"25\" data-module=\"DSLC_TP_Meta\" data-dslc-module-size=\"12\" data-dslc-anim=\"none\" data-dslc-anim-delay=\"\" data-dslc-anim-duration=\"650\"  data-dslc-anim-easing=\"ease\" data-dslc-preset=\"none\" >\n\n\t\t\t\n\t\t\t\n\t\t\r\n\t\t\t\t<div class=\"dslc-tp-meta dslc-tp-meta-horizontal\">\r\n\t\t\t\t\t<ul class=\"dslc-clearfix\">\r\n\r\n\t\t\t\t\t\t\t\t\t\t\t\t\t<li>26 de novembro de 2014<\/li>\r\n\t\t\t\t\t\t\r\n\t\t\t\t\t\t\r\n\t\t\t\t\t\t\r\n\t\t\t\t\t\t\r\n\t\t\t\t\t\t\r\n\t\t\t\t\t<\/ul>\r\n\t\t\t\t<\/div>\r\n\r\n\t\t\t\n\t\t\t\t<\/div><!-- .dslc-module -->\n\t\t<\/div><\/div><\/div>\n\t\t<div  class=\"dslc-modules-section \" style=\"padding-bottom:30px;padding-top:30px;background-color:rgba(230, 230, 230, 0);border-color:rgb(230, 230, 230);border-top-style: hidden; border-right-style: hidden; border-bottom-style: hidden; border-left-style: hidden; \" data-section-id=\"2b557989cda\">\n\t\t\t\t\n\t\t\t\t\n\t\t\t\t<div class=\"dslc-modules-section-wrapper dslc-clearfix\"><div class=\"dslc-modules-area dslc-col dslc-1-col dslc-first-col dslc-valign-undefined \" data-size=\"1\" data-valign=\"undefined\"><\/div><div class=\"dslc-modules-area dslc-col dslc-10-col  dslc-valign- \" data-size=\"10\" data-valign=\"\">\n\t\t<div id=\"dslc-module-a7d04abcf7f\" class=\"dslc-module-front dslc-module-DSLC_TP_Thumbnail dslc-in-viewport-check dslc-in-viewport-anim-none  dslc-col dslc-12-col dslc-last-col  dslc-module-handle-like-regular \" data-module-id=\"a7d04abcf7f\" data-module=\"DSLC_TP_Thumbnail\" data-dslc-module-size=\"12\" data-dslc-anim=\"none\" data-dslc-anim-delay=\"\" data-dslc-anim-duration=\"650\"  data-dslc-anim-easing=\"ease\" data-dslc-preset=\"none\" >\n\n\t\t\t\n\t\t\t\n\t\t\n\t\t\t\t<\/div><!-- .dslc-module -->\n\t\t\n\t\t<div id=\"dslc-module-26\" class=\"dslc-module-front dslc-module-DSLC_TP_Content dslc-in-viewport-check dslc-in-viewport-anim-none  dslc-col dslc-12-col dslc-last-col  dslc-module-handle-like-regular \" data-module-id=\"26\" data-module=\"DSLC_TP_Content\" data-dslc-module-size=\"12\" data-dslc-anim=\"none\" data-dslc-anim-delay=\"\" data-dslc-anim-duration=\"650\"  data-dslc-anim-easing=\"ease\" data-dslc-preset=\"none\" >\n\n\t\t\t\n\t\t\t\n\t\t<div class=\"dslc-tp-content\"><div id=\"dslc-theme-content\"><div id=\"dslc-theme-content-inner\"><p>Acontece nesta sexta-feira dia 28 de novembro, \u00e0s 20h30, no Centro Esportivo Municipal Leomar Barea \u00a0na cidade de Ibiraiaras a etapa final do 8\u00b0 Festival O Rio Grande Canta o Cooperativismo, promovido pelo Sescoop\/RS.<\/p>\n<p>A regi\u00e3o missioneira que \u00e9 rica em talentos musicais conseguiu classificar duas can\u00e7\u00f5es para esta final, sendo que uma delas: \u201cQuem me Representa\u201d, est\u00e1 inscrita em nome da Coopatrigo, e \u00e9 uma obra do associado Binho Pires. J\u00e1 a outra can\u00e7\u00e3o \u00e9 \u201cSolu\u00e7\u00e3o Inteligente\u201d e foi inscrita pelos compositores Jo\u00e3o Antunes, Lauro Mattos e Jo\u00e3o Ribeiro.<\/p>\n<p>Nas duas primeiras etapas, realizadas nos dia 17 de outubro e 7 de novembro, nas cidades de Augusto Pestana e Bag\u00e9, respectivamente, o Festival reuniu cerca de 2,3 mil pessoas. Na etapa final, o show de encerramento fica por conta da dupla C\u00e9sar Oliveira e Rog\u00e9rio Melo.<\/p>\n<p>Estas s\u00e3o as doze composi\u00e7\u00f5es que v\u00e3o participar da final do festival:<\/p>\n<p><strong>1<sup>a<\/sup><\/strong><b>\u00a0<\/b><strong>M\u00fasica: SOLU\u00c7\u00c3O INTELIGENTE<\/strong><\/p>\n<p>Ritmo:vanera<br \/>\nLetra: Jo\u00e3o Antunes, Lauro Mattos e Jo\u00e3o Ribeiro<br \/>\nM\u00fasica: M\u00e1rio Seffrin<br \/>\nRepresentando a Cooperativa: Sicredi Uni\u00e3o RS da cidade de Bossoroca<br \/>\nInt\u00e9rprete: Eduardo Mayc\u00e1<\/p>\n<p><strong>\u00a0<\/strong><\/p>\n<p><strong>2<sup>a<\/sup><\/strong><b>\u00a0<\/b><strong>M\u00fasica: NOS RUMOS DA EDUCA\u00c7\u00c3O<\/strong><\/p>\n<p>Ritmo: milonga<br \/>\nLetra: Carlos Roberto Hahn<br \/>\nM\u00fasica: Volmir Coelho<br \/>\nRepresentando a Cooperativa: Sicredi Nordeste RS da cidade de Rolante<br \/>\nInt\u00e9rprete: Leonardo Charrua<\/p>\n<p><strong>\u00a0<\/strong><\/p>\n<p><strong>3<sup>a<\/sup><\/strong><b>\u00a0<\/b><strong>M\u00fasica: SOBRE GIZ E QUADRO NEGRO<\/strong><\/p>\n<p>Ritmo: can\u00e7\u00e3o<br \/>\nLetra: Carlos Omar Villela Gomes<br \/>\nM\u00fasica: Piero Ereno<br \/>\nRepresentando a Cooperativa: Sicredi Vale do Jaguari da cidade de Santiago<br \/>\nInt\u00e9rprete: Jean Kirchoff<\/p>\n<p><strong>4<sup>a<\/sup><\/strong><b>\u00a0<\/b><strong>M\u00fasica: CANTO COOPERATIVO<\/strong><\/p>\n<p>Ritmo: can\u00e7\u00e3o<br \/>\nLetra e M\u00fasica: Flaubiano Lima<br \/>\nRepresentando a Cooperativa: Sicredi Nordeste RS da cidade de Rolante<br \/>\nInt\u00e9rprete: L\u00fa Schiavo<\/p>\n<p><strong>5<sup>a<\/sup><\/strong><b>\u00a0<\/b><strong>M\u00fasica: O LEGADO DOS AV\u00d3S<\/strong><\/p>\n<p>Ritmo: chamarra<br \/>\nLetra: Mauro Nardes e M\u00e1rio Amaral<br \/>\nM\u00fasica: Vlademir \u201dXuxu\u201d Nunes<br \/>\nRepresentando a Cooperativa: Sicredi Uni\u00e3o RS da cidade de Entre-Ijuis<br \/>\nInt\u00e9rpretes: Cristiano Fantinel e Nenito Sarturi<\/p>\n<p><strong>6<sup>a<\/sup><\/strong><b>\u00a0<\/b><strong>M\u00fasica: LUMES DA COOPERA\u00c7\u00c3O<\/strong><\/p>\n<p>Ritmo: can\u00e7\u00e3o<br \/>\nLetra: Caine Teixeira Garcia<br \/>\nM\u00fasica: Jean Kirchoff<br \/>\nRepresentando a Cooperativa: Sicredi Fronteira Sul da cidade de Bag\u00e9<br \/>\nInt\u00e9rprete: Grupo Bah Q\u2019tri<\/p>\n<p><strong>7<sup>a<\/sup><\/strong><b>\u00a0<\/b><strong>M\u00fasica: SONHO, COM FACE DE PA\u00cdS<\/strong><\/p>\n<p>Ritmo: can\u00e7\u00e3o<br \/>\nLetra e M\u00fasica: R\u00f4mulo Chaves<br \/>\nRepresentando a Cooperativa: Sicredi Grande Palmeira da cidade de Palmeira das Miss\u00f5es<br \/>\nInt\u00e9rprete: Maria Helena Anversa<\/p>\n<p><strong>8<sup>a<\/sup><\/strong><b>\u00a0<\/b><strong>M\u00fasica: TR\u00caS PESCADORES E UM SONHO<\/strong><\/p>\n<p>Ritmo: praieiro<br \/>\nLetra: Caio Martinez<br \/>\nM\u00fasica: Adriano Sperandir e Cristian Sperandir<br \/>\nRepresentando a Cooperativa: Sicredi Nordeste RS da cidade de Os\u00f3rio<br \/>\nInt\u00e9rpretes: Adriana Sperandir e Caio Martinez<\/p>\n<p><strong>9<sup>a<\/sup><\/strong><b>\u00a0<\/b><strong>M\u00fasica: QUEM ME REPRESENTA<\/strong><\/p>\n<p>Ritmo: milonga<br \/>\nLetra: Binho Pires<br \/>\nM\u00fasica: \u00c9rlon P\u00e9ricles<br \/>\nRepresentando as Cooperativas: Coopatrigo da cidade de S\u00e3o Luiz Gonzaga e Sicredi Uni\u00e3o Metropolitana RS da cidade de Porto Alegre<br \/>\nInt\u00e9rprete: Ita Cunha<\/p>\n<p><strong>10<sup>a<\/sup><\/strong><b>\u00a0<\/b><strong>M\u00fasica: O BEM MAIOR<\/strong><\/p>\n<p>Ritmo: balada<br \/>\nLetra: Caine Teixeira Garcia<br \/>\nM\u00fasica: Nilton J\u00fanior da Silveira<br \/>\nRepresentando a Cooperativa: Sicredi Fronteira Sul da cidade de Bag\u00e9<br \/>\nInt\u00e9rprete: Chico Saratt<\/p>\n<p><strong>11<sup>a<\/sup><\/strong><b>\u00a0<\/b><strong>M\u00fasica: O ANDANTE E SUA ESTRADA<\/strong><\/p>\n<p>Ritmo: can\u00e7\u00e3o<br \/>\nLetra: Juca Moraes<br \/>\nM\u00fasica: Jo\u00e3o Bosco Ayala<br \/>\nRepresentando a Cooperativa: Sicredi Centro Leste RS da cidade de Gua\u00edba<br \/>\nInt\u00e9rprete: Grupo Mas Bah<\/p>\n<p><strong>12<sup>a<\/sup><\/strong><b>\u00a0<\/b><strong>M\u00fasica: POR UM MUNDO MELHOR<\/strong><\/p>\n<p>Ritmo: chamam\u00e9<br \/>\nLetra: Flaubiano Lima e Piero Ereno<br \/>\nM\u00fasica: Piero Ereno<br \/>\nRepresentando a Cooperativa: Sicredi Nordeste RS da cidade de Rolante<br \/>\nInt\u00e9rprete: Jorge Freitas<\/p>\n<p>&nbsp;<\/p>\n<\/div><\/div><\/div>\n\t\t\t\t<\/div><!-- .dslc-module -->\n\t\t<\/div><\/div><\/div><\/div><input type=\"hidden\" id=\"dslca-post-data-thumb\" value=\"\" \/>","protected":false},"excerpt":{"rendered":"<p>Final do Festival do Cooperativismo ter\u00e1 m\u00fasicas da regi\u00e3o 26 de novembro de 2014 Acontece nesta sexta-feira dia 28 de novembro, \u00e0s 20h30, no Centro Esportivo Municipal Leomar Barea \u00a0na cidade de Ibiraiaras a etapa final do 8\u00b0 Festival O Rio Grande Canta o Cooperativismo, promovido pelo Sescoop\/RS. A regi\u00e3o missioneira que \u00e9 rica em [&hellip;]<\/p>\n","protected":false},"author":1,"featured_media":1866,"comment_status":"open","ping_status":"open","sticky":false,"template":"","format":"standard","meta":{"_acf_changed":false,"footnotes":""},"categories":[1],"tags":[],"class_list":["post-1865","post","type-post","status-publish","format-standard","has-post-thumbnail","hentry","category-noticias"],"acf":[],"_links":{"self":[{"href":"https:\/\/www.coopatrigo.com.br\/novo\/wp-json\/wp\/v2\/posts\/1865","targetHints":{"allow":["GET"]}}],"collection":[{"href":"https:\/\/www.coopatrigo.com.br\/novo\/wp-json\/wp\/v2\/posts"}],"about":[{"href":"https:\/\/www.coopatrigo.com.br\/novo\/wp-json\/wp\/v2\/types\/post"}],"author":[{"embeddable":true,"href":"https:\/\/www.coopatrigo.com.br\/novo\/wp-json\/wp\/v2\/users\/1"}],"replies":[{"embeddable":true,"href":"https:\/\/www.coopatrigo.com.br\/novo\/wp-json\/wp\/v2\/comments?post=1865"}],"version-history":[{"count":0,"href":"https:\/\/www.coopatrigo.com.br\/novo\/wp-json\/wp\/v2\/posts\/1865\/revisions"}],"wp:featuredmedia":[{"embeddable":true,"href":"https:\/\/www.coopatrigo.com.br\/novo\/wp-json\/"}],"wp:attachment":[{"href":"https:\/\/www.coopatrigo.com.br\/novo\/wp-json\/wp\/v2\/media?parent=1865"}],"wp:term":[{"taxonomy":"category","embeddable":true,"href":"https:\/\/www.coopatrigo.com.br\/novo\/wp-json\/wp\/v2\/categories?post=1865"},{"taxonomy":"post_tag","embeddable":true,"href":"https:\/\/www.coopatrigo.com.br\/novo\/wp-json\/wp\/v2\/tags?post=1865"}],"curies":[{"name":"wp","href":"https:\/\/api.w.org\/{rel}","templated":true}]}}