{"id":1870,"date":"2014-12-01T15:08:20","date_gmt":"2014-12-01T18:08:20","guid":{"rendered":"http:\/\/www.coopatrigo.com.br\/s\/?p=1870"},"modified":"2018-04-15T23:02:29","modified_gmt":"2018-04-16T02:02:29","slug":"presidente-da-coopatrigo-participa-de-seminario-em-porto-alegre","status":"publish","type":"post","link":"https:\/\/www.coopatrigo.com.br\/novo\/2014\/12\/01\/presidente-da-coopatrigo-participa-de-seminario-em-porto-alegre\/","title":{"rendered":"Presidente da Coopatrigo participa de semin\u00e1rio em Porto Alegre"},"content":{"rendered":"<div id=\"dslc-main\">\n\t\t<div  class=\"dslc-modules-section \" style=\"padding-bottom:30px;padding-top:30px;background-color:#16452c;background-image:url(https:\/\/www.coopatrigo.com.br\/novo\/wp-content\/uploads\/2021\/02\/bg.png);background-position:center center;\" data-section-id=\"74a23622ed4\">\n\t\t\t\t\n\t\t\t\t\n\t\t\t\t<div class=\"dslc-modules-section-wrapper dslc-clearfix\"><div class=\"dslc-modules-area dslc-col dslc-12-col dslc-last-col dslc-valign- \" data-size=\"12\" data-valign=\"\">\n\t\t<div id=\"dslc-module-24\" class=\"dslc-module-front dslc-module-DSLC_TP_Title dslc-in-viewport-check dslc-in-viewport-anim-none  dslc-col dslc-12-col dslc-last-col  dslc-module-handle-like-regular \" data-module-id=\"24\" data-module=\"DSLC_TP_Title\" data-dslc-module-size=\"12\" data-dslc-anim=\"none\" data-dslc-anim-delay=\"\" data-dslc-anim-duration=\"650\"  data-dslc-anim-easing=\"ease\" data-dslc-preset=\"none\" >\n\n\t\t\t\n\t\t\t\n\t\t\r\n\t\t\t\t<div class=\"dslc-tp-title\"><h1>Presidente da Coopatrigo participa de semin\u00e1rio em Porto Alegre<\/h1><\/div>\r\n\r\n\t\t\t\n\t\t\t\t<\/div><!-- .dslc-module -->\n\t\t\n\t\t<div id=\"dslc-module-25\" class=\"dslc-module-front dslc-module-DSLC_TP_Meta dslc-in-viewport-check dslc-in-viewport-anim-none  dslc-col dslc-12-col dslc-last-col  dslc-module-handle-like-regular \" data-module-id=\"25\" data-module=\"DSLC_TP_Meta\" data-dslc-module-size=\"12\" data-dslc-anim=\"none\" data-dslc-anim-delay=\"\" data-dslc-anim-duration=\"650\"  data-dslc-anim-easing=\"ease\" data-dslc-preset=\"none\" >\n\n\t\t\t\n\t\t\t\n\t\t\r\n\t\t\t\t<div class=\"dslc-tp-meta dslc-tp-meta-horizontal\">\r\n\t\t\t\t\t<ul class=\"dslc-clearfix\">\r\n\r\n\t\t\t\t\t\t\t\t\t\t\t\t\t<li>1 de dezembro de 2014<\/li>\r\n\t\t\t\t\t\t\r\n\t\t\t\t\t\t\r\n\t\t\t\t\t\t\r\n\t\t\t\t\t\t\r\n\t\t\t\t\t\t\r\n\t\t\t\t\t<\/ul>\r\n\t\t\t\t<\/div>\r\n\r\n\t\t\t\n\t\t\t\t<\/div><!-- .dslc-module -->\n\t\t<\/div><\/div><\/div>\n\t\t<div  class=\"dslc-modules-section \" style=\"padding-bottom:30px;padding-top:30px;background-color:rgba(230, 230, 230, 0);border-color:rgb(230, 230, 230);border-top-style: hidden; border-right-style: hidden; border-bottom-style: hidden; border-left-style: hidden; \" data-section-id=\"2b557989cda\">\n\t\t\t\t\n\t\t\t\t\n\t\t\t\t<div class=\"dslc-modules-section-wrapper dslc-clearfix\"><div class=\"dslc-modules-area dslc-col dslc-1-col dslc-first-col dslc-valign-undefined \" data-size=\"1\" data-valign=\"undefined\"><\/div><div class=\"dslc-modules-area dslc-col dslc-10-col  dslc-valign- \" data-size=\"10\" data-valign=\"\">\n\t\t<div id=\"dslc-module-a7d04abcf7f\" class=\"dslc-module-front dslc-module-DSLC_TP_Thumbnail dslc-in-viewport-check dslc-in-viewport-anim-none  dslc-col dslc-12-col dslc-last-col  dslc-module-handle-like-regular \" data-module-id=\"a7d04abcf7f\" data-module=\"DSLC_TP_Thumbnail\" data-dslc-module-size=\"12\" data-dslc-anim=\"none\" data-dslc-anim-delay=\"\" data-dslc-anim-duration=\"650\"  data-dslc-anim-easing=\"ease\" data-dslc-preset=\"none\" >\n\n\t\t\t\n\t\t\t\n\t\t\n\t\t\t\t<\/div><!-- .dslc-module -->\n\t\t\n\t\t<div id=\"dslc-module-26\" class=\"dslc-module-front dslc-module-DSLC_TP_Content dslc-in-viewport-check dslc-in-viewport-anim-none  dslc-col dslc-12-col dslc-last-col  dslc-module-handle-like-regular \" data-module-id=\"26\" data-module=\"DSLC_TP_Content\" data-dslc-module-size=\"12\" data-dslc-anim=\"none\" data-dslc-anim-delay=\"\" data-dslc-anim-duration=\"650\"  data-dslc-anim-easing=\"ease\" data-dslc-preset=\"none\" >\n\n\t\t\t\n\t\t\t\n\t\t<div class=\"dslc-tp-content\"><div id=\"dslc-theme-content\"><div id=\"dslc-theme-content-inner\"><p>Aconteceu nos dias 27 e 28 de novembro na capital do estado o Semin\u00e1rio Gest\u00e3o Estrat\u00e9gica para o futuro das Cooperativas Agropecu\u00e1rias do Rio Grande do Sul, evento este que contou com a presen\u00e7a do presidente da Coopatrigo, Ivo Batista acompanho do Assessor de Comunica\u00e7\u00e3o Roberto Marques.<\/p>\n<p>No primeiro dia do evento o enfoque foi mais direcionado aos dirigentes das cooperativas agropecu\u00e1rias inicialmente com uma palestra como o Professor Eug\u00eanio Mussak da USP e Funda\u00e7\u00e3o Dom Cabral abordando estrat\u00e9gias de integra\u00e7\u00e3o para neg\u00f3cios cooperativos. Na sequ\u00eancia o presidente da Fecoagro Paulo Pires apresentou as a\u00e7\u00f5es estrat\u00e9gicas para cooperativas agropecu\u00e1rias, juntamente com o ranking de desempenho do setor em 2013 e tamb\u00e9m foi debatido o custo de produ\u00e7\u00e3o com o superintendente da Fecoagro, Tarciso Minetto.<\/p>\n<p>Na sexta-feira o encontro foi mais abrangente, com a presen\u00e7a de representantes do setor cooperativo da Alemanha e da Argentina, que vieram debater o assunto proposto e trazer a experi\u00eancia destes dois pa\u00edses, num interc\u00e2mbio de informa\u00e7\u00f5es. Ao longo do dia foram debatidos atrav\u00e9s de pain\u00e9is os seguintes assuntos: Fideliza\u00e7\u00e3o do quadro social, com depoimento do presidente da Cooperativa Agr\u00e1ria do Paran\u00e1, Jorge Karl, a representante da Sociedade Cooperativa Argentina, Julia Hullmann e o representante da Confedera\u00e7\u00e3o Alem\u00e3 das Cooperativas, Arno Boeger; em sequ\u00eancia ocorreu o painel Cen\u00e1rio atual da difus\u00e3o de tecnologias para cooperativas, com a participa\u00e7\u00e3o do superintendente comercial da Cotrijal, Jairo Marcos Kohlrausch e tamb\u00e9m os representantes argentinos e alem\u00e3es.<\/p>\n<p>Encerrando o semin\u00e1rio foram apresentados mais dois pain\u00e9is que foram gest\u00e3o estrat\u00e9gica de custos a cargo do presidente da Coagrisol Gelso M\u00e2nica e o gerente comercial da Redeagro, Audi Boff e com a participa\u00e7\u00e3o do professor da Unisinos Jos\u00e9 Ant\u00f4nio Valle Antunes; e tamb\u00e9m o painel auditoria e controles internos a cargo do presidente da Cotrisal, Walter Vontobel e o supervisor de custos e auditoria da Cooperativa Santa Clara, Lairton Kaefer.<\/p>\n<p>O presidente do Sistema Ocergs-Sescoop\/RS, Vergilio Perius disse que eventos como este s\u00e3o fundamentais pela import\u00e2ncia das cooperativas do Ramo Agropecu\u00e1rio no cen\u00e1rio cooperativista ga\u00facho. Salientou tamb\u00e9m a atua\u00e7\u00e3o da Ocergs junto a equipe de transi\u00e7\u00e3o do governo estadual, onde alguns temas ser\u00e3o tratados a partir da pr\u00f3xima semana em defesa das cooperativas agropecu\u00e1rias, entre eles temas como o Aprendiz Cooperativo no Campo, a quest\u00e3o log\u00edstica e a melhoria na energia el\u00e9trica nas propriedades rurais, com a implementa\u00e7\u00e3o de redes trif\u00e1sicas.<\/p>\n<p>O presidente da Fecoagro e diretor-secret\u00e1rio da Ocergs, Paulo Pires lembrou da representatividade do p\u00fablico do evento, em sua maior parte de dirigentes de cooperativas agropecu\u00e1rias e da import\u00e2ncia desse trabalho para o fortalecimento do setor. Disse que a Fecoagro trabalha constantemente para auxiliar na boa gest\u00e3o das cooperativas filiadas e oferecer instrumentos de capacita\u00e7\u00e3o para essas melhorias constantes.<\/p>\n<p>O presidente da Coopatrigo Ivo Batista parabenizou os organizados pela realiza\u00e7\u00e3o deste semin\u00e1rio, que al\u00e9m das informa\u00e7\u00f5es transmitidas proporcionou a troca de experi\u00eancias entre dirigente cooperativista, bem como o interc\u00e2mbio com outros pa\u00edses como Argentina e Alemanha.<\/p>\n<\/div><\/div><\/div>\n\t\t\t\t<\/div><!-- .dslc-module -->\n\t\t<\/div><\/div><\/div><\/div><input type=\"hidden\" id=\"dslca-post-data-thumb\" value=\"\" \/>","protected":false},"excerpt":{"rendered":"<p>Presidente da Coopatrigo participa de semin\u00e1rio em Porto Alegre 1 de dezembro de 2014 Aconteceu nos dias 27 e 28 de novembro na capital do estado o Semin\u00e1rio Gest\u00e3o Estrat\u00e9gica para o futuro das Cooperativas Agropecu\u00e1rias do Rio Grande do Sul, evento este que contou com a presen\u00e7a do presidente da Coopatrigo, Ivo Batista acompanho [&hellip;]<\/p>\n","protected":false},"author":1,"featured_media":1878,"comment_status":"open","ping_status":"open","sticky":false,"template":"","format":"standard","meta":{"_acf_changed":false,"footnotes":""},"categories":[1],"tags":[],"class_list":["post-1870","post","type-post","status-publish","format-standard","has-post-thumbnail","hentry","category-noticias"],"acf":[],"_links":{"self":[{"href":"https:\/\/www.coopatrigo.com.br\/novo\/wp-json\/wp\/v2\/posts\/1870","targetHints":{"allow":["GET"]}}],"collection":[{"href":"https:\/\/www.coopatrigo.com.br\/novo\/wp-json\/wp\/v2\/posts"}],"about":[{"href":"https:\/\/www.coopatrigo.com.br\/novo\/wp-json\/wp\/v2\/types\/post"}],"author":[{"embeddable":true,"href":"https:\/\/www.coopatrigo.com.br\/novo\/wp-json\/wp\/v2\/users\/1"}],"replies":[{"embeddable":true,"href":"https:\/\/www.coopatrigo.com.br\/novo\/wp-json\/wp\/v2\/comments?post=1870"}],"version-history":[{"count":0,"href":"https:\/\/www.coopatrigo.com.br\/novo\/wp-json\/wp\/v2\/posts\/1870\/revisions"}],"wp:featuredmedia":[{"embeddable":true,"href":"https:\/\/www.coopatrigo.com.br\/novo\/wp-json\/"}],"wp:attachment":[{"href":"https:\/\/www.coopatrigo.com.br\/novo\/wp-json\/wp\/v2\/media?parent=1870"}],"wp:term":[{"taxonomy":"category","embeddable":true,"href":"https:\/\/www.coopatrigo.com.br\/novo\/wp-json\/wp\/v2\/categories?post=1870"},{"taxonomy":"post_tag","embeddable":true,"href":"https:\/\/www.coopatrigo.com.br\/novo\/wp-json\/wp\/v2\/tags?post=1870"}],"curies":[{"name":"wp","href":"https:\/\/api.w.org\/{rel}","templated":true}]}}