{"id":1880,"date":"2014-12-02T14:40:27","date_gmt":"2014-12-02T17:40:27","guid":{"rendered":"http:\/\/www.coopatrigo.com.br\/s\/?p=1880"},"modified":"2018-04-15T23:02:29","modified_gmt":"2018-04-16T02:02:29","slug":"lei-do-emplacamento-de-veiculos-rurais-comeca-a-valer-a-partir-de-janeiro-de-2015","status":"publish","type":"post","link":"https:\/\/www.coopatrigo.com.br\/novo\/2014\/12\/02\/lei-do-emplacamento-de-veiculos-rurais-comeca-a-valer-a-partir-de-janeiro-de-2015\/","title":{"rendered":"Lei do Emplacamento de Ve\u00edculos Rurais come\u00e7a a valer a partir de janeiro de 2015"},"content":{"rendered":"<div id=\"dslc-main\">\n\t\t<div  class=\"dslc-modules-section \" style=\"padding-bottom:30px;padding-top:30px;background-color:#16452c;background-image:url(https:\/\/www.coopatrigo.com.br\/novo\/wp-content\/uploads\/2021\/02\/bg.png);background-position:center center;\" data-section-id=\"74a23622ed4\">\n\t\t\t\t\n\t\t\t\t\n\t\t\t\t<div class=\"dslc-modules-section-wrapper dslc-clearfix\"><div class=\"dslc-modules-area dslc-col dslc-12-col dslc-last-col dslc-valign- \" data-size=\"12\" data-valign=\"\">\n\t\t<div id=\"dslc-module-24\" class=\"dslc-module-front dslc-module-DSLC_TP_Title dslc-in-viewport-check dslc-in-viewport-anim-none  dslc-col dslc-12-col dslc-last-col  dslc-module-handle-like-regular \" data-module-id=\"24\" data-module=\"DSLC_TP_Title\" data-dslc-module-size=\"12\" data-dslc-anim=\"none\" data-dslc-anim-delay=\"\" data-dslc-anim-duration=\"650\"  data-dslc-anim-easing=\"ease\" data-dslc-preset=\"none\" >\n\n\t\t\t\n\t\t\t\n\t\t\r\n\t\t\t\t<div class=\"dslc-tp-title\"><h1>Lei do Emplacamento de Ve\u00edculos Rurais come\u00e7a a valer a partir de janeiro de 2015<\/h1><\/div>\r\n\r\n\t\t\t\n\t\t\t\t<\/div><!-- .dslc-module -->\n\t\t\n\t\t<div id=\"dslc-module-25\" class=\"dslc-module-front dslc-module-DSLC_TP_Meta dslc-in-viewport-check dslc-in-viewport-anim-none  dslc-col dslc-12-col dslc-last-col  dslc-module-handle-like-regular \" data-module-id=\"25\" data-module=\"DSLC_TP_Meta\" data-dslc-module-size=\"12\" data-dslc-anim=\"none\" data-dslc-anim-delay=\"\" data-dslc-anim-duration=\"650\"  data-dslc-anim-easing=\"ease\" data-dslc-preset=\"none\" >\n\n\t\t\t\n\t\t\t\n\t\t\r\n\t\t\t\t<div class=\"dslc-tp-meta dslc-tp-meta-horizontal\">\r\n\t\t\t\t\t<ul class=\"dslc-clearfix\">\r\n\r\n\t\t\t\t\t\t\t\t\t\t\t\t\t<li>2 de dezembro de 2014<\/li>\r\n\t\t\t\t\t\t\r\n\t\t\t\t\t\t\r\n\t\t\t\t\t\t\r\n\t\t\t\t\t\t\r\n\t\t\t\t\t\t\r\n\t\t\t\t\t<\/ul>\r\n\t\t\t\t<\/div>\r\n\r\n\t\t\t\n\t\t\t\t<\/div><!-- .dslc-module -->\n\t\t<\/div><\/div><\/div>\n\t\t<div  class=\"dslc-modules-section \" style=\"padding-bottom:30px;padding-top:30px;background-color:rgba(230, 230, 230, 0);border-color:rgb(230, 230, 230);border-top-style: hidden; border-right-style: hidden; border-bottom-style: hidden; border-left-style: hidden; \" data-section-id=\"2b557989cda\">\n\t\t\t\t\n\t\t\t\t\n\t\t\t\t<div class=\"dslc-modules-section-wrapper dslc-clearfix\"><div class=\"dslc-modules-area dslc-col dslc-1-col dslc-first-col dslc-valign-undefined \" data-size=\"1\" data-valign=\"undefined\"><\/div><div class=\"dslc-modules-area dslc-col dslc-10-col  dslc-valign- \" data-size=\"10\" data-valign=\"\">\n\t\t<div id=\"dslc-module-a7d04abcf7f\" class=\"dslc-module-front dslc-module-DSLC_TP_Thumbnail dslc-in-viewport-check dslc-in-viewport-anim-none  dslc-col dslc-12-col dslc-last-col  dslc-module-handle-like-regular \" data-module-id=\"a7d04abcf7f\" data-module=\"DSLC_TP_Thumbnail\" data-dslc-module-size=\"12\" data-dslc-anim=\"none\" data-dslc-anim-delay=\"\" data-dslc-anim-duration=\"650\"  data-dslc-anim-easing=\"ease\" data-dslc-preset=\"none\" >\n\n\t\t\t\n\t\t\t\n\t\t\n\t\t\t\t<\/div><!-- .dslc-module -->\n\t\t\n\t\t<div id=\"dslc-module-26\" class=\"dslc-module-front dslc-module-DSLC_TP_Content dslc-in-viewport-check dslc-in-viewport-anim-none  dslc-col dslc-12-col dslc-last-col  dslc-module-handle-like-regular \" data-module-id=\"26\" data-module=\"DSLC_TP_Content\" data-dslc-module-size=\"12\" data-dslc-anim=\"none\" data-dslc-anim-delay=\"\" data-dslc-anim-duration=\"650\"  data-dslc-anim-easing=\"ease\" data-dslc-preset=\"none\" >\n\n\t\t\t\n\t\t\t\n\t\t<div class=\"dslc-tp-content\"><div id=\"dslc-theme-content\"><div id=\"dslc-theme-content-inner\"><p>Com a aprova\u00e7\u00e3o da lei de emplacamento de ve\u00edculos rurais na ter\u00e7a-feira da semana passada (26) &#8211; com a aprova\u00e7\u00e3o em bloco de 38 vetos presidencias no Congresso Nacional &#8211; todos os tratores e m\u00e1quinas agr\u00edcolas que trafegam por vias p\u00fablicas dever\u00e3o ser emplacados. A norma come\u00e7a a valer a partir de janeiro de 2015 e a decis\u00e3o j\u00e1 foi divulgada no Di\u00e1rio Oficial da Uni\u00e3o da \u00faltima quarta-feira (26). A medida vale para ve\u00edculos fabricados a partir de agosto de 2014, os que datam anteriores a esse per\u00edodo est\u00e3o liberados do emplacamento.<\/p>\n<p>Segundo informa\u00e7\u00f5es apuradas pelo Globo Rural, os governos estaduais ser\u00e3o os respons\u00e1veis pela documenta\u00e7\u00e3o e pela cobran\u00e7a das taxas e, aos tratoristas, ser\u00e1 exigida a Carteira Nacional de Habilita\u00e7\u00e3o categoria B.<\/p>\n<p>A Frente Parlamentar da Agropecu\u00e1ria j\u00e1 trabalha para tentar reverter a situa\u00e7\u00e3o j\u00e1 que a lei foi recebida com indigna\u00e7\u00e3o pelos produtores rurais. A medida deve elevar os custos dos agricultores e muitos esclarecimentos ainda s\u00e3o cobrados pelo setor. Segundo explicou o deputado federal Alceu Moreira (PMDB-RS), autor do projeto que acabava com o licenciamento, emplacamento e o IPVA para m\u00e1quinas agr\u00edcolas, com o voto dos vetos em bloco, n\u00e3o houve tempo para uma defesa adequada da mat\u00e9ria.<\/p>\n<p>&#8220;Se n\u00f3s tivessemos tido condi\u00e7\u00f5es de fazer a defesa n\u00f3s votar\u00edamos com clareza que m\u00e1quina agr\u00edcola nada tem a ver com ve\u00edculo de transporte ou passeio, \u00e9 um equ\u00edvoco colocar isso, \u00e9 um custo que o produtor n\u00e3o pode suportar (&#8230;) Vieram 38 vetos, abriram a vota\u00e7\u00e3o antes da defesa do primeiro e como o nosso era o 16\u00ba, todos j\u00e1 tinham votados e o veto foi mantido&#8221;, explica o deputado.<\/p>\n<p>Ainda segundo explica Moreira, uma das alternativas para tentar mudar a situa\u00e7\u00e3o \u00e9 a de um senador colocar em uma Medida Provis\u00f3ria que tenha a ver com agricultura esse texto do emplacamento de m\u00e1quinas agr\u00edcolas e, combinado com o governo, ele n\u00e3o veta. E essa \u00e9 a tentativa que est\u00e1 sendo feita pelo senador Blairo Maggi (PR\/MT).<\/p>\n<p>Outra \u00e9 a constitui\u00e7\u00e3o de um Decreto Legislativo que torna sem efeito a resolu\u00e7\u00e3o do Detran. &#8220;A resolu\u00e7\u00e3o foi uma decis\u00e3o do Conselho Nacional de Tr\u00e2nsito que pode ser derrubada j\u00e1 que \u00e9 uma medida administrativa&#8221;. H\u00e1 ainda a possibilidade de no in\u00edcio de uma nova legislatura, no in\u00edcio do ano que vem, o deputado apresentar o mesmo projeto de lei e ele ser aprovado de novo. &#8220;Mas qualquer uma dessas que n\u00e3o seja colocar na MP pode demorar levar um ano para resolver e, enquanto isso, nossos produtores estar\u00e3o com problemas&#8221;, completa o parlamentar.<\/p>\n<p>&#8220;Estamos trabalhando com um tema que, al\u00e9m do conte\u00fado pr\u00f3prio e do que gera de preju\u00edzos, mostra com clareza o descompromisso do governo com a classe produtora de alimentos&#8221;, diz Alceu Moreira, refletindo a indigna\u00e7\u00e3o dos produtores ao receber a decis\u00e3o que partiu do Congresso na \u00faltima semana.<\/p>\n<p>Atualmente, o Brasil possui cerca de 80 mil m\u00e1quinas agr\u00edcolas em opera\u00e7\u00e3o e, anualmente, ainda vende de 10 a 12 mil unidades, de acordo com o deputado. Com 3% de IPVA sobre o valor dos ve\u00edculos e mais o valor do emplacamento &#8211; que deve custar ao produtor rural de R$ 1.000,00 a R$ 5.000,00 por ve\u00edculo &#8211; a arrecada\u00e7\u00e3o de volumes aos cofres p\u00fablicos sobe significativamente. Fa\u00e7a as contas!<\/p>\n<p>Fonte: Not\u00edcias Agr\u00edcolas<\/p>\n<\/div><\/div><\/div>\n\t\t\t\t<\/div><!-- .dslc-module -->\n\t\t<\/div><\/div><\/div><\/div><input type=\"hidden\" id=\"dslca-post-data-thumb\" value=\"\" \/>","protected":false},"excerpt":{"rendered":"<p>Lei do Emplacamento de Ve\u00edculos Rurais come\u00e7a a valer a partir de janeiro de 2015 2 de dezembro de 2014 Com a aprova\u00e7\u00e3o da lei de emplacamento de ve\u00edculos rurais na ter\u00e7a-feira da semana passada (26) &#8211; com a aprova\u00e7\u00e3o em bloco de 38 vetos presidencias no Congresso Nacional &#8211; todos os tratores e m\u00e1quinas [&hellip;]<\/p>\n","protected":false},"author":1,"featured_media":1881,"comment_status":"open","ping_status":"open","sticky":false,"template":"","format":"standard","meta":{"_acf_changed":false,"footnotes":""},"categories":[1],"tags":[],"class_list":["post-1880","post","type-post","status-publish","format-standard","has-post-thumbnail","hentry","category-noticias"],"acf":[],"_links":{"self":[{"href":"https:\/\/www.coopatrigo.com.br\/novo\/wp-json\/wp\/v2\/posts\/1880","targetHints":{"allow":["GET"]}}],"collection":[{"href":"https:\/\/www.coopatrigo.com.br\/novo\/wp-json\/wp\/v2\/posts"}],"about":[{"href":"https:\/\/www.coopatrigo.com.br\/novo\/wp-json\/wp\/v2\/types\/post"}],"author":[{"embeddable":true,"href":"https:\/\/www.coopatrigo.com.br\/novo\/wp-json\/wp\/v2\/users\/1"}],"replies":[{"embeddable":true,"href":"https:\/\/www.coopatrigo.com.br\/novo\/wp-json\/wp\/v2\/comments?post=1880"}],"version-history":[{"count":0,"href":"https:\/\/www.coopatrigo.com.br\/novo\/wp-json\/wp\/v2\/posts\/1880\/revisions"}],"wp:featuredmedia":[{"embeddable":true,"href":"https:\/\/www.coopatrigo.com.br\/novo\/wp-json\/"}],"wp:attachment":[{"href":"https:\/\/www.coopatrigo.com.br\/novo\/wp-json\/wp\/v2\/media?parent=1880"}],"wp:term":[{"taxonomy":"category","embeddable":true,"href":"https:\/\/www.coopatrigo.com.br\/novo\/wp-json\/wp\/v2\/categories?post=1880"},{"taxonomy":"post_tag","embeddable":true,"href":"https:\/\/www.coopatrigo.com.br\/novo\/wp-json\/wp\/v2\/tags?post=1880"}],"curies":[{"name":"wp","href":"https:\/\/api.w.org\/{rel}","templated":true}]}}