{"id":1945,"date":"2015-01-06T15:21:19","date_gmt":"2015-01-06T18:21:19","guid":{"rendered":"http:\/\/www.coopatrigo.com.br\/s\/?p=1945"},"modified":"2018-04-15T23:02:30","modified_gmt":"2018-04-16T02:02:30","slug":"katia-abreu-assume-o-mapa-e-promete-dobrar-classe-media-rural-diz-agencia-brasil","status":"publish","type":"post","link":"https:\/\/www.coopatrigo.com.br\/novo\/2015\/01\/06\/katia-abreu-assume-o-mapa-e-promete-dobrar-classe-media-rural-diz-agencia-brasil\/","title":{"rendered":"K\u00e1tia Abreu assume o Mapa e promete dobrar classe m\u00e9dia rural, diz Ag\u00eancia Brasil"},"content":{"rendered":"<div id=\"dslc-main\">\n\t\t<div  class=\"dslc-modules-section \" style=\"padding-bottom:30px;padding-top:30px;background-color:#16452c;background-image:url(https:\/\/www.coopatrigo.com.br\/novo\/wp-content\/uploads\/2021\/02\/bg.png);background-position:center center;\" data-section-id=\"74a23622ed4\">\n\t\t\t\t\n\t\t\t\t\n\t\t\t\t<div class=\"dslc-modules-section-wrapper dslc-clearfix\"><div class=\"dslc-modules-area dslc-col dslc-12-col dslc-last-col dslc-valign- \" data-size=\"12\" data-valign=\"\">\n\t\t<div id=\"dslc-module-24\" class=\"dslc-module-front dslc-module-DSLC_TP_Title dslc-in-viewport-check dslc-in-viewport-anim-none  dslc-col dslc-12-col dslc-last-col  dslc-module-handle-like-regular \" data-module-id=\"24\" data-module=\"DSLC_TP_Title\" data-dslc-module-size=\"12\" data-dslc-anim=\"none\" data-dslc-anim-delay=\"\" data-dslc-anim-duration=\"650\"  data-dslc-anim-easing=\"ease\" data-dslc-preset=\"none\" >\n\n\t\t\t\n\t\t\t\n\t\t\r\n\t\t\t\t<div class=\"dslc-tp-title\"><h1>K\u00e1tia Abreu assume o Mapa e promete dobrar classe m\u00e9dia rural, diz Ag\u00eancia Brasil<\/h1><\/div>\r\n\r\n\t\t\t\n\t\t\t\t<\/div><!-- .dslc-module -->\n\t\t\n\t\t<div id=\"dslc-module-25\" class=\"dslc-module-front dslc-module-DSLC_TP_Meta dslc-in-viewport-check dslc-in-viewport-anim-none  dslc-col dslc-12-col dslc-last-col  dslc-module-handle-like-regular \" data-module-id=\"25\" data-module=\"DSLC_TP_Meta\" data-dslc-module-size=\"12\" data-dslc-anim=\"none\" data-dslc-anim-delay=\"\" data-dslc-anim-duration=\"650\"  data-dslc-anim-easing=\"ease\" data-dslc-preset=\"none\" >\n\n\t\t\t\n\t\t\t\n\t\t\r\n\t\t\t\t<div class=\"dslc-tp-meta dslc-tp-meta-horizontal\">\r\n\t\t\t\t\t<ul class=\"dslc-clearfix\">\r\n\r\n\t\t\t\t\t\t\t\t\t\t\t\t\t<li>6 de janeiro de 2015<\/li>\r\n\t\t\t\t\t\t\r\n\t\t\t\t\t\t\r\n\t\t\t\t\t\t\r\n\t\t\t\t\t\t\r\n\t\t\t\t\t\t\r\n\t\t\t\t\t<\/ul>\r\n\t\t\t\t<\/div>\r\n\r\n\t\t\t\n\t\t\t\t<\/div><!-- .dslc-module -->\n\t\t<\/div><\/div><\/div>\n\t\t<div  class=\"dslc-modules-section \" style=\"padding-bottom:30px;padding-top:30px;background-color:rgba(230, 230, 230, 0);border-color:rgb(230, 230, 230);border-top-style: hidden; border-right-style: hidden; border-bottom-style: hidden; border-left-style: hidden; \" data-section-id=\"2b557989cda\">\n\t\t\t\t\n\t\t\t\t\n\t\t\t\t<div class=\"dslc-modules-section-wrapper dslc-clearfix\"><div class=\"dslc-modules-area dslc-col dslc-1-col dslc-first-col dslc-valign-undefined \" data-size=\"1\" data-valign=\"undefined\"><\/div><div class=\"dslc-modules-area dslc-col dslc-10-col  dslc-valign- \" data-size=\"10\" data-valign=\"\">\n\t\t<div id=\"dslc-module-a7d04abcf7f\" class=\"dslc-module-front dslc-module-DSLC_TP_Thumbnail dslc-in-viewport-check dslc-in-viewport-anim-none  dslc-col dslc-12-col dslc-last-col  dslc-module-handle-like-regular \" data-module-id=\"a7d04abcf7f\" data-module=\"DSLC_TP_Thumbnail\" data-dslc-module-size=\"12\" data-dslc-anim=\"none\" data-dslc-anim-delay=\"\" data-dslc-anim-duration=\"650\"  data-dslc-anim-easing=\"ease\" data-dslc-preset=\"none\" >\n\n\t\t\t\n\t\t\t\n\t\t\n\t\t\t\t<\/div><!-- .dslc-module -->\n\t\t\n\t\t<div id=\"dslc-module-26\" class=\"dslc-module-front dslc-module-DSLC_TP_Content dslc-in-viewport-check dslc-in-viewport-anim-none  dslc-col dslc-12-col dslc-last-col  dslc-module-handle-like-regular \" data-module-id=\"26\" data-module=\"DSLC_TP_Content\" data-dslc-module-size=\"12\" data-dslc-anim=\"none\" data-dslc-anim-delay=\"\" data-dslc-anim-duration=\"650\"  data-dslc-anim-easing=\"ease\" data-dslc-preset=\"none\" >\n\n\t\t\t\n\t\t\t\n\t\t<div class=\"dslc-tp-content\"><div id=\"dslc-theme-content\"><div id=\"dslc-theme-content-inner\"><p>Ao assumir nesta segunda-feira (5) o cargo de ministra da Agricultura, Pecu\u00e1ria e Abastecimento, K\u00e1tia Abreu evitou tratar das pol\u00eamicas envolvendo declara\u00e7\u00f5es recentes de que n\u00e3o haveria mais latif\u00fandio no Brasil e disse que recebeu da presidenta Dilma Rousseff a incumb\u00eancia de dobrar a classe m\u00e9dia rural nos pr\u00f3ximos quatro anos.<\/p>\n<p>&#8220;Ela [Dilma] me pediu obstina\u00e7\u00e3o nessa tarefa. Vamos estabelecer como meta dobrar a classe m\u00e9dia rural nos pr\u00f3ximos quatro anos. Tem mais de 5 milh\u00f5es de produtores rurais, sendo que 70% deles est\u00e3o na classe D e E, 6% na classe A e B e apenas 15% na classe C&#8221;, disse a ministra que prometeu levar pelo menos 800 mil produtores para a classe C.<br \/>\nSegundo ela, ser\u00e1 feito um esfor\u00e7o para dotar esses produtores de capacita\u00e7\u00e3o t\u00e9cnica. Para isso, a nova ministra pretende envolver \u00f3rg\u00e3os federais como a Ag\u00eancia Nacional de Assist\u00eancia T\u00e9cnica e Extens\u00e3o Rural (Anater), o Sistema S e as universidades. &#8220;Vamos de porteira em porteira atr\u00e1s dessas pessoas buscando e levando uma revolu\u00e7\u00e3o em tecnologia para que eles possam ascender socialmente e ter uma renda mais elevada&#8221;, disse.<\/p>\n<p>K\u00e1tia Abreu tamb\u00e9m falou em di\u00e1logo com os movimentos sociais e ao ser perguntada sobre a declara\u00e7\u00e3o de que n\u00e3o haveria mais necessidade de uma reforma agr\u00e1ria ampla no Brasil, respondeu que o assunto \u00e9 da compet\u00eancia de outro minist\u00e9rio . &#8220;O meu minist\u00e9rio n\u00e3o \u00e9 respons\u00e1vel pela reforma agr\u00e1ria, essa compet\u00eancia \u00e9 do MDA [Minist\u00e9rio do Desenvolvimento Agr\u00e1rio], e eu pretendo respeitar essa compet\u00eancia&#8221;.<br \/>\nA declara\u00e7\u00e3o de K\u00e1tia Abreu sobre latif\u00fandio recebeu cr\u00edtica do Conselho Indigenista Mission\u00e1rio (Cimi) que, em nota, considerou a fala &#8220;descabida e desconectada da realidade do nosso pa\u00eds&#8221;. &#8220;Quem realmente conhece a hist\u00f3ria de nosso pa\u00eds sabe que n\u00e3o s\u00e3o os povos ind\u00edgenas que sa\u00edram ou saem das florestas. S\u00e3o os agentes do latif\u00fandio, do ruralismo, do agroneg\u00f3cio que invadem e derrubam as florestas, expulsam e assassinam as popula\u00e7\u00f5es que nela vivem&#8221;, diz a nota.<\/p>\n<p>A nova ministra, no seu discurso, tamb\u00e9m defendeu a amplia\u00e7\u00e3o da infraestrutura log\u00edstica com a constru\u00e7\u00e3o de ferrovias e hidrovias. Segundo K\u00e1tia, um dos desafios do minist\u00e9rio ser\u00e1 desbravar a fronteira agr\u00edcolas dos estados do Norte e Nordeste, em especial o Tocantins, Maranh\u00e3o, Piau\u00ed e a Bahia. &#8220;\u00c9 uma regi\u00e3o muito especial onde n\u00e3o ocorrer\u00e1 desmatamento, pelo contr\u00e1rio, s\u00e3o \u00e1reas de pecu\u00e1ria que est\u00e3o sendo transformadas em agricultura, e essa regi\u00e3o precisar\u00e1 ter um crescimento sustent\u00e1vel do ponto de vista ambiental, da log\u00edstica, da energia e da armazenagem&#8221;.<\/p>\n<p>Ela disse ainda que vai trabalhar para aumentar as exporta\u00e7\u00f5es do agroneg\u00f3cio. &#8220;N\u00f3s temos um imenso mercado no exterior, e as nossas empresas, as nossas agroind\u00fastrias, precisam estar preparadas para exportar para esse grande mercado consumidor, quer seja de carne em geral, quer sejam de outros produtos. A nossa obriga\u00e7\u00e3o como minist\u00e9rio \u00e9 abrir as portas para que todas as empresas possam exportar&#8221;.<br \/>\nA nova ministra tamb\u00e9m prometeu tratar da crise do setor sucroalcooleiro, decorrente do baixo pre\u00e7o do petr\u00f3leo e de quest\u00f5es clim\u00e1ticas. &#8220;O setor sucroalcooleiro n\u00e3o tem uma receita \u00fanica, teremos que ter uma receita com v\u00e1rios conceitos, com variadas prioridades e solu\u00e7\u00f5es para que este assunto se resolva&#8221;, disse Katia Abreu que prometeu buscar uma solu\u00e7\u00e3o para crise em reuni\u00f5es com os minist\u00e9rios da Fazenda, do Planejamento e com o Tesouro Nacional.<\/p>\n<p>Fonte: Ag\u00eancia Brasil<\/p>\n<\/div><\/div><\/div>\n\t\t\t\t<\/div><!-- .dslc-module -->\n\t\t<\/div><\/div><\/div><\/div><input type=\"hidden\" id=\"dslca-post-data-thumb\" value=\"\" \/>","protected":false},"excerpt":{"rendered":"<p>K\u00e1tia Abreu assume o Mapa e promete dobrar classe m\u00e9dia rural, diz Ag\u00eancia Brasil 6 de janeiro de 2015 Ao assumir nesta segunda-feira (5) o cargo de ministra da Agricultura, Pecu\u00e1ria e Abastecimento, K\u00e1tia Abreu evitou tratar das pol\u00eamicas envolvendo declara\u00e7\u00f5es recentes de que n\u00e3o haveria mais latif\u00fandio no Brasil e disse que recebeu da [&hellip;]<\/p>\n","protected":false},"author":1,"featured_media":1946,"comment_status":"open","ping_status":"open","sticky":false,"template":"","format":"standard","meta":{"_acf_changed":false,"footnotes":""},"categories":[1],"tags":[],"class_list":["post-1945","post","type-post","status-publish","format-standard","has-post-thumbnail","hentry","category-noticias"],"acf":[],"_links":{"self":[{"href":"https:\/\/www.coopatrigo.com.br\/novo\/wp-json\/wp\/v2\/posts\/1945","targetHints":{"allow":["GET"]}}],"collection":[{"href":"https:\/\/www.coopatrigo.com.br\/novo\/wp-json\/wp\/v2\/posts"}],"about":[{"href":"https:\/\/www.coopatrigo.com.br\/novo\/wp-json\/wp\/v2\/types\/post"}],"author":[{"embeddable":true,"href":"https:\/\/www.coopatrigo.com.br\/novo\/wp-json\/wp\/v2\/users\/1"}],"replies":[{"embeddable":true,"href":"https:\/\/www.coopatrigo.com.br\/novo\/wp-json\/wp\/v2\/comments?post=1945"}],"version-history":[{"count":0,"href":"https:\/\/www.coopatrigo.com.br\/novo\/wp-json\/wp\/v2\/posts\/1945\/revisions"}],"wp:featuredmedia":[{"embeddable":true,"href":"https:\/\/www.coopatrigo.com.br\/novo\/wp-json\/"}],"wp:attachment":[{"href":"https:\/\/www.coopatrigo.com.br\/novo\/wp-json\/wp\/v2\/media?parent=1945"}],"wp:term":[{"taxonomy":"category","embeddable":true,"href":"https:\/\/www.coopatrigo.com.br\/novo\/wp-json\/wp\/v2\/categories?post=1945"},{"taxonomy":"post_tag","embeddable":true,"href":"https:\/\/www.coopatrigo.com.br\/novo\/wp-json\/wp\/v2\/tags?post=1945"}],"curies":[{"name":"wp","href":"https:\/\/api.w.org\/{rel}","templated":true}]}}