{"id":2008,"date":"2015-03-17T16:20:14","date_gmt":"2015-03-17T19:20:14","guid":{"rendered":"http:\/\/www.coopatrigo.com.br\/s\/?p=2008"},"modified":"2018-04-15T23:02:45","modified_gmt":"2018-04-16T02:02:45","slug":"coopatrigo-promove-dia-de-campo-de-soja","status":"publish","type":"post","link":"https:\/\/www.coopatrigo.com.br\/novo\/2015\/03\/17\/coopatrigo-promove-dia-de-campo-de-soja\/","title":{"rendered":"Coopatrigo promove dia de campo de soja"},"content":{"rendered":"<div id=\"dslc-main\">\n\t\t<div  class=\"dslc-modules-section \" style=\"padding-bottom:30px;padding-top:30px;background-color:#16452c;background-image:url(https:\/\/www.coopatrigo.com.br\/novo\/wp-content\/uploads\/2021\/02\/bg.png);background-position:center center;\" data-section-id=\"74a23622ed4\">\n\t\t\t\t\n\t\t\t\t\n\t\t\t\t<div class=\"dslc-modules-section-wrapper dslc-clearfix\"><div class=\"dslc-modules-area dslc-col dslc-12-col dslc-last-col dslc-valign- \" data-size=\"12\" data-valign=\"\">\n\t\t<div id=\"dslc-module-24\" class=\"dslc-module-front dslc-module-DSLC_TP_Title dslc-in-viewport-check dslc-in-viewport-anim-none  dslc-col dslc-12-col dslc-last-col  dslc-module-handle-like-regular \" data-module-id=\"24\" data-module=\"DSLC_TP_Title\" data-dslc-module-size=\"12\" data-dslc-anim=\"none\" data-dslc-anim-delay=\"\" data-dslc-anim-duration=\"650\"  data-dslc-anim-easing=\"ease\" data-dslc-preset=\"none\" >\n\n\t\t\t\n\t\t\t\n\t\t\r\n\t\t\t\t<div class=\"dslc-tp-title\"><h1>Coopatrigo promove dia de campo de soja<\/h1><\/div>\r\n\r\n\t\t\t\n\t\t\t\t<\/div><!-- .dslc-module -->\n\t\t\n\t\t<div id=\"dslc-module-25\" class=\"dslc-module-front dslc-module-DSLC_TP_Meta dslc-in-viewport-check dslc-in-viewport-anim-none  dslc-col dslc-12-col dslc-last-col  dslc-module-handle-like-regular \" data-module-id=\"25\" data-module=\"DSLC_TP_Meta\" data-dslc-module-size=\"12\" data-dslc-anim=\"none\" data-dslc-anim-delay=\"\" data-dslc-anim-duration=\"650\"  data-dslc-anim-easing=\"ease\" data-dslc-preset=\"none\" >\n\n\t\t\t\n\t\t\t\n\t\t\r\n\t\t\t\t<div class=\"dslc-tp-meta dslc-tp-meta-horizontal\">\r\n\t\t\t\t\t<ul class=\"dslc-clearfix\">\r\n\r\n\t\t\t\t\t\t\t\t\t\t\t\t\t<li>17 de mar\u00e7o de 2015<\/li>\r\n\t\t\t\t\t\t\r\n\t\t\t\t\t\t\r\n\t\t\t\t\t\t\r\n\t\t\t\t\t\t\r\n\t\t\t\t\t\t\r\n\t\t\t\t\t<\/ul>\r\n\t\t\t\t<\/div>\r\n\r\n\t\t\t\n\t\t\t\t<\/div><!-- .dslc-module -->\n\t\t<\/div><\/div><\/div>\n\t\t<div  class=\"dslc-modules-section \" style=\"padding-bottom:30px;padding-top:30px;background-color:rgba(230, 230, 230, 0);border-color:rgb(230, 230, 230);border-top-style: hidden; border-right-style: hidden; border-bottom-style: hidden; border-left-style: hidden; \" data-section-id=\"2b557989cda\">\n\t\t\t\t\n\t\t\t\t\n\t\t\t\t<div class=\"dslc-modules-section-wrapper dslc-clearfix\"><div class=\"dslc-modules-area dslc-col dslc-1-col dslc-first-col dslc-valign-undefined \" data-size=\"1\" data-valign=\"undefined\"><\/div><div class=\"dslc-modules-area dslc-col dslc-10-col  dslc-valign- \" data-size=\"10\" data-valign=\"\">\n\t\t<div id=\"dslc-module-a7d04abcf7f\" class=\"dslc-module-front dslc-module-DSLC_TP_Thumbnail dslc-in-viewport-check dslc-in-viewport-anim-none  dslc-col dslc-12-col dslc-last-col  dslc-module-handle-like-regular \" data-module-id=\"a7d04abcf7f\" data-module=\"DSLC_TP_Thumbnail\" data-dslc-module-size=\"12\" data-dslc-anim=\"none\" data-dslc-anim-delay=\"\" data-dslc-anim-duration=\"650\"  data-dslc-anim-easing=\"ease\" data-dslc-preset=\"none\" >\n\n\t\t\t\n\t\t\t\n\t\t\n\t\t\t\t<\/div><!-- .dslc-module -->\n\t\t\n\t\t<div id=\"dslc-module-26\" class=\"dslc-module-front dslc-module-DSLC_TP_Content dslc-in-viewport-check dslc-in-viewport-anim-none  dslc-col dslc-12-col dslc-last-col  dslc-module-handle-like-regular \" data-module-id=\"26\" data-module=\"DSLC_TP_Content\" data-dslc-module-size=\"12\" data-dslc-anim=\"none\" data-dslc-anim-delay=\"\" data-dslc-anim-duration=\"650\"  data-dslc-anim-easing=\"ease\" data-dslc-preset=\"none\" >\n\n\t\t\t\n\t\t\t\n\t\t<div class=\"dslc-tp-content\"><div id=\"dslc-theme-content\"><div id=\"dslc-theme-content-inner\"><p><span id=\"more-2008\"><\/span><\/p>\n<p>A Coopatrigo realiza nesta quarta-feira, dia 18 de mar\u00e7o a partir das 08:30hs horas o seu tradicional \u201cdia de campo soja\u201d. O evento ser\u00e1 realizado junto a lavoura experimental que \u00e9 mantida na Escola Cruzeiro do Sul.<\/p>\n<p>No local os produtores ter\u00e3o a oportunidade de verificar os novos cultivares da CCGL Tec, Coodetec, Nidera e Syngenta que s\u00e3o os principais parceiros da Coopatrigo na \u00e1rea de sementes de soja.<\/p>\n<p>O destaque mais uma vez ser\u00e1 o posicionamento das sementes \u201cintacta\u201d que este ano demonstraram a diferen\u00e7a no combate as lagartas, na compara\u00e7\u00e3o com as variedades que n\u00e3o disp\u00f5em desta tecnologia.<\/p>\n<p>Outro ponto que ser\u00e1 destacado no dia de campo da Coopatrigo ser\u00e1 a tecnologia de aplica\u00e7\u00e3o de fungicidas para o manejo de doen\u00e7as. Na atual safra, com a boa m\u00e9dia de chuvas a press\u00e3o de doen\u00e7as, principalmente a ferrugem foi muito grande e o produtor em muitos casos acabou perdendo produtividade por pequenos descuidos e neste sentido o assunto ter\u00e1 uma esta\u00e7\u00e3o espec\u00edfica.<\/p>\n<p>Aproveitando a vinda dos seus associados a S\u00e3o Luiz Gonzaga, a Coopatrigo na sequ\u00eancia do Dia de Campo, j\u00e1 na Associa\u00e7\u00e3o de Funcion\u00e1rios estar\u00e1 realizando uma palestra sobre \u201cPerspectivas para a Safra de Trigo 2015\u201d com Jairo Faccio da JF Corretora, pois os produtores est\u00e3o bastante desestimulados com rela\u00e7\u00e3o \u00e0 este cultura, que teve frustra\u00e7\u00e3o e problemas de qualidade na \u00faltima safra e os pre\u00e7os consequentemente foram baixos.<\/p>\n<p>A iniciativa da Coopatrigo de promover esta palestra \u00e9 no sentido de contribuir com o seu associado com a decis\u00e3o de diminuir ou n\u00e3o a \u00e1rea de trigo na regi\u00e3o.<\/p>\n<p>Ap\u00f3s esta programa\u00e7\u00e3o os participantes ter\u00e3o um almo\u00e7o de confraterniza\u00e7\u00e3o que tamb\u00e9m ser\u00e1 realizado na Associa\u00e7\u00e3o dos Funcion\u00e1rios da Coopatrigo.<\/p>\n<\/div><\/div><\/div>\n\t\t\t\t<\/div><!-- .dslc-module -->\n\t\t<\/div><\/div><\/div><\/div><input type=\"hidden\" id=\"dslca-post-data-thumb\" value=\"\" \/>","protected":false},"excerpt":{"rendered":"<p>Coopatrigo promove dia de campo de soja 17 de mar\u00e7o de 2015 A Coopatrigo realiza nesta quarta-feira, dia 18 de mar\u00e7o a partir das 08:30hs horas o seu tradicional \u201cdia de campo soja\u201d. O evento ser\u00e1 realizado junto a lavoura experimental que \u00e9 mantida na Escola Cruzeiro do Sul. No local os produtores ter\u00e3o a [&hellip;]<\/p>\n","protected":false},"author":1,"featured_media":2009,"comment_status":"open","ping_status":"open","sticky":false,"template":"","format":"standard","meta":{"_acf_changed":false,"footnotes":""},"categories":[1],"tags":[],"class_list":["post-2008","post","type-post","status-publish","format-standard","has-post-thumbnail","hentry","category-noticias"],"acf":[],"_links":{"self":[{"href":"https:\/\/www.coopatrigo.com.br\/novo\/wp-json\/wp\/v2\/posts\/2008","targetHints":{"allow":["GET"]}}],"collection":[{"href":"https:\/\/www.coopatrigo.com.br\/novo\/wp-json\/wp\/v2\/posts"}],"about":[{"href":"https:\/\/www.coopatrigo.com.br\/novo\/wp-json\/wp\/v2\/types\/post"}],"author":[{"embeddable":true,"href":"https:\/\/www.coopatrigo.com.br\/novo\/wp-json\/wp\/v2\/users\/1"}],"replies":[{"embeddable":true,"href":"https:\/\/www.coopatrigo.com.br\/novo\/wp-json\/wp\/v2\/comments?post=2008"}],"version-history":[{"count":0,"href":"https:\/\/www.coopatrigo.com.br\/novo\/wp-json\/wp\/v2\/posts\/2008\/revisions"}],"wp:featuredmedia":[{"embeddable":true,"href":"https:\/\/www.coopatrigo.com.br\/novo\/wp-json\/"}],"wp:attachment":[{"href":"https:\/\/www.coopatrigo.com.br\/novo\/wp-json\/wp\/v2\/media?parent=2008"}],"wp:term":[{"taxonomy":"category","embeddable":true,"href":"https:\/\/www.coopatrigo.com.br\/novo\/wp-json\/wp\/v2\/categories?post=2008"},{"taxonomy":"post_tag","embeddable":true,"href":"https:\/\/www.coopatrigo.com.br\/novo\/wp-json\/wp\/v2\/tags?post=2008"}],"curies":[{"name":"wp","href":"https:\/\/api.w.org\/{rel}","templated":true}]}}