{"id":2026,"date":"2015-03-26T15:53:44","date_gmt":"2015-03-26T18:53:44","guid":{"rendered":"http:\/\/www.coopatrigo.com.br\/s\/?p=2026"},"modified":"2018-04-15T23:02:45","modified_gmt":"2018-04-16T02:02:45","slug":"coopatrigo-acerta-sua-participacao-na-expo-sao-luiz-2015","status":"publish","type":"post","link":"https:\/\/www.coopatrigo.com.br\/novo\/2015\/03\/26\/coopatrigo-acerta-sua-participacao-na-expo-sao-luiz-2015\/","title":{"rendered":"Coopatrigo acerta sua participa\u00e7\u00e3o na Expo S\u00e3o Luiz 2015"},"content":{"rendered":"<div id=\"dslc-main\">\n\t\t<div  class=\"dslc-modules-section \" style=\"padding-bottom:30px;padding-top:30px;background-color:#16452c;background-image:url(https:\/\/www.coopatrigo.com.br\/novo\/wp-content\/uploads\/2021\/02\/bg.png);background-position:center center;\" data-section-id=\"74a23622ed4\">\n\t\t\t\t\n\t\t\t\t\n\t\t\t\t<div class=\"dslc-modules-section-wrapper dslc-clearfix\"><div class=\"dslc-modules-area dslc-col dslc-12-col dslc-last-col dslc-valign- \" data-size=\"12\" data-valign=\"\">\n\t\t<div id=\"dslc-module-24\" class=\"dslc-module-front dslc-module-DSLC_TP_Title dslc-in-viewport-check dslc-in-viewport-anim-none  dslc-col dslc-12-col dslc-last-col  dslc-module-handle-like-regular \" data-module-id=\"24\" data-module=\"DSLC_TP_Title\" data-dslc-module-size=\"12\" data-dslc-anim=\"none\" data-dslc-anim-delay=\"\" data-dslc-anim-duration=\"650\"  data-dslc-anim-easing=\"ease\" data-dslc-preset=\"none\" >\n\n\t\t\t\n\t\t\t\n\t\t\r\n\t\t\t\t<div class=\"dslc-tp-title\"><h1>Coopatrigo acerta sua participa\u00e7\u00e3o na Expo S\u00e3o Luiz 2015<\/h1><\/div>\r\n\r\n\t\t\t\n\t\t\t\t<\/div><!-- .dslc-module -->\n\t\t\n\t\t<div id=\"dslc-module-25\" class=\"dslc-module-front dslc-module-DSLC_TP_Meta dslc-in-viewport-check dslc-in-viewport-anim-none  dslc-col dslc-12-col dslc-last-col  dslc-module-handle-like-regular \" data-module-id=\"25\" data-module=\"DSLC_TP_Meta\" data-dslc-module-size=\"12\" data-dslc-anim=\"none\" data-dslc-anim-delay=\"\" data-dslc-anim-duration=\"650\"  data-dslc-anim-easing=\"ease\" data-dslc-preset=\"none\" >\n\n\t\t\t\n\t\t\t\n\t\t\r\n\t\t\t\t<div class=\"dslc-tp-meta dslc-tp-meta-horizontal\">\r\n\t\t\t\t\t<ul class=\"dslc-clearfix\">\r\n\r\n\t\t\t\t\t\t\t\t\t\t\t\t\t<li>26 de mar\u00e7o de 2015<\/li>\r\n\t\t\t\t\t\t\r\n\t\t\t\t\t\t\r\n\t\t\t\t\t\t\r\n\t\t\t\t\t\t\r\n\t\t\t\t\t\t\r\n\t\t\t\t\t<\/ul>\r\n\t\t\t\t<\/div>\r\n\r\n\t\t\t\n\t\t\t\t<\/div><!-- .dslc-module -->\n\t\t<\/div><\/div><\/div>\n\t\t<div  class=\"dslc-modules-section \" style=\"padding-bottom:30px;padding-top:30px;background-color:rgba(230, 230, 230, 0);border-color:rgb(230, 230, 230);border-top-style: hidden; border-right-style: hidden; border-bottom-style: hidden; border-left-style: hidden; \" data-section-id=\"2b557989cda\">\n\t\t\t\t\n\t\t\t\t\n\t\t\t\t<div class=\"dslc-modules-section-wrapper dslc-clearfix\"><div class=\"dslc-modules-area dslc-col dslc-1-col dslc-first-col dslc-valign-undefined \" data-size=\"1\" data-valign=\"undefined\"><\/div><div class=\"dslc-modules-area dslc-col dslc-10-col  dslc-valign- \" data-size=\"10\" data-valign=\"\">\n\t\t<div id=\"dslc-module-a7d04abcf7f\" class=\"dslc-module-front dslc-module-DSLC_TP_Thumbnail dslc-in-viewport-check dslc-in-viewport-anim-none  dslc-col dslc-12-col dslc-last-col  dslc-module-handle-like-regular \" data-module-id=\"a7d04abcf7f\" data-module=\"DSLC_TP_Thumbnail\" data-dslc-module-size=\"12\" data-dslc-anim=\"none\" data-dslc-anim-delay=\"\" data-dslc-anim-duration=\"650\"  data-dslc-anim-easing=\"ease\" data-dslc-preset=\"none\" >\n\n\t\t\t\n\t\t\t\n\t\t\n\t\t\t\t<\/div><!-- .dslc-module -->\n\t\t\n\t\t<div id=\"dslc-module-26\" class=\"dslc-module-front dslc-module-DSLC_TP_Content dslc-in-viewport-check dslc-in-viewport-anim-none  dslc-col dslc-12-col dslc-last-col  dslc-module-handle-like-regular \" data-module-id=\"26\" data-module=\"DSLC_TP_Content\" data-dslc-module-size=\"12\" data-dslc-anim=\"none\" data-dslc-anim-delay=\"\" data-dslc-anim-duration=\"650\"  data-dslc-anim-easing=\"ease\" data-dslc-preset=\"none\" >\n\n\t\t\t\n\t\t\t\n\t\t<div class=\"dslc-tp-content\"><div id=\"dslc-theme-content\"><div id=\"dslc-theme-content-inner\"><p>A diretoria da Coopatrigo esteve reunida nesta semana com a comiss\u00e3o executiva da Expo S\u00e3o Luiz\u00a0 2015, onde foi definida a participa\u00e7\u00e3o da cooperativa neste evento como uma das promotoras, representando o setor de agricultura e cooperativismo.<\/p>\n<p>O presidente S\u00e9rgio Torres no encontro realizado na sede administrativa da cooperativa formulou o convite para que a Coopatrigo tenha mais uma vez uma participa\u00e7\u00e3o destacada na Expo S\u00e3o Luiz. Para isso est\u00e1 sendo destinado um novo espa\u00e7o para a Coopatrigo que inclusive possibilitar\u00e1 o desenvolvimento de uma programa\u00e7\u00e3o voltada para os associados da cooperativa.<\/p>\n<p>O convite foi aceito pelo presidente Ivo Batista que informou aos presentes que a Coopatrigo j\u00e1 estava aguardando este convite e a inten\u00e7\u00e3o \u00e9 montar um espa\u00e7o de representatividade das cooperativas com o apoio da OCERGS, como j\u00e1 foi feito em anos anteriores com o \u201cMundo Cooperativo Miss\u00f5es\u201d.<\/p>\n<p>O dirigente informou que a Coopatrigo dever\u00e1 procurar as demais cooperativas que fazem parte do sistema Ocergs\/Sescoop para desenvolverem o mesmo projeto de edi\u00e7\u00f5es anteriores. \u201cO novo espa\u00e7o que est\u00e1 sendo destinado pela Expo S\u00e3o Luiz vai proporcionar uma bela representatividade do setor dentro deste grande evento\u201d, comentou Ivo Batista.<\/p>\n<p>Al\u00e9m da representatividade a Coopatrigo tem a inten\u00e7\u00e3o de desenvolver durante o evento alguns eventos voltados para os seus associados como o \u201cSemin\u00e1rio de Irriga\u00e7\u00e3o\u201d, \u201cEncontro de Mulheres\u201d e \u201cEncontro de Produtores de Leite\u201d, os quais certamente v\u00e3o contribuir para o sucesso de mais uma Expo S\u00e3o Luiz.<\/p>\n<\/div><\/div><\/div>\n\t\t\t\t<\/div><!-- .dslc-module -->\n\t\t<\/div><\/div><\/div><\/div><input type=\"hidden\" id=\"dslca-post-data-thumb\" value=\"\" \/>","protected":false},"excerpt":{"rendered":"<p>Coopatrigo acerta sua participa\u00e7\u00e3o na Expo S\u00e3o Luiz 2015 26 de mar\u00e7o de 2015 A diretoria da Coopatrigo esteve reunida nesta semana com a comiss\u00e3o executiva da Expo S\u00e3o Luiz\u00a0 2015, onde foi definida a participa\u00e7\u00e3o da cooperativa neste evento como uma das promotoras, representando o setor de agricultura e cooperativismo. O presidente S\u00e9rgio Torres [&hellip;]<\/p>\n","protected":false},"author":1,"featured_media":2466,"comment_status":"open","ping_status":"open","sticky":false,"template":"","format":"standard","meta":{"_acf_changed":false,"footnotes":""},"categories":[1],"tags":[],"class_list":["post-2026","post","type-post","status-publish","format-standard","has-post-thumbnail","hentry","category-noticias"],"acf":[],"_links":{"self":[{"href":"https:\/\/www.coopatrigo.com.br\/novo\/wp-json\/wp\/v2\/posts\/2026","targetHints":{"allow":["GET"]}}],"collection":[{"href":"https:\/\/www.coopatrigo.com.br\/novo\/wp-json\/wp\/v2\/posts"}],"about":[{"href":"https:\/\/www.coopatrigo.com.br\/novo\/wp-json\/wp\/v2\/types\/post"}],"author":[{"embeddable":true,"href":"https:\/\/www.coopatrigo.com.br\/novo\/wp-json\/wp\/v2\/users\/1"}],"replies":[{"embeddable":true,"href":"https:\/\/www.coopatrigo.com.br\/novo\/wp-json\/wp\/v2\/comments?post=2026"}],"version-history":[{"count":0,"href":"https:\/\/www.coopatrigo.com.br\/novo\/wp-json\/wp\/v2\/posts\/2026\/revisions"}],"wp:featuredmedia":[{"embeddable":true,"href":"https:\/\/www.coopatrigo.com.br\/novo\/wp-json\/"}],"wp:attachment":[{"href":"https:\/\/www.coopatrigo.com.br\/novo\/wp-json\/wp\/v2\/media?parent=2026"}],"wp:term":[{"taxonomy":"category","embeddable":true,"href":"https:\/\/www.coopatrigo.com.br\/novo\/wp-json\/wp\/v2\/categories?post=2026"},{"taxonomy":"post_tag","embeddable":true,"href":"https:\/\/www.coopatrigo.com.br\/novo\/wp-json\/wp\/v2\/tags?post=2026"}],"curies":[{"name":"wp","href":"https:\/\/api.w.org\/{rel}","templated":true}]}}