{"id":2037,"date":"2015-04-07T14:51:33","date_gmt":"2015-04-07T17:51:33","guid":{"rendered":"http:\/\/www.coopatrigo.com.br\/s\/?p=2037"},"modified":"2018-04-15T23:02:45","modified_gmt":"2018-04-16T02:02:45","slug":"colheita-da-soja-e-retomada-na-regiao-da-coopatrigo","status":"publish","type":"post","link":"https:\/\/www.coopatrigo.com.br\/novo\/2015\/04\/07\/colheita-da-soja-e-retomada-na-regiao-da-coopatrigo\/","title":{"rendered":"Colheita da soja \u00e9 retomada na regi\u00e3o da Coopatrigo"},"content":{"rendered":"<div id=\"dslc-theme-content\"><div id=\"dslc-theme-content-inner\"><p>Ap\u00f3s a interrup\u00e7\u00e3o ocorrida no final de semana em virtude da chuvas, os associados da Coopatrigo est\u00e3o retomando com for\u00e7a o processo de colheita da soja a partir desta ter\u00e7a-feira.<\/p>\n<p>O presidente Ivo Batista disse que a chuva foi ben\u00e9fica para as \u00e1reas que ainda est\u00e3o em desenvolvimento, principalmente o chamado soja safrinha e tamb\u00e9m contribuiu para o processo de colheita, ajudando a diminuir a poeira e uniformizar as lavouras.<\/p>\n<p>Sobre o percentual colhido na regi\u00e3o de abrang\u00eancia da Coopatrigo, Ivo Batista informou que na segunda-feira realizou um encontro com toda a \u00e1rea t\u00e9cnica da cooperativa onde foi feita uma avalia\u00e7\u00e3o sobre o andamento da colheita e chegou-se a uma conclus\u00e3o de que a safra na regi\u00e3o est\u00e1 atingindo um percentual entre 35% e 40%.<\/p>\n<p>O dirigente cooperativista tamb\u00e9m informou que neste encontro foi realizado um debate em torno das produtividades m\u00e9dias e a informa\u00e7\u00e3o constatada \u00e9 de que elas est\u00e3o sendo bastante variadas. Produtores que utilizaram alta tecnologia est\u00e3o se destacando com produtividades muito boas, mas isto n\u00e3o \u00e9 refer\u00eancia, pois est\u00e3o sendo constatados v\u00e1rios casos de produtores que perderam produtividades principalmente para a ferrugem, por atrasos nas aplica\u00e7\u00f5es ou o n\u00e3o atendimento das recomenda\u00e7\u00f5es t\u00e9cnicas.<\/p>\n<p>Mesmo assim ainda se projeta uma boa safra na regi\u00e3o de abrang\u00eancia da Coopatrigo, segundo informou o presidente Ivo Batista que tamb\u00e9m destacou a boa receptividade dos associados com o Plano Safra da cooperativa que valoriza a entrega de produ\u00e7\u00e3o.<\/p>\n<p>&nbsp;<\/p>\n<\/div><\/div>","protected":false},"excerpt":{"rendered":"<p>Ap\u00f3s a interrup\u00e7\u00e3o ocorrida no final de semana em virtude da chuvas, os associados da Coopatrigo est\u00e3o retomando com for\u00e7a o processo de colheita da soja a partir desta ter\u00e7a-feira. O presidente Ivo Batista disse que a chuva foi ben\u00e9fica para as \u00e1reas que ainda est\u00e3o em desenvolvimento, principalmente o chamado soja safrinha e tamb\u00e9m [&hellip;]<\/p>\n","protected":false},"author":1,"featured_media":2038,"comment_status":"open","ping_status":"open","sticky":false,"template":"","format":"standard","meta":{"_acf_changed":false,"footnotes":""},"categories":[1],"tags":[],"class_list":["post-2037","post","type-post","status-publish","format-standard","has-post-thumbnail","hentry","category-noticias"],"acf":[],"_links":{"self":[{"href":"https:\/\/www.coopatrigo.com.br\/novo\/wp-json\/wp\/v2\/posts\/2037","targetHints":{"allow":["GET"]}}],"collection":[{"href":"https:\/\/www.coopatrigo.com.br\/novo\/wp-json\/wp\/v2\/posts"}],"about":[{"href":"https:\/\/www.coopatrigo.com.br\/novo\/wp-json\/wp\/v2\/types\/post"}],"author":[{"embeddable":true,"href":"https:\/\/www.coopatrigo.com.br\/novo\/wp-json\/wp\/v2\/users\/1"}],"replies":[{"embeddable":true,"href":"https:\/\/www.coopatrigo.com.br\/novo\/wp-json\/wp\/v2\/comments?post=2037"}],"version-history":[{"count":0,"href":"https:\/\/www.coopatrigo.com.br\/novo\/wp-json\/wp\/v2\/posts\/2037\/revisions"}],"wp:featuredmedia":[{"embeddable":true,"href":"https:\/\/www.coopatrigo.com.br\/novo\/wp-json\/"}],"wp:attachment":[{"href":"https:\/\/www.coopatrigo.com.br\/novo\/wp-json\/wp\/v2\/media?parent=2037"}],"wp:term":[{"taxonomy":"category","embeddable":true,"href":"https:\/\/www.coopatrigo.com.br\/novo\/wp-json\/wp\/v2\/categories?post=2037"},{"taxonomy":"post_tag","embeddable":true,"href":"https:\/\/www.coopatrigo.com.br\/novo\/wp-json\/wp\/v2\/tags?post=2037"}],"curies":[{"name":"wp","href":"https:\/\/api.w.org\/{rel}","templated":true}]}}