{"id":2047,"date":"2015-04-22T08:24:35","date_gmt":"2015-04-22T11:24:35","guid":{"rendered":"http:\/\/www.coopatrigo.com.br\/s\/?p=2047"},"modified":"2018-04-15T23:02:46","modified_gmt":"2018-04-16T02:02:46","slug":"ivo-batista-prestigia-posse-de-joao-sodre-no-sindicato-dos-trabalhadores-rurais-de-bossoroca","status":"publish","type":"post","link":"https:\/\/www.coopatrigo.com.br\/novo\/2015\/04\/22\/ivo-batista-prestigia-posse-de-joao-sodre-no-sindicato-dos-trabalhadores-rurais-de-bossoroca\/","title":{"rendered":"Ivo Batista prestigia posse de Jo\u00e3o Sodr\u00e9 no Sindicato dos Trabalhadores Rurais de Bossoroca"},"content":{"rendered":"<div id=\"dslc-main\">\n\t\t<div  class=\"dslc-modules-section \" style=\"padding-bottom:30px;padding-top:30px;background-color:#16452c;background-image:url(https:\/\/www.coopatrigo.com.br\/novo\/wp-content\/uploads\/2021\/02\/bg.png);background-position:center center;\" data-section-id=\"74a23622ed4\">\n\t\t\t\t\n\t\t\t\t\n\t\t\t\t<div class=\"dslc-modules-section-wrapper dslc-clearfix\"><div class=\"dslc-modules-area dslc-col dslc-12-col dslc-last-col dslc-valign- \" data-size=\"12\" data-valign=\"\">\n\t\t<div id=\"dslc-module-24\" class=\"dslc-module-front dslc-module-DSLC_TP_Title dslc-in-viewport-check dslc-in-viewport-anim-none  dslc-col dslc-12-col dslc-last-col  dslc-module-handle-like-regular \" data-module-id=\"24\" data-module=\"DSLC_TP_Title\" data-dslc-module-size=\"12\" data-dslc-anim=\"none\" data-dslc-anim-delay=\"\" data-dslc-anim-duration=\"650\"  data-dslc-anim-easing=\"ease\" data-dslc-preset=\"none\" >\n\n\t\t\t\n\t\t\t\n\t\t\r\n\t\t\t\t<div class=\"dslc-tp-title\"><h1>Ivo Batista prestigia posse de Jo\u00e3o Sodr\u00e9 no Sindicato dos Trabalhadores Rurais de Bossoroca<\/h1><\/div>\r\n\r\n\t\t\t\n\t\t\t\t<\/div><!-- .dslc-module -->\n\t\t\n\t\t<div id=\"dslc-module-25\" class=\"dslc-module-front dslc-module-DSLC_TP_Meta dslc-in-viewport-check dslc-in-viewport-anim-none  dslc-col dslc-12-col dslc-last-col  dslc-module-handle-like-regular \" data-module-id=\"25\" data-module=\"DSLC_TP_Meta\" data-dslc-module-size=\"12\" data-dslc-anim=\"none\" data-dslc-anim-delay=\"\" data-dslc-anim-duration=\"650\"  data-dslc-anim-easing=\"ease\" data-dslc-preset=\"none\" >\n\n\t\t\t\n\t\t\t\n\t\t\r\n\t\t\t\t<div class=\"dslc-tp-meta dslc-tp-meta-horizontal\">\r\n\t\t\t\t\t<ul class=\"dslc-clearfix\">\r\n\r\n\t\t\t\t\t\t\t\t\t\t\t\t\t<li>22 de abril de 2015<\/li>\r\n\t\t\t\t\t\t\r\n\t\t\t\t\t\t\r\n\t\t\t\t\t\t\r\n\t\t\t\t\t\t\r\n\t\t\t\t\t\t\r\n\t\t\t\t\t<\/ul>\r\n\t\t\t\t<\/div>\r\n\r\n\t\t\t\n\t\t\t\t<\/div><!-- .dslc-module -->\n\t\t<\/div><\/div><\/div>\n\t\t<div  class=\"dslc-modules-section \" style=\"padding-bottom:30px;padding-top:30px;background-color:rgba(230, 230, 230, 0);border-color:rgb(230, 230, 230);border-top-style: hidden; border-right-style: hidden; border-bottom-style: hidden; border-left-style: hidden; \" data-section-id=\"2b557989cda\">\n\t\t\t\t\n\t\t\t\t\n\t\t\t\t<div class=\"dslc-modules-section-wrapper dslc-clearfix\"><div class=\"dslc-modules-area dslc-col dslc-1-col dslc-first-col dslc-valign-undefined \" data-size=\"1\" data-valign=\"undefined\"><\/div><div class=\"dslc-modules-area dslc-col dslc-10-col  dslc-valign- \" data-size=\"10\" data-valign=\"\">\n\t\t<div id=\"dslc-module-a7d04abcf7f\" class=\"dslc-module-front dslc-module-DSLC_TP_Thumbnail dslc-in-viewport-check dslc-in-viewport-anim-none  dslc-col dslc-12-col dslc-last-col  dslc-module-handle-like-regular \" data-module-id=\"a7d04abcf7f\" data-module=\"DSLC_TP_Thumbnail\" data-dslc-module-size=\"12\" data-dslc-anim=\"none\" data-dslc-anim-delay=\"\" data-dslc-anim-duration=\"650\"  data-dslc-anim-easing=\"ease\" data-dslc-preset=\"none\" >\n\n\t\t\t\n\t\t\t\n\t\t\n\t\t\t\t<\/div><!-- .dslc-module -->\n\t\t\n\t\t<div id=\"dslc-module-26\" class=\"dslc-module-front dslc-module-DSLC_TP_Content dslc-in-viewport-check dslc-in-viewport-anim-none  dslc-col dslc-12-col dslc-last-col  dslc-module-handle-like-regular \" data-module-id=\"26\" data-module=\"DSLC_TP_Content\" data-dslc-module-size=\"12\" data-dslc-anim=\"none\" data-dslc-anim-delay=\"\" data-dslc-anim-duration=\"650\"  data-dslc-anim-easing=\"ease\" data-dslc-preset=\"none\" >\n\n\t\t\t\n\t\t\t\n\t\t<div class=\"dslc-tp-content\"><div id=\"dslc-theme-content\"><div id=\"dslc-theme-content-inner\"><p>Na \u00faltima sexta-feira, dia 17 de abril, o presidente da Coopatrigo Ivo Batista esteve prestigiando o ato de posse da nova diretoria do Sindicato dos Trabalhadores Rurais de Bossoroca, onde o Sr. Jo\u00e3o Sodr\u00e9 foi conduzido para mais um mandato \u00e0 frente daquele sindicato.<\/p>\n<p>O dirigente cooperativista disse que a Coopatrigo tem procurado desenvolver a\u00e7\u00f5es conjuntas com os sindicatos de trabalhadores rurais, visando o fortalecimento da agricultura familiar que possui uma import\u00e2ncia significativa dentro da cooperativa. \u201cSindicalismo e cooperativismo sempre caminharam juntos, pois possuem v\u00e1rios objetivos comuns\u201d, afirmou Ivo Batista.<\/p>\n<p>O Sr. Jo\u00e3o Sodr\u00e9 por sua vez tamb\u00e9m agradeceu a presen\u00e7a da Coopatrigo na sua posse, ressaltando a parceria da cooperativa com os sindicatos da regi\u00e3o, citando o conv\u00eanio mantido para o fornecimento de mat\u00e9ria prima (soja) para a produ\u00e7\u00e3o de biodiesel e a destina\u00e7\u00e3o do \u201cselo verde\u201d para os agricultores familiares e tamb\u00e9m um percentual de recursos para os sindicatos, o que ajuda na manuten\u00e7\u00e3o dos servi\u00e7os prestados aos associados.<\/p>\n<p>O presidente reeleito do Sindicato dos Trabalhadores Rurais de Bossoroca disse que um dos focos desta sua nova gest\u00e3o ser\u00e1 a habita\u00e7\u00e3o rural, pois existe uma grande demanda no munic\u00edpio e s\u00e3o necess\u00e1rias condi\u00e7\u00f5es melhores de moradia para a manuten\u00e7\u00e3o dos agricultores no meio rural. Jo\u00e3o Sodr\u00e9 tamb\u00e9m disse que \u00e9 necess\u00e1rio que se melhore o cr\u00e9dito fundi\u00e1rio que possibilite a aquisi\u00e7\u00e3o de terras com juros mais baixos, permitindo que novos agricultores comprem o seu peda\u00e7o de terra, fortalecendo a agricultura familiar.<\/p>\n<\/div><\/div><\/div>\n\t\t\t\t<\/div><!-- .dslc-module -->\n\t\t<\/div><\/div><\/div><\/div><input type=\"hidden\" id=\"dslca-post-data-thumb\" value=\"\" \/>","protected":false},"excerpt":{"rendered":"<p>Ivo Batista prestigia posse de Jo\u00e3o Sodr\u00e9 no Sindicato dos Trabalhadores Rurais de Bossoroca 22 de abril de 2015 Na \u00faltima sexta-feira, dia 17 de abril, o presidente da Coopatrigo Ivo Batista esteve prestigiando o ato de posse da nova diretoria do Sindicato dos Trabalhadores Rurais de Bossoroca, onde o Sr. Jo\u00e3o Sodr\u00e9 foi conduzido [&hellip;]<\/p>\n","protected":false},"author":1,"featured_media":2048,"comment_status":"open","ping_status":"open","sticky":false,"template":"","format":"standard","meta":{"_acf_changed":false,"footnotes":""},"categories":[1],"tags":[],"class_list":["post-2047","post","type-post","status-publish","format-standard","has-post-thumbnail","hentry","category-noticias"],"acf":[],"_links":{"self":[{"href":"https:\/\/www.coopatrigo.com.br\/novo\/wp-json\/wp\/v2\/posts\/2047","targetHints":{"allow":["GET"]}}],"collection":[{"href":"https:\/\/www.coopatrigo.com.br\/novo\/wp-json\/wp\/v2\/posts"}],"about":[{"href":"https:\/\/www.coopatrigo.com.br\/novo\/wp-json\/wp\/v2\/types\/post"}],"author":[{"embeddable":true,"href":"https:\/\/www.coopatrigo.com.br\/novo\/wp-json\/wp\/v2\/users\/1"}],"replies":[{"embeddable":true,"href":"https:\/\/www.coopatrigo.com.br\/novo\/wp-json\/wp\/v2\/comments?post=2047"}],"version-history":[{"count":0,"href":"https:\/\/www.coopatrigo.com.br\/novo\/wp-json\/wp\/v2\/posts\/2047\/revisions"}],"wp:featuredmedia":[{"embeddable":true,"href":"https:\/\/www.coopatrigo.com.br\/novo\/wp-json\/"}],"wp:attachment":[{"href":"https:\/\/www.coopatrigo.com.br\/novo\/wp-json\/wp\/v2\/media?parent=2047"}],"wp:term":[{"taxonomy":"category","embeddable":true,"href":"https:\/\/www.coopatrigo.com.br\/novo\/wp-json\/wp\/v2\/categories?post=2047"},{"taxonomy":"post_tag","embeddable":true,"href":"https:\/\/www.coopatrigo.com.br\/novo\/wp-json\/wp\/v2\/tags?post=2047"}],"curies":[{"name":"wp","href":"https:\/\/api.w.org\/{rel}","templated":true}]}}