{"id":2069,"date":"2015-05-21T11:31:07","date_gmt":"2015-05-21T14:31:07","guid":{"rendered":"http:\/\/www.coopatrigo.com.br\/s\/?p=2069"},"modified":"2018-04-15T23:02:46","modified_gmt":"2018-04-16T02:02:46","slug":"coopatrigo-vai-participar-da-campanha-do-lar-do-idoso","status":"publish","type":"post","link":"https:\/\/www.coopatrigo.com.br\/novo\/2015\/05\/21\/coopatrigo-vai-participar-da-campanha-do-lar-do-idoso\/","title":{"rendered":"Coopatrigo vai participar da campanha do Lar do Idoso"},"content":{"rendered":"<div id=\"dslc-main\">\n\t\t<div  class=\"dslc-modules-section \" style=\"padding-bottom:30px;padding-top:30px;background-color:#16452c;background-image:url(https:\/\/www.coopatrigo.com.br\/novo\/wp-content\/uploads\/2021\/02\/bg.png);background-position:center center;\" data-section-id=\"74a23622ed4\">\n\t\t\t\t\n\t\t\t\t\n\t\t\t\t<div class=\"dslc-modules-section-wrapper dslc-clearfix\"><div class=\"dslc-modules-area dslc-col dslc-12-col dslc-last-col dslc-valign- \" data-size=\"12\" data-valign=\"\">\n\t\t<div id=\"dslc-module-24\" class=\"dslc-module-front dslc-module-DSLC_TP_Title dslc-in-viewport-check dslc-in-viewport-anim-none  dslc-col dslc-12-col dslc-last-col  dslc-module-handle-like-regular \" data-module-id=\"24\" data-module=\"DSLC_TP_Title\" data-dslc-module-size=\"12\" data-dslc-anim=\"none\" data-dslc-anim-delay=\"\" data-dslc-anim-duration=\"650\"  data-dslc-anim-easing=\"ease\" data-dslc-preset=\"none\" >\n\n\t\t\t\n\t\t\t\n\t\t\r\n\t\t\t\t<div class=\"dslc-tp-title\"><h1>Coopatrigo vai participar da campanha do Lar do Idoso<\/h1><\/div>\r\n\r\n\t\t\t\n\t\t\t\t<\/div><!-- .dslc-module -->\n\t\t\n\t\t<div id=\"dslc-module-25\" class=\"dslc-module-front dslc-module-DSLC_TP_Meta dslc-in-viewport-check dslc-in-viewport-anim-none  dslc-col dslc-12-col dslc-last-col  dslc-module-handle-like-regular \" data-module-id=\"25\" data-module=\"DSLC_TP_Meta\" data-dslc-module-size=\"12\" data-dslc-anim=\"none\" data-dslc-anim-delay=\"\" data-dslc-anim-duration=\"650\"  data-dslc-anim-easing=\"ease\" data-dslc-preset=\"none\" >\n\n\t\t\t\n\t\t\t\n\t\t\r\n\t\t\t\t<div class=\"dslc-tp-meta dslc-tp-meta-horizontal\">\r\n\t\t\t\t\t<ul class=\"dslc-clearfix\">\r\n\r\n\t\t\t\t\t\t\t\t\t\t\t\t\t<li>21 de maio de 2015<\/li>\r\n\t\t\t\t\t\t\r\n\t\t\t\t\t\t\r\n\t\t\t\t\t\t\r\n\t\t\t\t\t\t\r\n\t\t\t\t\t\t\r\n\t\t\t\t\t<\/ul>\r\n\t\t\t\t<\/div>\r\n\r\n\t\t\t\n\t\t\t\t<\/div><!-- .dslc-module -->\n\t\t<\/div><\/div><\/div>\n\t\t<div  class=\"dslc-modules-section \" style=\"padding-bottom:30px;padding-top:30px;background-color:rgba(230, 230, 230, 0);border-color:rgb(230, 230, 230);border-top-style: hidden; border-right-style: hidden; border-bottom-style: hidden; border-left-style: hidden; \" data-section-id=\"2b557989cda\">\n\t\t\t\t\n\t\t\t\t\n\t\t\t\t<div class=\"dslc-modules-section-wrapper dslc-clearfix\"><div class=\"dslc-modules-area dslc-col dslc-1-col dslc-first-col dslc-valign-undefined \" data-size=\"1\" data-valign=\"undefined\"><\/div><div class=\"dslc-modules-area dslc-col dslc-10-col  dslc-valign- \" data-size=\"10\" data-valign=\"\">\n\t\t<div id=\"dslc-module-a7d04abcf7f\" class=\"dslc-module-front dslc-module-DSLC_TP_Thumbnail dslc-in-viewport-check dslc-in-viewport-anim-none  dslc-col dslc-12-col dslc-last-col  dslc-module-handle-like-regular \" data-module-id=\"a7d04abcf7f\" data-module=\"DSLC_TP_Thumbnail\" data-dslc-module-size=\"12\" data-dslc-anim=\"none\" data-dslc-anim-delay=\"\" data-dslc-anim-duration=\"650\"  data-dslc-anim-easing=\"ease\" data-dslc-preset=\"none\" >\n\n\t\t\t\n\t\t\t\n\t\t\n\t\t\t\t<\/div><!-- .dslc-module -->\n\t\t\n\t\t<div id=\"dslc-module-26\" class=\"dslc-module-front dslc-module-DSLC_TP_Content dslc-in-viewport-check dslc-in-viewport-anim-none  dslc-col dslc-12-col dslc-last-col  dslc-module-handle-like-regular \" data-module-id=\"26\" data-module=\"DSLC_TP_Content\" data-dslc-module-size=\"12\" data-dslc-anim=\"none\" data-dslc-anim-delay=\"\" data-dslc-anim-duration=\"650\"  data-dslc-anim-easing=\"ease\" data-dslc-preset=\"none\" >\n\n\t\t\t\n\t\t\t\n\t\t<div class=\"dslc-tp-content\"><div id=\"dslc-theme-content\"><div id=\"dslc-theme-content-inner\"><p>A Coopatrigo esteve recebendo nesta semana a visita de membros da diretoria do Lar do Idoso de S\u00e3o Luiz Gonzaga, onde os mesmos estiveram expondo a situa\u00e7\u00e3o da institui\u00e7\u00e3o e a necessidade de se conseguir um recurso extra de R$15.000,00 nos pr\u00f3ximos 6 meses em virtude de mudan\u00e7as da legisla\u00e7\u00e3o que impedir\u00e3o que o Lar do Idoso receba verbas atrav\u00e9s da Prefeitura de S\u00e3o Luiz Gonzaga neste per\u00edodo.<\/p>\n<p>Cl\u00e9lia Matos Gomes, Hulda Bremm e Hugo Medeiros foram recebidos pelo presidente Ivo Batista, Superintendente Luiz Fl\u00e1vio de Oliveira e o Gerente Administrativo Sadi Scaramussa.<\/p>\n<p>A presidente do Lar do Idoso S\u00e3o Vicente de Paula explicou toda a situa\u00e7\u00e3o e o que poder\u00e1 acontecer se a institui\u00e7\u00e3o n\u00e3o conseguir mobilizar a comunidade a complementar este valor. \u201cEstamos batendo de porta em porta e j\u00e1 estamos conseguindo algumas ades\u00f5es e por este motivo estamos hoje aqui na Coopatrigo\u201d, justificou a presidente.<\/p>\n<p>O presidente Ivo Batista disse que j\u00e1 tinha conhecimento desta situa\u00e7\u00e3o e j\u00e1 vinha discutindo em n\u00edvel de dire\u00e7\u00e3o uma maneira de a cooperativa contribuir. O dirigente explicou que a Coopatrigo dever\u00e1 lan\u00e7ar em junho uma campanha que faz parte de uma a\u00e7\u00e3o maior do cooperativismo brasileiro que \u00e9 o Dia C, onde algumas institui\u00e7\u00f5es sociais da regi\u00e3o ser\u00e3o beneficiadas entre as quais est\u00e1 o Lar do Idoso de S\u00e3o Luiz Gonzaga.<\/p>\n<p>Ivo Batista explicou que em virtude de a Coopatrigo estar presente em 13 munic\u00edpios s\u00e3o muitos os pedidos de auxilio que chegam at\u00e9 a cooperativa e ela n\u00e3o tem como atender a todos, evitando participar para n\u00e3o beneficiar esta ou aquela entidade em detrimento de outras. A situa\u00e7\u00e3o do Lar do Idoso, no entanto, sensibilizou o dirigente que atrav\u00e9s do setor de insumos, conseguiu com a multinacional BASF a destina\u00e7\u00e3o de R$2.000,00 mensais que ser\u00e3o repassados ao Lar do Idoso nos pr\u00f3ximos seis meses. \u201cEstamos abrindo m\u00e3o de um recurso que \u00e9 destinado para a cooperativa desenvolver campanhas de marketing dos produtos desta empresa, mas \u00e9 por uma boa causa\u201d, justificou o presidente da Coopatrigo Ivo Batista.<\/p>\n<p>A presidente do Lar do Idoso, Cl\u00e9lia Matos Gomes agradeceu pela distin\u00e7\u00e3o que a Coopatrigo est\u00e1 fazendo, dizendo que outras empresas, empres\u00e1rios e profissionais liberais tamb\u00e9m j\u00e1 anunciaram a participa\u00e7\u00e3o na campanha, mas ainda \u00e9 preciso mais ades\u00f5es nesta campanha para que o valor desejado seja arrecadado e os servi\u00e7os da institui\u00e7\u00e3o mantidos.<\/p>\n<p>&nbsp;<\/p>\n<\/div><\/div><\/div>\n\t\t\t\t<\/div><!-- .dslc-module -->\n\t\t<\/div><\/div><\/div><\/div><input type=\"hidden\" id=\"dslca-post-data-thumb\" value=\"\" \/>","protected":false},"excerpt":{"rendered":"<p>Coopatrigo vai participar da campanha do Lar do Idoso 21 de maio de 2015 A Coopatrigo esteve recebendo nesta semana a visita de membros da diretoria do Lar do Idoso de S\u00e3o Luiz Gonzaga, onde os mesmos estiveram expondo a situa\u00e7\u00e3o da institui\u00e7\u00e3o e a necessidade de se conseguir um recurso extra de R$15.000,00 nos [&hellip;]<\/p>\n","protected":false},"author":1,"featured_media":2070,"comment_status":"open","ping_status":"open","sticky":false,"template":"","format":"standard","meta":{"_acf_changed":false,"footnotes":""},"categories":[1],"tags":[],"class_list":["post-2069","post","type-post","status-publish","format-standard","has-post-thumbnail","hentry","category-noticias"],"acf":[],"_links":{"self":[{"href":"https:\/\/www.coopatrigo.com.br\/novo\/wp-json\/wp\/v2\/posts\/2069","targetHints":{"allow":["GET"]}}],"collection":[{"href":"https:\/\/www.coopatrigo.com.br\/novo\/wp-json\/wp\/v2\/posts"}],"about":[{"href":"https:\/\/www.coopatrigo.com.br\/novo\/wp-json\/wp\/v2\/types\/post"}],"author":[{"embeddable":true,"href":"https:\/\/www.coopatrigo.com.br\/novo\/wp-json\/wp\/v2\/users\/1"}],"replies":[{"embeddable":true,"href":"https:\/\/www.coopatrigo.com.br\/novo\/wp-json\/wp\/v2\/comments?post=2069"}],"version-history":[{"count":0,"href":"https:\/\/www.coopatrigo.com.br\/novo\/wp-json\/wp\/v2\/posts\/2069\/revisions"}],"wp:featuredmedia":[{"embeddable":true,"href":"https:\/\/www.coopatrigo.com.br\/novo\/wp-json\/"}],"wp:attachment":[{"href":"https:\/\/www.coopatrigo.com.br\/novo\/wp-json\/wp\/v2\/media?parent=2069"}],"wp:term":[{"taxonomy":"category","embeddable":true,"href":"https:\/\/www.coopatrigo.com.br\/novo\/wp-json\/wp\/v2\/categories?post=2069"},{"taxonomy":"post_tag","embeddable":true,"href":"https:\/\/www.coopatrigo.com.br\/novo\/wp-json\/wp\/v2\/tags?post=2069"}],"curies":[{"name":"wp","href":"https:\/\/api.w.org\/{rel}","templated":true}]}}