{"id":2136,"date":"2015-07-15T08:34:19","date_gmt":"2015-07-15T11:34:19","guid":{"rendered":"http:\/\/www.coopatrigo.com.br\/s\/?p=2136"},"modified":"2018-04-15T23:03:01","modified_gmt":"2018-04-16T02:03:01","slug":"el-nino-pode-ser-o-mais-forte-dos-ultimos-50-anos-e-traz-excesso-de-chuvas-para-o-sul-do-brasil","status":"publish","type":"post","link":"https:\/\/www.coopatrigo.com.br\/novo\/2015\/07\/15\/el-nino-pode-ser-o-mais-forte-dos-ultimos-50-anos-e-traz-excesso-de-chuvas-para-o-sul-do-brasil\/","title":{"rendered":"El Ni\u00f1o pode ser o mais forte dos \u00faltimos 50 anos e traz excesso de chuvas para o Sul do Brasil"},"content":{"rendered":"<div id=\"dslc-theme-content\"><div id=\"dslc-theme-content-inner\"><p>As previs\u00f5es para o El Ni\u00f1o deste ano come\u00e7aram a mudar a medida em que o fen\u00f4meno vem ganhando for\u00e7a e agora, segundo informa a meteorologista s\u00eanior do instituto norte-americano AccuWeather, Kristina Pydynowski, esse pode ser o mais forte dos \u00faltimos 50 anos.\u00a0As \u00faltimas previs\u00f5es indicam ainda que o f\u00eanomeno\u00a0poderia durar at\u00e9 o ver\u00e3o de 2016 na Am\u00e9rica do Sul e primavera do ano que vem na Am\u00e9rica do Norte.\u00a0De acordo com o NOAA &#8211; departamento oficial de clima do governo dos EUA &#8211; h\u00e1 80% da chance desse cen\u00e1rio se confirmar. A institui\u00e7\u00e3o afirma ainda que h\u00e1 uma previs\u00e3o de 90% de que o fen\u00f4meno dure, pelo menos, at\u00e9 o pr\u00f3ximo inverno americano, que se inicia em dezembro.<\/p>\n<p>&#8220;O El Ni\u00f1o apresentou uma for\u00e7a est\u00e1vel ao longo do \u00faltimo m\u00eas e agora est\u00e1 se aproximando para ganhar ainda mais resist\u00eancia. H\u00e1 uma convic\u00e7\u00e3o crescente de que esse ser\u00e1 um dos mais fortes dos \u00faltimos 50 anos, e o fen\u00f4meno atinge seu pico, normalmente, durante o per\u00edodo de dezembro a fevereiro&#8221;, disse Brett Anderson, meteorologista tamb\u00e9m do Accuweather. &#8220;O El Ni\u00f1o mais forte desde o in\u00edcio do s\u00e9culo 20 aconteceu entre os anos de 1997 e 1998&#8221;, completou.<\/p>\n<p>Para o Brasil, os primeiros efeitos j\u00e1 est\u00e3o sendo sentidos: o excesso de chuvas na regi\u00e3o do Sul do pa\u00eds e as previs\u00f5es de mais precipita\u00e7\u00f5es intensas nos pr\u00f3ximos dias. Afinal, este \u00e9 o primeiro inverno brasileiro sob influ\u00eancia do El Ni\u00f1o em mais de meia d\u00e9cada, conforme explica o professor Eugenio Hackbart, do blog de meteorologia Metsul.<\/p>\n<p>&#8220;O El Ni\u00f1o, nesse per\u00edodo do ano, tem o efeito de bloquear a passagem de frentes frias no sul do Brasil, ou seja, elas avan\u00e7am, mas n\u00e3o conseguem sair com tanta rapidez. Ent\u00e3o, elas ficam estacionadas, atuando na mesma regi\u00e3o por v\u00e1rios dias consecutivas, gerando altos volumes de precipita\u00e7\u00e3o&#8221;, explica a meteorologista Estael Sias, tamb\u00e9m do Metsul.<\/p>\n<p>E associado ao El Ni\u00f1o, h\u00e1 ainda, segundo Estael, a atua\u00e7\u00e3o de um outro fen\u00f4meno &#8211; a Oscila\u00e7\u00e3o Madden-Julian (OMJ) &#8211; que \u00e9 uma instabilidade de ciclo de 30 a 60 dias e gira todo o globo terrestre e que deve coincidir sua passagem pelo sul da Am\u00e9rica do Sul nos pr\u00f3ximos dias.<\/p>\n<p>&#8220;Temos o fator clim\u00e1tico, que \u00e9 o El Ni\u00f1o, o desenvolvimento do inverno com a passagem de frentes frias e ainda mais essa instabilidade associada \u00e0 OMJ. Ent\u00e3o, temos estes tr\u00eas fatores atuando em conjunto. E olhando para o oceano Pac\u00edfico Central hoje vemos um aquecimento muito grande, com a forma\u00e7\u00e3o de um El Ni\u00f1o cl\u00e1ssico, com intensidade de moderada a forte e toda a regi\u00e3o, desde a costa da Am\u00e9rica do Sul at\u00e9 a regi\u00e3o Central j\u00e1 registrando temperaturas muito acima da m\u00e9dia&#8221;, explica a meteorologista.<\/p>\n<p>Assim, o quadro para os pr\u00f3ximos meses \u00e9 preocupante para a agricultura, principalmente durante o inverno nos estados de Santa Catarina, Paran\u00e1 e Rio Grande do Sul. O frio deve vir em curtos per\u00edodos e o excesso de chuvas exige aten\u00e7\u00e3o. Entre agosto e setembro &#8211; com a chegada da primavera, os temporais devem se intensificar. A umidade, ainda de acordo com informa\u00e7\u00f5es do Metsul, dever\u00e1 ficar acima da m\u00e9dia nos tr\u00eas estados do Sul, e um cen\u00e1rio semelhante poder\u00e1 ser sentido ainda no Sul de Mato Grosso do Sul.<\/p>\n<p>Fonte: Site Noticias Agr\u00edcolas<\/p>\n<\/div><\/div>","protected":false},"excerpt":{"rendered":"<p>As previs\u00f5es para o El Ni\u00f1o deste ano come\u00e7aram a mudar a medida em que o fen\u00f4meno vem ganhando for\u00e7a e agora, segundo informa a meteorologista s\u00eanior do instituto norte-americano AccuWeather, Kristina Pydynowski, esse pode ser o mais forte dos \u00faltimos 50 anos.\u00a0As \u00faltimas previs\u00f5es indicam ainda que o f\u00eanomeno\u00a0poderia durar at\u00e9 o ver\u00e3o de [&hellip;]<\/p>\n","protected":false},"author":1,"featured_media":2137,"comment_status":"open","ping_status":"open","sticky":false,"template":"","format":"standard","meta":{"_acf_changed":false,"footnotes":""},"categories":[1],"tags":[],"class_list":["post-2136","post","type-post","status-publish","format-standard","has-post-thumbnail","hentry","category-noticias"],"acf":[],"_links":{"self":[{"href":"https:\/\/www.coopatrigo.com.br\/novo\/wp-json\/wp\/v2\/posts\/2136","targetHints":{"allow":["GET"]}}],"collection":[{"href":"https:\/\/www.coopatrigo.com.br\/novo\/wp-json\/wp\/v2\/posts"}],"about":[{"href":"https:\/\/www.coopatrigo.com.br\/novo\/wp-json\/wp\/v2\/types\/post"}],"author":[{"embeddable":true,"href":"https:\/\/www.coopatrigo.com.br\/novo\/wp-json\/wp\/v2\/users\/1"}],"replies":[{"embeddable":true,"href":"https:\/\/www.coopatrigo.com.br\/novo\/wp-json\/wp\/v2\/comments?post=2136"}],"version-history":[{"count":0,"href":"https:\/\/www.coopatrigo.com.br\/novo\/wp-json\/wp\/v2\/posts\/2136\/revisions"}],"wp:featuredmedia":[{"embeddable":true,"href":"https:\/\/www.coopatrigo.com.br\/novo\/wp-json\/"}],"wp:attachment":[{"href":"https:\/\/www.coopatrigo.com.br\/novo\/wp-json\/wp\/v2\/media?parent=2136"}],"wp:term":[{"taxonomy":"category","embeddable":true,"href":"https:\/\/www.coopatrigo.com.br\/novo\/wp-json\/wp\/v2\/categories?post=2136"},{"taxonomy":"post_tag","embeddable":true,"href":"https:\/\/www.coopatrigo.com.br\/novo\/wp-json\/wp\/v2\/tags?post=2136"}],"curies":[{"name":"wp","href":"https:\/\/api.w.org\/{rel}","templated":true}]}}