{"id":2140,"date":"2015-07-17T11:30:55","date_gmt":"2015-07-17T14:30:55","guid":{"rendered":"http:\/\/www.coopatrigo.com.br\/s\/?p=2140"},"modified":"2018-04-15T23:03:01","modified_gmt":"2018-04-16T02:03:01","slug":"seminario-das-frencoops-municipais-sera-em-santa-rosa","status":"publish","type":"post","link":"https:\/\/www.coopatrigo.com.br\/novo\/2015\/07\/17\/seminario-das-frencoops-municipais-sera-em-santa-rosa\/","title":{"rendered":"Semin\u00e1rio das Frencoops Municipais ser\u00e1 em Santa Rosa"},"content":{"rendered":"<div id=\"dslc-main\">\n\t\t<div  class=\"dslc-modules-section \" style=\"padding-bottom:30px;padding-top:30px;background-color:#16452c;background-image:url(https:\/\/www.coopatrigo.com.br\/novo\/wp-content\/uploads\/2021\/02\/bg.png);background-position:center center;\" data-section-id=\"74a23622ed4\">\n\t\t\t\t\n\t\t\t\t\n\t\t\t\t<div class=\"dslc-modules-section-wrapper dslc-clearfix\"><div class=\"dslc-modules-area dslc-col dslc-12-col dslc-last-col dslc-valign- \" data-size=\"12\" data-valign=\"\">\n\t\t<div id=\"dslc-module-24\" class=\"dslc-module-front dslc-module-DSLC_TP_Title dslc-in-viewport-check dslc-in-viewport-anim-none  dslc-col dslc-12-col dslc-last-col  dslc-module-handle-like-regular \" data-module-id=\"24\" data-module=\"DSLC_TP_Title\" data-dslc-module-size=\"12\" data-dslc-anim=\"none\" data-dslc-anim-delay=\"\" data-dslc-anim-duration=\"650\"  data-dslc-anim-easing=\"ease\" data-dslc-preset=\"none\" >\n\n\t\t\t\n\t\t\t\n\t\t\r\n\t\t\t\t<div class=\"dslc-tp-title\"><h1>Semin\u00e1rio das Frencoops Municipais ser\u00e1 em Santa Rosa<\/h1><\/div>\r\n\r\n\t\t\t\n\t\t\t\t<\/div><!-- .dslc-module -->\n\t\t\n\t\t<div id=\"dslc-module-25\" class=\"dslc-module-front dslc-module-DSLC_TP_Meta dslc-in-viewport-check dslc-in-viewport-anim-none  dslc-col dslc-12-col dslc-last-col  dslc-module-handle-like-regular \" data-module-id=\"25\" data-module=\"DSLC_TP_Meta\" data-dslc-module-size=\"12\" data-dslc-anim=\"none\" data-dslc-anim-delay=\"\" data-dslc-anim-duration=\"650\"  data-dslc-anim-easing=\"ease\" data-dslc-preset=\"none\" >\n\n\t\t\t\n\t\t\t\n\t\t\r\n\t\t\t\t<div class=\"dslc-tp-meta dslc-tp-meta-horizontal\">\r\n\t\t\t\t\t<ul class=\"dslc-clearfix\">\r\n\r\n\t\t\t\t\t\t\t\t\t\t\t\t\t<li>17 de julho de 2015<\/li>\r\n\t\t\t\t\t\t\r\n\t\t\t\t\t\t\r\n\t\t\t\t\t\t\r\n\t\t\t\t\t\t\r\n\t\t\t\t\t\t\r\n\t\t\t\t\t<\/ul>\r\n\t\t\t\t<\/div>\r\n\r\n\t\t\t\n\t\t\t\t<\/div><!-- .dslc-module -->\n\t\t<\/div><\/div><\/div>\n\t\t<div  class=\"dslc-modules-section \" style=\"padding-bottom:30px;padding-top:30px;background-color:rgba(230, 230, 230, 0);border-color:rgb(230, 230, 230);border-top-style: hidden; border-right-style: hidden; border-bottom-style: hidden; border-left-style: hidden; \" data-section-id=\"2b557989cda\">\n\t\t\t\t\n\t\t\t\t\n\t\t\t\t<div class=\"dslc-modules-section-wrapper dslc-clearfix\"><div class=\"dslc-modules-area dslc-col dslc-1-col dslc-first-col dslc-valign-undefined \" data-size=\"1\" data-valign=\"undefined\"><\/div><div class=\"dslc-modules-area dslc-col dslc-10-col  dslc-valign- \" data-size=\"10\" data-valign=\"\">\n\t\t<div id=\"dslc-module-a7d04abcf7f\" class=\"dslc-module-front dslc-module-DSLC_TP_Thumbnail dslc-in-viewport-check dslc-in-viewport-anim-none  dslc-col dslc-12-col dslc-last-col  dslc-module-handle-like-regular \" data-module-id=\"a7d04abcf7f\" data-module=\"DSLC_TP_Thumbnail\" data-dslc-module-size=\"12\" data-dslc-anim=\"none\" data-dslc-anim-delay=\"\" data-dslc-anim-duration=\"650\"  data-dslc-anim-easing=\"ease\" data-dslc-preset=\"none\" >\n\n\t\t\t\n\t\t\t\n\t\t\n\t\t\t\t<\/div><!-- .dslc-module -->\n\t\t\n\t\t<div id=\"dslc-module-26\" class=\"dslc-module-front dslc-module-DSLC_TP_Content dslc-in-viewport-check dslc-in-viewport-anim-none  dslc-col dslc-12-col dslc-last-col  dslc-module-handle-like-regular \" data-module-id=\"26\" data-module=\"DSLC_TP_Content\" data-dslc-module-size=\"12\" data-dslc-anim=\"none\" data-dslc-anim-delay=\"\" data-dslc-anim-duration=\"650\"  data-dslc-anim-easing=\"ease\" data-dslc-preset=\"none\" >\n\n\t\t\t\n\t\t\t\n\t\t<div class=\"dslc-tp-content\"><div id=\"dslc-theme-content\"><div id=\"dslc-theme-content-inner\"><p>O Sindicato e Organiza\u00e7\u00e3o das Cooperativas do Estado do Rio Grande do Sul &#8211; Ocergs realiza no dia 24 de julho, a partir das 9 horas, na C\u00e2mara de Vereadores de Santa Rosa (Rua Guapor\u00e9 376), a segunda etapa dos Semin\u00e1rios das Frencoops 2015. Os eventos t\u00eam como objetivo despertar nos parlamentares municipais a necessidade de cria\u00e7\u00e3o de frentes de apoio ao setor nos legislativos municipais, assim como ocorre em \u00e2mbito estadual e federal. \u201cAs Frencoops nasceram pela necessidade da uni\u00e3o e do trabalho em conjunto do setor cooperativo e dos parlamentos, independente da sigla partid\u00e1ria, para que as propostas do sistema cooperativista possam sair do papel e acontecer na pr\u00e1tica\u201d, ressalta o presidente do Sistema Ocergs-Sescoop\/RS, Vergilio Perius, que espera um grande n\u00famero de cooperativistas e vereadores para o encontro.<\/p>\n<p>As Frencoops trabalham em conjunto com o sistema cooperativista na promo\u00e7\u00e3o do desenvolvimento sustent\u00e1vel pela coopera\u00e7\u00e3o e seguem os valores do cooperativismo. Buscam aperfei\u00e7oar e complementar a legisla\u00e7\u00e3o que envolve mat\u00e9rias de interesse do cooperativismo, apoiando e agilizando projetos que visem ao desenvolvimento e fortalecimento do setor. Outra vertente da Frencoop, alicer\u00e7ada na fun\u00e7\u00e3o primordial dos legisladores, \u00e9 a de fiscalizar os atos do Poder Executivo que dizem respeito ao cooperativismo, discutindo, acompanhando e sugerindo medidas que permitam seu desenvolvimento.<\/p>\n<p>A Coopatrigo juntamente com a OCERGS est\u00e1 convidando aos vereadores de toda a sua \u00e1rea de abrang\u00eancia para que participem deste encontro. O presidente Ivo Batista j\u00e1 confirmou a sua participa\u00e7\u00e3o no semin\u00e1rio e dever\u00e1 estar em Santa Rosa no dia 24 de julho.<\/p>\n<p>&nbsp;<\/p>\n<p>Programa\u00e7\u00e3o do Semin\u00e1rio em Santa Rosa &#8211; 24 de julho de 2015<\/p>\n<p>09h &#8211; Credenciamento<\/p>\n<p>09h30 &#8211; Abertura<\/p>\n<p>09h45 &#8211; Palestra: \u201cA Express\u00e3o do Cooperativismo Ga\u00facho\u201d &#8211; Vergilio Perius &#8211; presidente do Sistema Ocergs-Sescoop\/RS;<\/p>\n<p>10h30 &#8211; Palestra: \u201cLegisla\u00e7\u00e3o e Orienta\u00e7\u00e3o para a constitui\u00e7\u00e3o de Frencoops municipais\u201d &#8211; coordenador jur\u00eddico &#8211; Tiago Machado &#8211; Sistema Ocergs-Sescoop\/RS;<\/p>\n<p>11h &#8211; Coffee-break<\/p>\n<p>11h15 &#8211; Painel: Frencoop\/RS e Frencoop Municipal &#8211; Tema: A\u00e7\u00f5es em favor do cooperativismo.<\/p>\n<p>11h45 &#8211; Participa\u00e7\u00e3o das cooperativas locais.<\/p>\n<p>13h &#8211; Almo\u00e7o na sede da AFUCO &#8211; Associa\u00e7\u00e3o dos Funcion\u00e1rios da Cotrirosa, Rua Estanislau Kwiatkowski, 986 &#8211; S\u00e3o Francisco, Santa Rosa.<\/p>\n<\/div><\/div><\/div>\n\t\t\t\t<\/div><!-- .dslc-module -->\n\t\t<\/div><\/div><\/div><\/div><input type=\"hidden\" id=\"dslca-post-data-thumb\" value=\"\" \/>","protected":false},"excerpt":{"rendered":"<p>Semin\u00e1rio das Frencoops Municipais ser\u00e1 em Santa Rosa 17 de julho de 2015 O Sindicato e Organiza\u00e7\u00e3o das Cooperativas do Estado do Rio Grande do Sul &#8211; Ocergs realiza no dia 24 de julho, a partir das 9 horas, na C\u00e2mara de Vereadores de Santa Rosa (Rua Guapor\u00e9 376), a segunda etapa dos Semin\u00e1rios das [&hellip;]<\/p>\n","protected":false},"author":1,"featured_media":2141,"comment_status":"open","ping_status":"open","sticky":false,"template":"","format":"standard","meta":{"_acf_changed":false,"footnotes":""},"categories":[1],"tags":[],"class_list":["post-2140","post","type-post","status-publish","format-standard","has-post-thumbnail","hentry","category-noticias"],"acf":[],"_links":{"self":[{"href":"https:\/\/www.coopatrigo.com.br\/novo\/wp-json\/wp\/v2\/posts\/2140","targetHints":{"allow":["GET"]}}],"collection":[{"href":"https:\/\/www.coopatrigo.com.br\/novo\/wp-json\/wp\/v2\/posts"}],"about":[{"href":"https:\/\/www.coopatrigo.com.br\/novo\/wp-json\/wp\/v2\/types\/post"}],"author":[{"embeddable":true,"href":"https:\/\/www.coopatrigo.com.br\/novo\/wp-json\/wp\/v2\/users\/1"}],"replies":[{"embeddable":true,"href":"https:\/\/www.coopatrigo.com.br\/novo\/wp-json\/wp\/v2\/comments?post=2140"}],"version-history":[{"count":0,"href":"https:\/\/www.coopatrigo.com.br\/novo\/wp-json\/wp\/v2\/posts\/2140\/revisions"}],"wp:featuredmedia":[{"embeddable":true,"href":"https:\/\/www.coopatrigo.com.br\/novo\/wp-json\/"}],"wp:attachment":[{"href":"https:\/\/www.coopatrigo.com.br\/novo\/wp-json\/wp\/v2\/media?parent=2140"}],"wp:term":[{"taxonomy":"category","embeddable":true,"href":"https:\/\/www.coopatrigo.com.br\/novo\/wp-json\/wp\/v2\/categories?post=2140"},{"taxonomy":"post_tag","embeddable":true,"href":"https:\/\/www.coopatrigo.com.br\/novo\/wp-json\/wp\/v2\/tags?post=2140"}],"curies":[{"name":"wp","href":"https:\/\/api.w.org\/{rel}","templated":true}]}}