{"id":2147,"date":"2015-07-27T16:11:30","date_gmt":"2015-07-27T19:11:30","guid":{"rendered":"http:\/\/www.coopatrigo.com.br\/s\/?p=2147"},"modified":"2018-04-15T23:03:02","modified_gmt":"2018-04-16T02:03:02","slug":"comitiva-de-sao-luiz-gonzaga-participou-de-seminario-das-frencoops-municipais-em-santa-rosa","status":"publish","type":"post","link":"https:\/\/www.coopatrigo.com.br\/novo\/2015\/07\/27\/comitiva-de-sao-luiz-gonzaga-participou-de-seminario-das-frencoops-municipais-em-santa-rosa\/","title":{"rendered":"Comitiva de S\u00e3o Luiz Gonzaga participou de Semin\u00e1rio das Frencoops municipais em Santa Rosa"},"content":{"rendered":"<div id=\"dslc-main\">\n\t\t<div  class=\"dslc-modules-section \" style=\"padding-bottom:30px;padding-top:30px;background-color:#16452c;background-image:url(https:\/\/www.coopatrigo.com.br\/novo\/wp-content\/uploads\/2021\/02\/bg.png);background-position:center center;\" data-section-id=\"74a23622ed4\">\n\t\t\t\t\n\t\t\t\t\n\t\t\t\t<div class=\"dslc-modules-section-wrapper dslc-clearfix\"><div class=\"dslc-modules-area dslc-col dslc-12-col dslc-last-col dslc-valign- \" data-size=\"12\" data-valign=\"\">\n\t\t<div id=\"dslc-module-24\" class=\"dslc-module-front dslc-module-DSLC_TP_Title dslc-in-viewport-check dslc-in-viewport-anim-none  dslc-col dslc-12-col dslc-last-col  dslc-module-handle-like-regular \" data-module-id=\"24\" data-module=\"DSLC_TP_Title\" data-dslc-module-size=\"12\" data-dslc-anim=\"none\" data-dslc-anim-delay=\"\" data-dslc-anim-duration=\"650\"  data-dslc-anim-easing=\"ease\" data-dslc-preset=\"none\" >\n\n\t\t\t\n\t\t\t\n\t\t\r\n\t\t\t\t<div class=\"dslc-tp-title\"><h1>Comitiva de S\u00e3o Luiz Gonzaga participou de Semin\u00e1rio das Frencoops municipais em Santa Rosa<\/h1><\/div>\r\n\r\n\t\t\t\n\t\t\t\t<\/div><!-- .dslc-module -->\n\t\t\n\t\t<div id=\"dslc-module-25\" class=\"dslc-module-front dslc-module-DSLC_TP_Meta dslc-in-viewport-check dslc-in-viewport-anim-none  dslc-col dslc-12-col dslc-last-col  dslc-module-handle-like-regular \" data-module-id=\"25\" data-module=\"DSLC_TP_Meta\" data-dslc-module-size=\"12\" data-dslc-anim=\"none\" data-dslc-anim-delay=\"\" data-dslc-anim-duration=\"650\"  data-dslc-anim-easing=\"ease\" data-dslc-preset=\"none\" >\n\n\t\t\t\n\t\t\t\n\t\t\r\n\t\t\t\t<div class=\"dslc-tp-meta dslc-tp-meta-horizontal\">\r\n\t\t\t\t\t<ul class=\"dslc-clearfix\">\r\n\r\n\t\t\t\t\t\t\t\t\t\t\t\t\t<li>27 de julho de 2015<\/li>\r\n\t\t\t\t\t\t\r\n\t\t\t\t\t\t\r\n\t\t\t\t\t\t\r\n\t\t\t\t\t\t\r\n\t\t\t\t\t\t\r\n\t\t\t\t\t<\/ul>\r\n\t\t\t\t<\/div>\r\n\r\n\t\t\t\n\t\t\t\t<\/div><!-- .dslc-module -->\n\t\t<\/div><\/div><\/div>\n\t\t<div  class=\"dslc-modules-section \" style=\"padding-bottom:30px;padding-top:30px;background-color:rgba(230, 230, 230, 0);border-color:rgb(230, 230, 230);border-top-style: hidden; border-right-style: hidden; border-bottom-style: hidden; border-left-style: hidden; \" data-section-id=\"2b557989cda\">\n\t\t\t\t\n\t\t\t\t\n\t\t\t\t<div class=\"dslc-modules-section-wrapper dslc-clearfix\"><div class=\"dslc-modules-area dslc-col dslc-1-col dslc-first-col dslc-valign-undefined \" data-size=\"1\" data-valign=\"undefined\"><\/div><div class=\"dslc-modules-area dslc-col dslc-10-col  dslc-valign- \" data-size=\"10\" data-valign=\"\">\n\t\t<div id=\"dslc-module-a7d04abcf7f\" class=\"dslc-module-front dslc-module-DSLC_TP_Thumbnail dslc-in-viewport-check dslc-in-viewport-anim-none  dslc-col dslc-12-col dslc-last-col  dslc-module-handle-like-regular \" data-module-id=\"a7d04abcf7f\" data-module=\"DSLC_TP_Thumbnail\" data-dslc-module-size=\"12\" data-dslc-anim=\"none\" data-dslc-anim-delay=\"\" data-dslc-anim-duration=\"650\"  data-dslc-anim-easing=\"ease\" data-dslc-preset=\"none\" >\n\n\t\t\t\n\t\t\t\n\t\t\n\t\t\t\t<\/div><!-- .dslc-module -->\n\t\t\n\t\t<div id=\"dslc-module-26\" class=\"dslc-module-front dslc-module-DSLC_TP_Content dslc-in-viewport-check dslc-in-viewport-anim-none  dslc-col dslc-12-col dslc-last-col  dslc-module-handle-like-regular \" data-module-id=\"26\" data-module=\"DSLC_TP_Content\" data-dslc-module-size=\"12\" data-dslc-anim=\"none\" data-dslc-anim-delay=\"\" data-dslc-anim-duration=\"650\"  data-dslc-anim-easing=\"ease\" data-dslc-preset=\"none\" >\n\n\t\t\t\n\t\t\t\n\t\t<div class=\"dslc-tp-content\"><div id=\"dslc-theme-content\"><div id=\"dslc-theme-content-inner\"><p>Foi realizado na \u00faltima sexta-feira, dia 24 de julho em Santa Rosa numa promo\u00e7\u00e3o do sistema Ocergs\/Sescoop o semin\u00e1rio das Frencoops municipais com a participa\u00e7\u00e3o de vereadores e representantes cooperativistas de 20 munic\u00edpios da regi\u00e3o noroeste do Rio Grande do Sul.<\/p>\n<p>De S\u00e3o Luiz Gonzaga participaram o presidente da Coopatrigo Ivo Batista e o assessor de comunica\u00e7\u00e3o Roberto Marques, al\u00e9m de uma comitiva de 6 vereadores: Jos\u00e9 Antonio Caetano Braga, Maria de Lurdes\u00a0Mateznbacker , Celestino Stragliotto, Reni Rodrigues Lopes, Paulo Cesar Trindade e Emerson Matos.<\/p>\n<p>As Frencoops trabalham em conjunto com o sistema cooperativista na promo\u00e7\u00e3o do desenvolvimento sustent\u00e1vel pela coopera\u00e7\u00e3o e seguem os valores do cooperativismo. Buscam aperfei\u00e7oar e complementar a legisla\u00e7\u00e3o que envolve mat\u00e9rias de interesse do cooperativismo, apoiando e agilizando projetos que visem ao desenvolvimento e fortalecimento do setor. Outra vertente da Frencoop, alicer\u00e7ada na fun\u00e7\u00e3o primordial dos legisladores, \u00e9 a de fiscalizar os atos do Poder Executivo que dizem respeito ao cooperativismo, discutindo, acompanhando e sugerindo medidas que permitam seu desenvolvimento.<\/p>\n<p>O evento teve duas importantes palestras, uma ministrada pelo presidente do sistema Ocergs\/Sescoop Vergilio Perius abordando a express\u00e3o do cooperativismo ga\u00facho, que vem crescendo e realizando investimentos expressivos no Rio Grande do Sul e o coordenador jur\u00eddico da Ocergs, Tiago Machado, que trabalhou a quest\u00e3o jur\u00eddica da forma\u00e7\u00e3o das Frentes parlamentares.<\/p>\n<p>Participaram do semin\u00e1rio a deputada Zil\u00e1 Breitenbach, representando a Frencoop estadual; tamb\u00e9m os representantes das seguintes cooperativas: Querino Volkmer (Cooperluz), Joel Capeletti (Coopermil) e Fernando Dall\u2019Agnese (Sicredi Uni\u00e3o), Alo\u00edsio Selch (Cotrirosa), \u00a0Diom\u00e9des Rech (Cermiss\u00f5es), Gelson Bridi (Cotricampo), Alexandre Dallagnese (Cooperconc\u00f3rdia), Enilto Balbinot (Comtul); o representante da Secretaria do Desenvolvimento Rural e Cooperativismo, C\u00e9lio Colle; o pr\u00f3-reitor da Uniju\u00ed Campus Santa Rosa, Ariosto Sparemberger; o gerente regional adjunto da Emater, Vanderlei Waschburger e os representantes dos deputados estaduais integrantes da Frencoop estadual, S\u00e9rgio Turra, Juliano Roso, Jeferson Fernandes, Alo\u00edsio Classmann.<\/p>\n<\/div><\/div><\/div>\n\t\t\t\t<\/div><!-- .dslc-module -->\n\t\t<\/div><\/div><\/div><\/div><input type=\"hidden\" id=\"dslca-post-data-thumb\" value=\"\" \/>","protected":false},"excerpt":{"rendered":"<p>Comitiva de S\u00e3o Luiz Gonzaga participou de Semin\u00e1rio das Frencoops municipais em Santa Rosa 27 de julho de 2015 Foi realizado na \u00faltima sexta-feira, dia 24 de julho em Santa Rosa numa promo\u00e7\u00e3o do sistema Ocergs\/Sescoop o semin\u00e1rio das Frencoops municipais com a participa\u00e7\u00e3o de vereadores e representantes cooperativistas de 20 munic\u00edpios da regi\u00e3o noroeste [&hellip;]<\/p>\n","protected":false},"author":1,"featured_media":2148,"comment_status":"open","ping_status":"open","sticky":false,"template":"","format":"standard","meta":{"_acf_changed":false,"footnotes":""},"categories":[1],"tags":[],"class_list":["post-2147","post","type-post","status-publish","format-standard","has-post-thumbnail","hentry","category-noticias"],"acf":[],"_links":{"self":[{"href":"https:\/\/www.coopatrigo.com.br\/novo\/wp-json\/wp\/v2\/posts\/2147","targetHints":{"allow":["GET"]}}],"collection":[{"href":"https:\/\/www.coopatrigo.com.br\/novo\/wp-json\/wp\/v2\/posts"}],"about":[{"href":"https:\/\/www.coopatrigo.com.br\/novo\/wp-json\/wp\/v2\/types\/post"}],"author":[{"embeddable":true,"href":"https:\/\/www.coopatrigo.com.br\/novo\/wp-json\/wp\/v2\/users\/1"}],"replies":[{"embeddable":true,"href":"https:\/\/www.coopatrigo.com.br\/novo\/wp-json\/wp\/v2\/comments?post=2147"}],"version-history":[{"count":0,"href":"https:\/\/www.coopatrigo.com.br\/novo\/wp-json\/wp\/v2\/posts\/2147\/revisions"}],"wp:featuredmedia":[{"embeddable":true,"href":"https:\/\/www.coopatrigo.com.br\/novo\/wp-json\/"}],"wp:attachment":[{"href":"https:\/\/www.coopatrigo.com.br\/novo\/wp-json\/wp\/v2\/media?parent=2147"}],"wp:term":[{"taxonomy":"category","embeddable":true,"href":"https:\/\/www.coopatrigo.com.br\/novo\/wp-json\/wp\/v2\/categories?post=2147"},{"taxonomy":"post_tag","embeddable":true,"href":"https:\/\/www.coopatrigo.com.br\/novo\/wp-json\/wp\/v2\/tags?post=2147"}],"curies":[{"name":"wp","href":"https:\/\/api.w.org\/{rel}","templated":true}]}}