{"id":2172,"date":"2015-08-31T08:27:25","date_gmt":"2015-08-31T11:27:25","guid":{"rendered":"http:\/\/www.coopatrigo.com.br\/s\/?p=2172"},"modified":"2018-04-15T23:03:02","modified_gmt":"2018-04-16T02:03:02","slug":"novo-centro-agropecuario-da-coopatrigo-sera-aberto-nesta-semana","status":"publish","type":"post","link":"https:\/\/www.coopatrigo.com.br\/novo\/2015\/08\/31\/novo-centro-agropecuario-da-coopatrigo-sera-aberto-nesta-semana\/","title":{"rendered":"Novo Centro Agropecu\u00e1rio da Coopatrigo ser\u00e1 aberto nesta semana"},"content":{"rendered":"<div id=\"dslc-main\">\n\t\t<div  class=\"dslc-modules-section \" style=\"padding-bottom:30px;padding-top:30px;background-color:#16452c;background-image:url(https:\/\/www.coopatrigo.com.br\/novo\/wp-content\/uploads\/2021\/02\/bg.png);background-position:center center;\" data-section-id=\"74a23622ed4\">\n\t\t\t\t\n\t\t\t\t\n\t\t\t\t<div class=\"dslc-modules-section-wrapper dslc-clearfix\"><div class=\"dslc-modules-area dslc-col dslc-12-col dslc-last-col dslc-valign- \" data-size=\"12\" data-valign=\"\">\n\t\t<div id=\"dslc-module-24\" class=\"dslc-module-front dslc-module-DSLC_TP_Title dslc-in-viewport-check dslc-in-viewport-anim-none  dslc-col dslc-12-col dslc-last-col  dslc-module-handle-like-regular \" data-module-id=\"24\" data-module=\"DSLC_TP_Title\" data-dslc-module-size=\"12\" data-dslc-anim=\"none\" data-dslc-anim-delay=\"\" data-dslc-anim-duration=\"650\"  data-dslc-anim-easing=\"ease\" data-dslc-preset=\"none\" >\n\n\t\t\t\n\t\t\t\n\t\t\r\n\t\t\t\t<div class=\"dslc-tp-title\"><h1>Novo Centro Agropecu\u00e1rio da Coopatrigo ser\u00e1 aberto nesta semana<\/h1><\/div>\r\n\r\n\t\t\t\n\t\t\t\t<\/div><!-- .dslc-module -->\n\t\t\n\t\t<div id=\"dslc-module-25\" class=\"dslc-module-front dslc-module-DSLC_TP_Meta dslc-in-viewport-check dslc-in-viewport-anim-none  dslc-col dslc-12-col dslc-last-col  dslc-module-handle-like-regular \" data-module-id=\"25\" data-module=\"DSLC_TP_Meta\" data-dslc-module-size=\"12\" data-dslc-anim=\"none\" data-dslc-anim-delay=\"\" data-dslc-anim-duration=\"650\"  data-dslc-anim-easing=\"ease\" data-dslc-preset=\"none\" >\n\n\t\t\t\n\t\t\t\n\t\t\r\n\t\t\t\t<div class=\"dslc-tp-meta dslc-tp-meta-horizontal\">\r\n\t\t\t\t\t<ul class=\"dslc-clearfix\">\r\n\r\n\t\t\t\t\t\t\t\t\t\t\t\t\t<li>31 de agosto de 2015<\/li>\r\n\t\t\t\t\t\t\r\n\t\t\t\t\t\t\r\n\t\t\t\t\t\t\r\n\t\t\t\t\t\t\r\n\t\t\t\t\t\t\r\n\t\t\t\t\t<\/ul>\r\n\t\t\t\t<\/div>\r\n\r\n\t\t\t\n\t\t\t\t<\/div><!-- .dslc-module -->\n\t\t<\/div><\/div><\/div>\n\t\t<div  class=\"dslc-modules-section \" style=\"padding-bottom:30px;padding-top:30px;background-color:rgba(230, 230, 230, 0);border-color:rgb(230, 230, 230);border-top-style: hidden; border-right-style: hidden; border-bottom-style: hidden; border-left-style: hidden; \" data-section-id=\"2b557989cda\">\n\t\t\t\t\n\t\t\t\t\n\t\t\t\t<div class=\"dslc-modules-section-wrapper dslc-clearfix\"><div class=\"dslc-modules-area dslc-col dslc-1-col dslc-first-col dslc-valign-undefined \" data-size=\"1\" data-valign=\"undefined\"><\/div><div class=\"dslc-modules-area dslc-col dslc-10-col  dslc-valign- \" data-size=\"10\" data-valign=\"\">\n\t\t<div id=\"dslc-module-a7d04abcf7f\" class=\"dslc-module-front dslc-module-DSLC_TP_Thumbnail dslc-in-viewport-check dslc-in-viewport-anim-none  dslc-col dslc-12-col dslc-last-col  dslc-module-handle-like-regular \" data-module-id=\"a7d04abcf7f\" data-module=\"DSLC_TP_Thumbnail\" data-dslc-module-size=\"12\" data-dslc-anim=\"none\" data-dslc-anim-delay=\"\" data-dslc-anim-duration=\"650\"  data-dslc-anim-easing=\"ease\" data-dslc-preset=\"none\" >\n\n\t\t\t\n\t\t\t\n\t\t\n\t\t\t\t<\/div><!-- .dslc-module -->\n\t\t\n\t\t<div id=\"dslc-module-26\" class=\"dslc-module-front dslc-module-DSLC_TP_Content dslc-in-viewport-check dslc-in-viewport-anim-none  dslc-col dslc-12-col dslc-last-col  dslc-module-handle-like-regular \" data-module-id=\"26\" data-module=\"DSLC_TP_Content\" data-dslc-module-size=\"12\" data-dslc-anim=\"none\" data-dslc-anim-delay=\"\" data-dslc-anim-duration=\"650\"  data-dslc-anim-easing=\"ease\" data-dslc-preset=\"none\" >\n\n\t\t\t\n\t\t\t\n\t\t<div class=\"dslc-tp-content\"><div id=\"dslc-theme-content\"><div id=\"dslc-theme-content-inner\"><p>Com uma \u00e1rea de 3.360 metros quadrados de pavilh\u00e3o, a Coopatrigo abre as portas do Centro Agropecu\u00e1rio e Automotivo a partir de quarta-feira, dia 02 de setembro. O ato de inaugura\u00e7\u00e3o oficial ocorrer\u00e1 no dia 1\u00b0 de setembro a partir das 19 horas, quando a nova loja ser\u00e1 apresentada para convidados e autoridades. Esta inaugura\u00e7\u00e3o tamb\u00e9m vai abrir as programa\u00e7\u00f5es de comemora\u00e7\u00e3o dos 58 anos da Coopatrigo que transcorrer\u00e3o ao longo do m\u00eas de setembro.<\/p>\n<p>O Centro Agropecu\u00e1rio e Automotivo \u00e9 uma transforma\u00e7\u00e3o da atual sess\u00e3o de consumo e veterin\u00e1ria em uma moderna e ampla loja, que al\u00e9m de novos itens e servi\u00e7os tamb\u00e9m vai servir como central de distribui\u00e7\u00e3o para as lojas que a Coopatrigo possui em nove munic\u00edpios da sua \u00e1rea de abrang\u00eancia, as quais receberam nos \u00faltimos anos investimentos de amplia\u00e7\u00e3o.<\/p>\n<p>A nova loja ter\u00e1 v\u00e1rios departamentos como: material hidr\u00e1ulico, material, el\u00e9trico, material de constru\u00e7\u00e3o, ferramentas, tintas, parafusos, retentores, rolamentos, EPIs(equipamentos de prote\u00e7\u00e3o individual), p\u00e9\u00e7as, filtros, correias, lubrificantes, lonas e pneus. Na linha de pneus haver\u00e1 tamb\u00e9m servi\u00e7os de montagem de todos os tipos de pneus e tamb\u00e9m geometria e balanceamento com modernos equipamentos.<\/p>\n<p>Na parte veterin\u00e1ria os servi\u00e7os tamb\u00e9m estar\u00e3o aumentando com novos produtos, variedade de botas e botinas, um departamento de vestu\u00e1rio e linha de produtos PET para c\u00e3es e gatos.<\/p>\n<p>Fazendo parte das atra\u00e7\u00f5es de abertura do Centro Agropecu\u00e1rio e Automotivo, no dia 02 de setembro vai ocorrer a apresenta\u00e7\u00e3o ao vivo de dois programas de r\u00e1dio, o Jornal da Manh\u00e3 com Nivaldo Maciel da R\u00e1dio Missioneira e o Express\u00e3o Livre com Jo\u00e3o Ribeiro da R\u00e1dio S\u00e3o Luiz.<\/p>\n<p>Nos dias 3 e 4 de setembro tamb\u00e9m fazendo parte das programa\u00e7\u00f5es de anivers\u00e1rio da Coopatrigo, no estacionamento do Centro Agropecu\u00e1rio haver\u00e1 a presen\u00e7a da \u201cCarreta URSA Texaco\u201d, que \u00e9 um servi\u00e7o itinerante que a Texaco do Brasil est\u00e1 levando at\u00e9 os seus principais parceiros comerciais para prestar treinamentos a clientes sobre o uso de lubrificantes e tamb\u00e9m servi\u00e7os na \u00e1rea da sa\u00fade como exames de glicose, verifica\u00e7\u00e3o de press\u00e3o arterial e exames oftalmol\u00f3gicos.<\/p>\n<p>O presidente da Coopatrigo Ivo Bastista em nome da diretoria e Conselho de Administra\u00e7\u00e3o espera uma participa\u00e7\u00e3o expressiva de associados e clientes a partir do dia 02 de setembro neste novo empreendimento que foi feito para atender as necessidades dos associados em suas propriedades, mas tamb\u00e9m visando toda a comunidade regional que poder\u00e1 se utilizar deste local para fazer suas compras e utilizar os servi\u00e7os que ali estar\u00e3o sendo oferecidos.<\/p>\n<p>&nbsp;<\/p>\n<\/div><\/div><\/div>\n\t\t\t\t<\/div><!-- .dslc-module -->\n\t\t<\/div><\/div><\/div><\/div><input type=\"hidden\" id=\"dslca-post-data-thumb\" value=\"\" \/>","protected":false},"excerpt":{"rendered":"<p>Novo Centro Agropecu\u00e1rio da Coopatrigo ser\u00e1 aberto nesta semana 31 de agosto de 2015 Com uma \u00e1rea de 3.360 metros quadrados de pavilh\u00e3o, a Coopatrigo abre as portas do Centro Agropecu\u00e1rio e Automotivo a partir de quarta-feira, dia 02 de setembro. O ato de inaugura\u00e7\u00e3o oficial ocorrer\u00e1 no dia 1\u00b0 de setembro a partir das [&hellip;]<\/p>\n","protected":false},"author":1,"featured_media":2173,"comment_status":"open","ping_status":"open","sticky":false,"template":"","format":"standard","meta":{"_acf_changed":false,"footnotes":""},"categories":[1],"tags":[],"class_list":["post-2172","post","type-post","status-publish","format-standard","has-post-thumbnail","hentry","category-noticias"],"acf":[],"_links":{"self":[{"href":"https:\/\/www.coopatrigo.com.br\/novo\/wp-json\/wp\/v2\/posts\/2172","targetHints":{"allow":["GET"]}}],"collection":[{"href":"https:\/\/www.coopatrigo.com.br\/novo\/wp-json\/wp\/v2\/posts"}],"about":[{"href":"https:\/\/www.coopatrigo.com.br\/novo\/wp-json\/wp\/v2\/types\/post"}],"author":[{"embeddable":true,"href":"https:\/\/www.coopatrigo.com.br\/novo\/wp-json\/wp\/v2\/users\/1"}],"replies":[{"embeddable":true,"href":"https:\/\/www.coopatrigo.com.br\/novo\/wp-json\/wp\/v2\/comments?post=2172"}],"version-history":[{"count":0,"href":"https:\/\/www.coopatrigo.com.br\/novo\/wp-json\/wp\/v2\/posts\/2172\/revisions"}],"wp:featuredmedia":[{"embeddable":true,"href":"https:\/\/www.coopatrigo.com.br\/novo\/wp-json\/"}],"wp:attachment":[{"href":"https:\/\/www.coopatrigo.com.br\/novo\/wp-json\/wp\/v2\/media?parent=2172"}],"wp:term":[{"taxonomy":"category","embeddable":true,"href":"https:\/\/www.coopatrigo.com.br\/novo\/wp-json\/wp\/v2\/categories?post=2172"},{"taxonomy":"post_tag","embeddable":true,"href":"https:\/\/www.coopatrigo.com.br\/novo\/wp-json\/wp\/v2\/tags?post=2172"}],"curies":[{"name":"wp","href":"https:\/\/api.w.org\/{rel}","templated":true}]}}