{"id":2185,"date":"2015-09-18T12:14:59","date_gmt":"2015-09-18T15:14:59","guid":{"rendered":"http:\/\/www.coopatrigo.com.br\/s\/?p=2185"},"modified":"2018-04-15T23:03:03","modified_gmt":"2018-04-16T02:03:03","slug":"coopatrigo-realiza-dia-de-campo-para-comemorar-58-anos","status":"publish","type":"post","link":"https:\/\/www.coopatrigo.com.br\/novo\/2015\/09\/18\/coopatrigo-realiza-dia-de-campo-para-comemorar-58-anos\/","title":{"rendered":"Coopatrigo realiza dia de campo para comemorar 58 anos"},"content":{"rendered":"<div id=\"dslc-main\">\n\t\t<div  class=\"dslc-modules-section \" style=\"padding-bottom:30px;padding-top:30px;background-color:#16452c;background-image:url(https:\/\/www.coopatrigo.com.br\/novo\/wp-content\/uploads\/2021\/02\/bg.png);background-position:center center;\" data-section-id=\"74a23622ed4\">\n\t\t\t\t\n\t\t\t\t\n\t\t\t\t<div class=\"dslc-modules-section-wrapper dslc-clearfix\"><div class=\"dslc-modules-area dslc-col dslc-12-col dslc-last-col dslc-valign- \" data-size=\"12\" data-valign=\"\">\n\t\t<div id=\"dslc-module-24\" class=\"dslc-module-front dslc-module-DSLC_TP_Title dslc-in-viewport-check dslc-in-viewport-anim-none  dslc-col dslc-12-col dslc-last-col  dslc-module-handle-like-regular \" data-module-id=\"24\" data-module=\"DSLC_TP_Title\" data-dslc-module-size=\"12\" data-dslc-anim=\"none\" data-dslc-anim-delay=\"\" data-dslc-anim-duration=\"650\"  data-dslc-anim-easing=\"ease\" data-dslc-preset=\"none\" >\n\n\t\t\t\n\t\t\t\n\t\t\r\n\t\t\t\t<div class=\"dslc-tp-title\"><h1>Coopatrigo realiza dia de campo para comemorar 58 anos<\/h1><\/div>\r\n\r\n\t\t\t\n\t\t\t\t<\/div><!-- .dslc-module -->\n\t\t\n\t\t<div id=\"dslc-module-25\" class=\"dslc-module-front dslc-module-DSLC_TP_Meta dslc-in-viewport-check dslc-in-viewport-anim-none  dslc-col dslc-12-col dslc-last-col  dslc-module-handle-like-regular \" data-module-id=\"25\" data-module=\"DSLC_TP_Meta\" data-dslc-module-size=\"12\" data-dslc-anim=\"none\" data-dslc-anim-delay=\"\" data-dslc-anim-duration=\"650\"  data-dslc-anim-easing=\"ease\" data-dslc-preset=\"none\" >\n\n\t\t\t\n\t\t\t\n\t\t\r\n\t\t\t\t<div class=\"dslc-tp-meta dslc-tp-meta-horizontal\">\r\n\t\t\t\t\t<ul class=\"dslc-clearfix\">\r\n\r\n\t\t\t\t\t\t\t\t\t\t\t\t\t<li>18 de setembro de 2015<\/li>\r\n\t\t\t\t\t\t\r\n\t\t\t\t\t\t\r\n\t\t\t\t\t\t\r\n\t\t\t\t\t\t\r\n\t\t\t\t\t\t\r\n\t\t\t\t\t<\/ul>\r\n\t\t\t\t<\/div>\r\n\r\n\t\t\t\n\t\t\t\t<\/div><!-- .dslc-module -->\n\t\t<\/div><\/div><\/div>\n\t\t<div  class=\"dslc-modules-section \" style=\"padding-bottom:30px;padding-top:30px;background-color:rgba(230, 230, 230, 0);border-color:rgb(230, 230, 230);border-top-style: hidden; border-right-style: hidden; border-bottom-style: hidden; border-left-style: hidden; \" data-section-id=\"2b557989cda\">\n\t\t\t\t\n\t\t\t\t\n\t\t\t\t<div class=\"dslc-modules-section-wrapper dslc-clearfix\"><div class=\"dslc-modules-area dslc-col dslc-1-col dslc-first-col dslc-valign-undefined \" data-size=\"1\" data-valign=\"undefined\"><\/div><div class=\"dslc-modules-area dslc-col dslc-10-col  dslc-valign- \" data-size=\"10\" data-valign=\"\">\n\t\t<div id=\"dslc-module-a7d04abcf7f\" class=\"dslc-module-front dslc-module-DSLC_TP_Thumbnail dslc-in-viewport-check dslc-in-viewport-anim-none  dslc-col dslc-12-col dslc-last-col  dslc-module-handle-like-regular \" data-module-id=\"a7d04abcf7f\" data-module=\"DSLC_TP_Thumbnail\" data-dslc-module-size=\"12\" data-dslc-anim=\"none\" data-dslc-anim-delay=\"\" data-dslc-anim-duration=\"650\"  data-dslc-anim-easing=\"ease\" data-dslc-preset=\"none\" >\n\n\t\t\t\n\t\t\t\n\t\t\n\t\t\t\t<\/div><!-- .dslc-module -->\n\t\t\n\t\t<div id=\"dslc-module-26\" class=\"dslc-module-front dslc-module-DSLC_TP_Content dslc-in-viewport-check dslc-in-viewport-anim-none  dslc-col dslc-12-col dslc-last-col  dslc-module-handle-like-regular \" data-module-id=\"26\" data-module=\"DSLC_TP_Content\" data-dslc-module-size=\"12\" data-dslc-anim=\"none\" data-dslc-anim-delay=\"\" data-dslc-anim-duration=\"650\"  data-dslc-anim-easing=\"ease\" data-dslc-preset=\"none\" >\n\n\t\t\t\n\t\t\t\n\t\t<div class=\"dslc-tp-content\"><div id=\"dslc-theme-content\"><div id=\"dslc-theme-content-inner\"><p>Est\u00e1 confirmado para o dia 25 de setembro a realiza\u00e7\u00e3o do tradicional dia de campo da Coopatrigo, evento que \u00e9 tradicional nas comemora\u00e7\u00f5es do anivers\u00e1rio da cooperativa.<\/p>\n<p>A programa\u00e7\u00e3o inicia a partir das 9 horas na lavoura experimental mantida junto a Escola Cruzeiro do Sul, onde os t\u00e9cnicos da Coopatrigo e os principais parceiros de tecnologia estar\u00e3o mostrando os experimentos desenvolvidos na safra de inverno como aduba\u00e7\u00e3o, manejos de pragas e doen\u00e7as e tamb\u00e9m cultivares plantadas nesta safra e os novos materiais que est\u00e3o sendo testados para a nossa regi\u00e3o.<\/p>\n<p>Ap\u00f3s o dia de campo os associados dever\u00e3o se dirigir para a Associa\u00e7\u00e3o dos Funcion\u00e1rios da Coopatrigo onde haver\u00e1 uma palestra com a meteorologista C\u00e1tia Valente que vai trazer as tend\u00eancias clim\u00e1ticas para a primavera\/ver\u00e3o.<\/p>\n<p>Encerrando a programa\u00e7\u00e3o associados e convidados v\u00e3o participar do almo\u00e7o de confraterniza\u00e7\u00e3o para a celebra\u00e7\u00e3o dos 58 anos de funda\u00e7\u00e3o da Coopatrigo.<\/p>\n<p>A Cooperativa Trit\u00edcola Regional S\u00e3oluizense completa mais um anivers\u00e1rio vivendo um dos melhores per\u00edodos da sua hist\u00f3ria e apesar da crise econ\u00f4mica do pa\u00eds est\u00e1 projetando um faturamento bruto em 2015 de mais de R$ 700 milh\u00f5es.<\/p>\n<p>Fruto deste excelente desempenho neste ano a Coopatrigo entrou na lista das \u201cMaiores e Melhores\u201d empresas do Brasil segundo levantamento realizado pela revista Exame, distin\u00e7\u00e3o que est\u00e1 sendo comemorada e divida com todo o quadro social da regi\u00e3o. \u201cEstamos convidando todos os nossos associados para prestigiar as programa\u00e7\u00f5es dos 58 anos da nossa cooperativa e celebrarmos juntos esta data t\u00e3o importante\u201d comentou o presidente Ivo Batista.<\/p>\n<\/div><\/div><\/div>\n\t\t\t\t<\/div><!-- .dslc-module -->\n\t\t<\/div><\/div><\/div><\/div><input type=\"hidden\" id=\"dslca-post-data-thumb\" value=\"\" \/>","protected":false},"excerpt":{"rendered":"<p>Coopatrigo realiza dia de campo para comemorar 58 anos 18 de setembro de 2015 Est\u00e1 confirmado para o dia 25 de setembro a realiza\u00e7\u00e3o do tradicional dia de campo da Coopatrigo, evento que \u00e9 tradicional nas comemora\u00e7\u00f5es do anivers\u00e1rio da cooperativa. A programa\u00e7\u00e3o inicia a partir das 9 horas na lavoura experimental mantida junto a [&hellip;]<\/p>\n","protected":false},"author":1,"featured_media":2186,"comment_status":"open","ping_status":"open","sticky":false,"template":"","format":"standard","meta":{"_acf_changed":false,"footnotes":""},"categories":[1],"tags":[],"class_list":["post-2185","post","type-post","status-publish","format-standard","has-post-thumbnail","hentry","category-noticias"],"acf":[],"_links":{"self":[{"href":"https:\/\/www.coopatrigo.com.br\/novo\/wp-json\/wp\/v2\/posts\/2185","targetHints":{"allow":["GET"]}}],"collection":[{"href":"https:\/\/www.coopatrigo.com.br\/novo\/wp-json\/wp\/v2\/posts"}],"about":[{"href":"https:\/\/www.coopatrigo.com.br\/novo\/wp-json\/wp\/v2\/types\/post"}],"author":[{"embeddable":true,"href":"https:\/\/www.coopatrigo.com.br\/novo\/wp-json\/wp\/v2\/users\/1"}],"replies":[{"embeddable":true,"href":"https:\/\/www.coopatrigo.com.br\/novo\/wp-json\/wp\/v2\/comments?post=2185"}],"version-history":[{"count":0,"href":"https:\/\/www.coopatrigo.com.br\/novo\/wp-json\/wp\/v2\/posts\/2185\/revisions"}],"wp:featuredmedia":[{"embeddable":true,"href":"https:\/\/www.coopatrigo.com.br\/novo\/wp-json\/"}],"wp:attachment":[{"href":"https:\/\/www.coopatrigo.com.br\/novo\/wp-json\/wp\/v2\/media?parent=2185"}],"wp:term":[{"taxonomy":"category","embeddable":true,"href":"https:\/\/www.coopatrigo.com.br\/novo\/wp-json\/wp\/v2\/categories?post=2185"},{"taxonomy":"post_tag","embeddable":true,"href":"https:\/\/www.coopatrigo.com.br\/novo\/wp-json\/wp\/v2\/tags?post=2185"}],"curies":[{"name":"wp","href":"https:\/\/api.w.org\/{rel}","templated":true}]}}