{"id":2193,"date":"2015-10-05T16:24:29","date_gmt":"2015-10-05T19:24:29","guid":{"rendered":"http:\/\/www.coopatrigo.com.br\/s\/?p=2193"},"modified":"2018-04-15T23:03:03","modified_gmt":"2018-04-16T02:03:03","slug":"governador-sartori-visitou-estande-das-cooperativas-na-expo-sao-luiz","status":"publish","type":"post","link":"https:\/\/www.coopatrigo.com.br\/novo\/2015\/10\/05\/governador-sartori-visitou-estande-das-cooperativas-na-expo-sao-luiz\/","title":{"rendered":"Governador Sartori visitou estande das cooperativas na Expo S\u00e3o Luiz"},"content":{"rendered":"<div id=\"dslc-main\">\n\t\t<div  class=\"dslc-modules-section \" style=\"padding-bottom:30px;padding-top:30px;background-color:#16452c;background-image:url(https:\/\/www.coopatrigo.com.br\/novo\/wp-content\/uploads\/2021\/02\/bg.png);background-position:center center;\" data-section-id=\"74a23622ed4\">\n\t\t\t\t\n\t\t\t\t\n\t\t\t\t<div class=\"dslc-modules-section-wrapper dslc-clearfix\"><div class=\"dslc-modules-area dslc-col dslc-12-col dslc-last-col dslc-valign- \" data-size=\"12\" data-valign=\"\">\n\t\t<div id=\"dslc-module-24\" class=\"dslc-module-front dslc-module-DSLC_TP_Title dslc-in-viewport-check dslc-in-viewport-anim-none  dslc-col dslc-12-col dslc-last-col  dslc-module-handle-like-regular \" data-module-id=\"24\" data-module=\"DSLC_TP_Title\" data-dslc-module-size=\"12\" data-dslc-anim=\"none\" data-dslc-anim-delay=\"\" data-dslc-anim-duration=\"650\"  data-dslc-anim-easing=\"ease\" data-dslc-preset=\"none\" >\n\n\t\t\t\n\t\t\t\n\t\t\r\n\t\t\t\t<div class=\"dslc-tp-title\"><h1>Governador Sartori visitou estande das cooperativas na Expo S\u00e3o Luiz<\/h1><\/div>\r\n\r\n\t\t\t\n\t\t\t\t<\/div><!-- .dslc-module -->\n\t\t\n\t\t<div id=\"dslc-module-25\" class=\"dslc-module-front dslc-module-DSLC_TP_Meta dslc-in-viewport-check dslc-in-viewport-anim-none  dslc-col dslc-12-col dslc-last-col  dslc-module-handle-like-regular \" data-module-id=\"25\" data-module=\"DSLC_TP_Meta\" data-dslc-module-size=\"12\" data-dslc-anim=\"none\" data-dslc-anim-delay=\"\" data-dslc-anim-duration=\"650\"  data-dslc-anim-easing=\"ease\" data-dslc-preset=\"none\" >\n\n\t\t\t\n\t\t\t\n\t\t\r\n\t\t\t\t<div class=\"dslc-tp-meta dslc-tp-meta-horizontal\">\r\n\t\t\t\t\t<ul class=\"dslc-clearfix\">\r\n\r\n\t\t\t\t\t\t\t\t\t\t\t\t\t<li>5 de outubro de 2015<\/li>\r\n\t\t\t\t\t\t\r\n\t\t\t\t\t\t\r\n\t\t\t\t\t\t\r\n\t\t\t\t\t\t\r\n\t\t\t\t\t\t\r\n\t\t\t\t\t<\/ul>\r\n\t\t\t\t<\/div>\r\n\r\n\t\t\t\n\t\t\t\t<\/div><!-- .dslc-module -->\n\t\t<\/div><\/div><\/div>\n\t\t<div  class=\"dslc-modules-section \" style=\"padding-bottom:30px;padding-top:30px;background-color:rgba(230, 230, 230, 0);border-color:rgb(230, 230, 230);border-top-style: hidden; border-right-style: hidden; border-bottom-style: hidden; border-left-style: hidden; \" data-section-id=\"2b557989cda\">\n\t\t\t\t\n\t\t\t\t\n\t\t\t\t<div class=\"dslc-modules-section-wrapper dslc-clearfix\"><div class=\"dslc-modules-area dslc-col dslc-1-col dslc-first-col dslc-valign-undefined \" data-size=\"1\" data-valign=\"undefined\"><\/div><div class=\"dslc-modules-area dslc-col dslc-10-col  dslc-valign- \" data-size=\"10\" data-valign=\"\">\n\t\t<div id=\"dslc-module-a7d04abcf7f\" class=\"dslc-module-front dslc-module-DSLC_TP_Thumbnail dslc-in-viewport-check dslc-in-viewport-anim-none  dslc-col dslc-12-col dslc-last-col  dslc-module-handle-like-regular \" data-module-id=\"a7d04abcf7f\" data-module=\"DSLC_TP_Thumbnail\" data-dslc-module-size=\"12\" data-dslc-anim=\"none\" data-dslc-anim-delay=\"\" data-dslc-anim-duration=\"650\"  data-dslc-anim-easing=\"ease\" data-dslc-preset=\"none\" >\n\n\t\t\t\n\t\t\t\n\t\t\n\t\t\t\t<\/div><!-- .dslc-module -->\n\t\t\n\t\t<div id=\"dslc-module-26\" class=\"dslc-module-front dslc-module-DSLC_TP_Content dslc-in-viewport-check dslc-in-viewport-anim-none  dslc-col dslc-12-col dslc-last-col  dslc-module-handle-like-regular \" data-module-id=\"26\" data-module=\"DSLC_TP_Content\" data-dslc-module-size=\"12\" data-dslc-anim=\"none\" data-dslc-anim-delay=\"\" data-dslc-anim-duration=\"650\"  data-dslc-anim-easing=\"ease\" data-dslc-preset=\"none\" >\n\n\t\t\t\n\t\t\t\n\t\t<div class=\"dslc-tp-content\"><div id=\"dslc-theme-content\"><div id=\"dslc-theme-content-inner\"><p>A Expo S\u00e3o Luiz 2015 encerrada no domingo foi um grande sucesso e a Coopatrigo fez parte como uma das entidades promotoras e tamb\u00e9m esteve a frente do espa\u00e7o \u201cMundo Cooperativo Miss\u00f5es\u201d com a participa\u00e7\u00e3o das coirm\u00e3s Cermiss\u00f5es, Unimed Miss\u00f5es e Cotrijui.<\/p>\n<p>Um dos destaques no estande das cooperativas foi a visita do governador Jos\u00e9 Ivo Sartori que esteve visitando a Expo S\u00e3o Luiz no s\u00e1bado e no roteiro realizado no parque de exposi\u00e7\u00f5es esteve no \u201cMundo Cooperativo Miss\u00f5es\u201d e na oportunidade foi recepcionado pelo presidente da Coopatrigo Ivo Batista, o Superintendente da Coopatrigo Luiz Fl\u00e1vio de Oliveira, o presidente da Cermiss\u00f5es Diamantino Marques e o presidente da Fecoagro e diretor secret\u00e1rio da Ocergs Paulo Pires.<\/p>\n<p>No breve di\u00e1logo que teve com o Governador do Estado, Ivo Batista registrou que o cooperativismo tem uma atua\u00e7\u00e3o forte em S\u00e3o Luiz Gonzaga e regi\u00e3o entregando para o governador o Jornal da Coopatrigo que registra os seus 58 anos e a presen\u00e7a no anu\u00e1rio da Revista Exame entre as 1.000 melhores empresas do pa\u00eds. Aproveitando este breve instante o presidente da Coopatrigo tamb\u00e9m reivindicou ao Governador uma melhor aten\u00e7\u00e3o \u00e0s estradas da regi\u00e3o que est\u00e3o em p\u00e9ssimas condi\u00e7\u00f5es e como resposta Sartori disse que pedir\u00e1 pessoalmente ao secret\u00e1rio Pedro\u00a0 Westphalen que d\u00ea uma aten\u00e7\u00e3o especial para esta regi\u00e3o, mesmo com as dificuldades financeiras que o estado atravessa.<\/p>\n<p>Nos cinco dias de Expo S\u00e3o Luiz a Coopatrigo realizou algumas atividades que ajudaram na constru\u00e7\u00e3o do grande sucesso que foi este evento. Na quarta-feira, dia 30 de setembro foi realizado o tradicional Encontro de Mulheres da Coopatrigo, onde a cooperativa procura incentivar a aproxima\u00e7\u00e3o das mulheres e ao mesmo tempo motiva-las para o apoio nas atividades agr\u00edcolas. Neste evento foi palestrante Icledes Maria Matt\u00e9 de Erechim que possui um vasto trabalho nesta \u00e1rea em cooperativas do Rio Grande do Sul, Paran\u00e1 e Santa Catarina.<\/p>\n<p>Na quinta-feira, dia 01 de outubro foi feito um encontro de dirigentes e conselheiros de cooperativas, onde cada uma delas p\u00f4de expor os seus trabalhos numa troca de experi\u00eancias. Participaram Coopatrigo, Cermiss\u00f5es, Cotriju\u00ed, Unimed Miss\u00f5es, Unicred Miss\u00f5es e Sicredi. Na oportunidade Coopatrigo e Sicredi assinaram um termo de coopera\u00e7\u00e3o para a instala\u00e7\u00e3o de uma nova ag\u00eancia do Sicredi junto ao pr\u00e9dio administrativo da Coopatrigo na Vila M\u00e1rio. Neste mesmo dia o presidente da Coopatrigo Ivo Batista assinou um Termo de Coopera\u00e7\u00e3o T\u00e9cnica com a Reitora da Uergs Arisa da Luz, onde a cooperativa est\u00e1 disponibilizando o laborat\u00f3rio de solos que ir\u00e1 instalar que vai fortalecer os cursos de ci\u00eancias agr\u00e1rias na unidade da Uergs de S\u00e3o Luiz Gonzaga.<\/p>\n<p>J\u00e1 na sexta-feira a Coopatrigo realizou o 4\u00b0 Semin\u00e1rio de Irriga\u00e7\u00e3o, promovendo discuss\u00f5es importantes sobre este tema onde o enfoque neste ano foi a qualidade do solo em \u00e1reas irrigadas e foram palestrantes os professores da UFSM Reimar Carlesso e Telmo Amado. Tamb\u00e9m participou do semin\u00e1rio a representante do DRH Maria Luiza Santos Conti que abordou a quest\u00e3o da outorga da \u00e1gua para irriga\u00e7\u00e3o.<\/p>\n<p>Al\u00e9m destas programa\u00e7\u00f5es diariamente a equipe da Coopatrigo esteve recepcionando centenas de associados e visitantes que passavam pelo \u201cMundo Cooperativo Miss\u00f5es\u201d.<\/p>\n<p>O presidente da Coopatrigo Ivo Batista agradece as visita\u00e7\u00f5es que houve na Expo S\u00e3o Luiz, j\u00e1 que a cooperativa foi uma das promotoras do evento, contribuindo para a sua constru\u00e7\u00e3o e realiza\u00e7\u00e3o. Parabenizou tamb\u00e9m o presidente S\u00e9rgio Torres que coordenou toda a equipe e tamb\u00e9m agradeceu a parceria das coirm\u00e3s Cermiss\u00f5es, Unimed Miss\u00f5es e Cotrijui que estiveram junto com a Coopatrigo no \u201cMundo Cooperativo Miss\u00f5es\u201d representando a for\u00e7a do cooperativismo na regi\u00e3o.<\/p>\n<\/div><\/div><\/div>\n\t\t\t\t<\/div><!-- .dslc-module -->\n\t\t<\/div><\/div><\/div><\/div><input type=\"hidden\" id=\"dslca-post-data-thumb\" value=\"\" \/>","protected":false},"excerpt":{"rendered":"<p>Governador Sartori visitou estande das cooperativas na Expo S\u00e3o Luiz 5 de outubro de 2015 A Expo S\u00e3o Luiz 2015 encerrada no domingo foi um grande sucesso e a Coopatrigo fez parte como uma das entidades promotoras e tamb\u00e9m esteve a frente do espa\u00e7o \u201cMundo Cooperativo Miss\u00f5es\u201d com a participa\u00e7\u00e3o das coirm\u00e3s Cermiss\u00f5es, Unimed Miss\u00f5es [&hellip;]<\/p>\n","protected":false},"author":1,"featured_media":2194,"comment_status":"open","ping_status":"open","sticky":false,"template":"","format":"standard","meta":{"_acf_changed":false,"footnotes":""},"categories":[1],"tags":[],"class_list":["post-2193","post","type-post","status-publish","format-standard","has-post-thumbnail","hentry","category-noticias"],"acf":[],"_links":{"self":[{"href":"https:\/\/www.coopatrigo.com.br\/novo\/wp-json\/wp\/v2\/posts\/2193","targetHints":{"allow":["GET"]}}],"collection":[{"href":"https:\/\/www.coopatrigo.com.br\/novo\/wp-json\/wp\/v2\/posts"}],"about":[{"href":"https:\/\/www.coopatrigo.com.br\/novo\/wp-json\/wp\/v2\/types\/post"}],"author":[{"embeddable":true,"href":"https:\/\/www.coopatrigo.com.br\/novo\/wp-json\/wp\/v2\/users\/1"}],"replies":[{"embeddable":true,"href":"https:\/\/www.coopatrigo.com.br\/novo\/wp-json\/wp\/v2\/comments?post=2193"}],"version-history":[{"count":0,"href":"https:\/\/www.coopatrigo.com.br\/novo\/wp-json\/wp\/v2\/posts\/2193\/revisions"}],"wp:featuredmedia":[{"embeddable":true,"href":"https:\/\/www.coopatrigo.com.br\/novo\/wp-json\/"}],"wp:attachment":[{"href":"https:\/\/www.coopatrigo.com.br\/novo\/wp-json\/wp\/v2\/media?parent=2193"}],"wp:term":[{"taxonomy":"category","embeddable":true,"href":"https:\/\/www.coopatrigo.com.br\/novo\/wp-json\/wp\/v2\/categories?post=2193"},{"taxonomy":"post_tag","embeddable":true,"href":"https:\/\/www.coopatrigo.com.br\/novo\/wp-json\/wp\/v2\/tags?post=2193"}],"curies":[{"name":"wp","href":"https:\/\/api.w.org\/{rel}","templated":true}]}}