{"id":2209,"date":"2015-10-19T07:35:42","date_gmt":"2015-10-19T10:35:42","guid":{"rendered":"http:\/\/www.coopatrigo.com.br\/s\/?p=2209"},"modified":"2018-04-15T23:03:04","modified_gmt":"2018-04-16T02:03:04","slug":"coopatrigo-renova-frota-de-caminhoes","status":"publish","type":"post","link":"https:\/\/www.coopatrigo.com.br\/novo\/2015\/10\/19\/coopatrigo-renova-frota-de-caminhoes\/","title":{"rendered":"Coopatrigo renova frota de caminh\u00f5es"},"content":{"rendered":"<div id=\"dslc-main\">\n\t\t<div  class=\"dslc-modules-section \" style=\"padding-bottom:30px;padding-top:30px;background-color:#16452c;background-image:url(https:\/\/www.coopatrigo.com.br\/novo\/wp-content\/uploads\/2021\/02\/bg.png);background-position:center center;\" data-section-id=\"74a23622ed4\">\n\t\t\t\t\n\t\t\t\t\n\t\t\t\t<div class=\"dslc-modules-section-wrapper dslc-clearfix\"><div class=\"dslc-modules-area dslc-col dslc-12-col dslc-last-col dslc-valign- \" data-size=\"12\" data-valign=\"\">\n\t\t<div id=\"dslc-module-24\" class=\"dslc-module-front dslc-module-DSLC_TP_Title dslc-in-viewport-check dslc-in-viewport-anim-none  dslc-col dslc-12-col dslc-last-col  dslc-module-handle-like-regular \" data-module-id=\"24\" data-module=\"DSLC_TP_Title\" data-dslc-module-size=\"12\" data-dslc-anim=\"none\" data-dslc-anim-delay=\"\" data-dslc-anim-duration=\"650\"  data-dslc-anim-easing=\"ease\" data-dslc-preset=\"none\" >\n\n\t\t\t\n\t\t\t\n\t\t\r\n\t\t\t\t<div class=\"dslc-tp-title\"><h1>Coopatrigo renova frota de caminh\u00f5es<\/h1><\/div>\r\n\r\n\t\t\t\n\t\t\t\t<\/div><!-- .dslc-module -->\n\t\t\n\t\t<div id=\"dslc-module-25\" class=\"dslc-module-front dslc-module-DSLC_TP_Meta dslc-in-viewport-check dslc-in-viewport-anim-none  dslc-col dslc-12-col dslc-last-col  dslc-module-handle-like-regular \" data-module-id=\"25\" data-module=\"DSLC_TP_Meta\" data-dslc-module-size=\"12\" data-dslc-anim=\"none\" data-dslc-anim-delay=\"\" data-dslc-anim-duration=\"650\"  data-dslc-anim-easing=\"ease\" data-dslc-preset=\"none\" >\n\n\t\t\t\n\t\t\t\n\t\t\r\n\t\t\t\t<div class=\"dslc-tp-meta dslc-tp-meta-horizontal\">\r\n\t\t\t\t\t<ul class=\"dslc-clearfix\">\r\n\r\n\t\t\t\t\t\t\t\t\t\t\t\t\t<li>19 de outubro de 2015<\/li>\r\n\t\t\t\t\t\t\r\n\t\t\t\t\t\t\r\n\t\t\t\t\t\t\r\n\t\t\t\t\t\t\r\n\t\t\t\t\t\t\r\n\t\t\t\t\t<\/ul>\r\n\t\t\t\t<\/div>\r\n\r\n\t\t\t\n\t\t\t\t<\/div><!-- .dslc-module -->\n\t\t<\/div><\/div><\/div>\n\t\t<div  class=\"dslc-modules-section \" style=\"padding-bottom:30px;padding-top:30px;background-color:rgba(230, 230, 230, 0);border-color:rgb(230, 230, 230);border-top-style: hidden; border-right-style: hidden; border-bottom-style: hidden; border-left-style: hidden; \" data-section-id=\"2b557989cda\">\n\t\t\t\t\n\t\t\t\t\n\t\t\t\t<div class=\"dslc-modules-section-wrapper dslc-clearfix\"><div class=\"dslc-modules-area dslc-col dslc-1-col dslc-first-col dslc-valign-undefined \" data-size=\"1\" data-valign=\"undefined\"><\/div><div class=\"dslc-modules-area dslc-col dslc-10-col  dslc-valign- \" data-size=\"10\" data-valign=\"\">\n\t\t<div id=\"dslc-module-a7d04abcf7f\" class=\"dslc-module-front dslc-module-DSLC_TP_Thumbnail dslc-in-viewport-check dslc-in-viewport-anim-none  dslc-col dslc-12-col dslc-last-col  dslc-module-handle-like-regular \" data-module-id=\"a7d04abcf7f\" data-module=\"DSLC_TP_Thumbnail\" data-dslc-module-size=\"12\" data-dslc-anim=\"none\" data-dslc-anim-delay=\"\" data-dslc-anim-duration=\"650\"  data-dslc-anim-easing=\"ease\" data-dslc-preset=\"none\" >\n\n\t\t\t\n\t\t\t\n\t\t\n\t\t\t\t<\/div><!-- .dslc-module -->\n\t\t\n\t\t<div id=\"dslc-module-26\" class=\"dslc-module-front dslc-module-DSLC_TP_Content dslc-in-viewport-check dslc-in-viewport-anim-none  dslc-col dslc-12-col dslc-last-col  dslc-module-handle-like-regular \" data-module-id=\"26\" data-module=\"DSLC_TP_Content\" data-dslc-module-size=\"12\" data-dslc-anim=\"none\" data-dslc-anim-delay=\"\" data-dslc-anim-duration=\"650\"  data-dslc-anim-easing=\"ease\" data-dslc-preset=\"none\" >\n\n\t\t\t\n\t\t\t\n\t\t<div class=\"dslc-tp-content\"><div id=\"dslc-theme-content\"><div id=\"dslc-theme-content-inner\"><p>A Coopatrigo adquiriu tr\u00eas novos ve\u00edculos de carga fazendo a substitui\u00e7\u00e3o dos mais antigos da sua frota, ampliando a sua capacidade pr\u00f3pria de transporte de gr\u00e3os. Nas negocia\u00e7\u00f5es para a renova\u00e7\u00e3o levando em conta \u00e0 qualidade dos ve\u00edculos, capacidade de carga e pre\u00e7o, a cooperativa acabou adquirindo os tr\u00eas ve\u00edculos da marca Volvo, os quais j\u00e1 est\u00e3o trabalhando.<\/p>\n<p>A Coopatrigo conta atualmente com uma frota de 5 carretas e dois bitrucks que trabalham exclusivamente no transporte de gr\u00e3os da cooperativa. No per\u00edodo de safra o trabalho se concentra na retirada de produto das unidades com capacidade menor de armazenagem e na entressafra os ve\u00edculos levam gr\u00e3os para o Porto de Rio Grande, retornando com calc\u00e1rio.<\/p>\n<p>O presidente da Coopatrigo Ivo Batista disse que a frota pr\u00f3pria de caminh\u00f5es \u00e9 importante para a cooperativa, principalmente para a retirada de gr\u00e3os de unidades que recebem volume maior de produto que a sua capacidade de armazenagem e isto ocorre principalmente nos per\u00edodos de safra quando os fretes ficam mais caros e tamb\u00e9m n\u00e3o existe muita disponibilidade de caminh\u00f5es. \u201cN\u00e3o \u00e9 uma grande frota, mas esta quantidade de ve\u00edculos nos presta um grande servi\u00e7o\u201d, afirmou Ivo Batista, explicando que o setor de transportes \u00e9 superavit\u00e1rio, pois se n\u00e3o houvesse a frota a cooperativa teria que pagar frete para transportar estes gr\u00e3os e o custo seria bem maior.<\/p>\n<p>A troca de ve\u00edculos tamb\u00e9m est\u00e1 servindo para a moderniza\u00e7\u00e3o da frota, com os novos caminh\u00f5es tendo mais conforto para os motoristas como climatiza\u00e7\u00e3o e c\u00e2mbio autom\u00e1tico.<\/p>\n<\/div><\/div><\/div>\n\t\t\t\t<\/div><!-- .dslc-module -->\n\t\t<\/div><\/div><\/div><\/div><input type=\"hidden\" id=\"dslca-post-data-thumb\" value=\"\" \/>","protected":false},"excerpt":{"rendered":"<p>Coopatrigo renova frota de caminh\u00f5es 19 de outubro de 2015 A Coopatrigo adquiriu tr\u00eas novos ve\u00edculos de carga fazendo a substitui\u00e7\u00e3o dos mais antigos da sua frota, ampliando a sua capacidade pr\u00f3pria de transporte de gr\u00e3os. Nas negocia\u00e7\u00f5es para a renova\u00e7\u00e3o levando em conta \u00e0 qualidade dos ve\u00edculos, capacidade de carga e pre\u00e7o, a cooperativa [&hellip;]<\/p>\n","protected":false},"author":1,"featured_media":2210,"comment_status":"open","ping_status":"open","sticky":false,"template":"","format":"standard","meta":{"_acf_changed":false,"footnotes":""},"categories":[1],"tags":[],"class_list":["post-2209","post","type-post","status-publish","format-standard","has-post-thumbnail","hentry","category-noticias"],"acf":[],"_links":{"self":[{"href":"https:\/\/www.coopatrigo.com.br\/novo\/wp-json\/wp\/v2\/posts\/2209","targetHints":{"allow":["GET"]}}],"collection":[{"href":"https:\/\/www.coopatrigo.com.br\/novo\/wp-json\/wp\/v2\/posts"}],"about":[{"href":"https:\/\/www.coopatrigo.com.br\/novo\/wp-json\/wp\/v2\/types\/post"}],"author":[{"embeddable":true,"href":"https:\/\/www.coopatrigo.com.br\/novo\/wp-json\/wp\/v2\/users\/1"}],"replies":[{"embeddable":true,"href":"https:\/\/www.coopatrigo.com.br\/novo\/wp-json\/wp\/v2\/comments?post=2209"}],"version-history":[{"count":0,"href":"https:\/\/www.coopatrigo.com.br\/novo\/wp-json\/wp\/v2\/posts\/2209\/revisions"}],"wp:featuredmedia":[{"embeddable":true,"href":"https:\/\/www.coopatrigo.com.br\/novo\/wp-json\/"}],"wp:attachment":[{"href":"https:\/\/www.coopatrigo.com.br\/novo\/wp-json\/wp\/v2\/media?parent=2209"}],"wp:term":[{"taxonomy":"category","embeddable":true,"href":"https:\/\/www.coopatrigo.com.br\/novo\/wp-json\/wp\/v2\/categories?post=2209"},{"taxonomy":"post_tag","embeddable":true,"href":"https:\/\/www.coopatrigo.com.br\/novo\/wp-json\/wp\/v2\/tags?post=2209"}],"curies":[{"name":"wp","href":"https:\/\/api.w.org\/{rel}","templated":true}]}}