{"id":2232,"date":"2015-11-12T16:29:39","date_gmt":"2015-11-12T19:29:39","guid":{"rendered":"http:\/\/www.coopatrigo.com.br\/s\/?p=2232"},"modified":"2018-04-15T23:03:05","modified_gmt":"2018-04-16T02:03:05","slug":"mato-queimado-realiza-7a-expomaq","status":"publish","type":"post","link":"https:\/\/www.coopatrigo.com.br\/novo\/2015\/11\/12\/mato-queimado-realiza-7a-expomaq\/","title":{"rendered":"Mato Queimado realiza 7\u00aa  Expomaq"},"content":{"rendered":"<div id=\"dslc-theme-content\"><div id=\"dslc-theme-content-inner\"><p>O munic\u00edpio de Mato Queimado promove de 13 a 15 de novembro a 7\u00aa Expomaq e a Coopatrigo como uma das principais empresas deste munic\u00edpio est\u00e1 apoiando este grande evento e convidando toda a regi\u00e3o para prestigi\u00e1-lo.<\/p>\n<p><strong>Confira a programa\u00e7\u00e3o:<\/strong><\/p>\n<p><strong>Sexta \u2013feira, dia 13 de novembro:<\/strong><\/p>\n<p>&#8211; 8h30min &#8211;\u00a0 Lan\u00e7amento do Livro Mato Queimado 15 anos: \u201cQuem ama sua terra faz sua hist\u00f3ria\u201d;<\/p>\n<p>&#8211; 9h30min- Palestra: Dicas sobre Qualidade de Vida com Jomar Jo\u00e3o Donadel Instituto Federal Farroupilha \u2013 C\u00e2mpus S\u00e3o Vicente do Sul;<\/p>\n<p>&#8211; 14 h \u2013 Din\u00e2mica de M\u00e1quinas, Implementos e Canteiros Demonstrativos;<\/p>\n<p>\u2013 17 h Abertura Oficial e ap\u00f3s Apresenta\u00e7\u00f5es Culturais.<\/p>\n<p>&#8211; 19h30min Reuni\u00e3o da ALM ( Associa\u00e7\u00e3o dos Legislativos das Miss\u00f5es)<\/p>\n<p>&#8211;\u00a0 22 horas Musical JR de Mato Queimado<\/p>\n<p>&#8211; 23 horas in\u00edcio do Baile com a Banda Calmon.<\/p>\n<p>*Durante a feira haver\u00e1: Mostra da Terneira &#8211; Shows Culturais- Mostra Comercial- Brinquedos Infl\u00e1veis &#8211; Seguran\u00e7a- Artesanato- Gastronomia- Presen\u00e7a das soberanas- R\u00e1dio Parque.<\/p>\n<p><strong>S\u00e1bado, dia 14 de novembro:<\/strong><\/p>\n<p>&#8211; 14h \u2013 Baile da 3\u00aa Idade \u2013 Estrela Musical \u2013 Ingresso Grat\u00faito<\/p>\n<p>&#8211; 20 horas Show de Motos com \u201c For\u00e7a e Equil\u00edbrio Moto Show\u201d\u00a0 em frente ao Posto Su\u00ed\u00e7o;<\/p>\n<p>&#8211; 22 h Pratas da casa: show com Igor Adams e Grupo;<\/p>\n<p>&#8211; 23 horas grande baile de Chopp com a Banda Passarela, logo ap\u00f3s boate com DJ Celso \u201cO DJ das Estrelas\u201d;<\/p>\n<p><strong>Domingo, dia 15 de novembro\u00a0<\/strong><\/p>\n<p>&#8211; 09h30min &#8211; 2\u00aa Exposi\u00e7\u00e3o de Carros Antigos;<\/p>\n<p>&#8211; 10 horas \u2013 Din\u00e2mica de M\u00e1quinas, Implementos e canteiros Demonstrativos;<\/p>\n<p>&#8211; 11 horas \u2013 Entrega de Certificado de participa\u00e7\u00e3o da Mostra da Terneira;<\/p>\n<p>&#8211; 13h30min \u2013 Programa Campos do Caar\u00f3 \u2013 apresenta\u00e7\u00e3o pela R\u00e1dio Caibat\u00e9<\/p>\n<p>&#8211; 14h30min \u2013 Apresenta\u00e7\u00f5es Culturais;<\/p>\n<p>&#8211; 15 horas \u2013 Grava\u00e7\u00e3o do Programa Vida no Sul (pela TV Aparecida)<\/p>\n<p>&#8211; 16 horas \u2013 Grupo Renova\u00e7\u00e3o de Mato Queimado<\/p>\n<p>&#8211; 17 horas \u2013 Encerramento Oficial da 7\u00aa EXPOMAQ e ap\u00f3s grande Show com o Grupo Minuano<\/p>\n<p>&nbsp;<\/p>\n<\/div><\/div>","protected":false},"excerpt":{"rendered":"<p>O munic\u00edpio de Mato Queimado promove de 13 a 15 de novembro a 7\u00aa Expomaq e a Coopatrigo como uma das principais empresas deste munic\u00edpio est\u00e1 apoiando este grande evento e convidando toda a regi\u00e3o para prestigi\u00e1-lo. Confira a programa\u00e7\u00e3o: Sexta \u2013feira, dia 13 de novembro: &#8211; 8h30min &#8211;\u00a0 Lan\u00e7amento do Livro Mato Queimado 15 [&hellip;]<\/p>\n","protected":false},"author":1,"featured_media":2233,"comment_status":"open","ping_status":"open","sticky":false,"template":"","format":"standard","meta":{"_acf_changed":false,"footnotes":""},"categories":[1],"tags":[],"class_list":["post-2232","post","type-post","status-publish","format-standard","has-post-thumbnail","hentry","category-noticias"],"acf":[],"_links":{"self":[{"href":"https:\/\/www.coopatrigo.com.br\/novo\/wp-json\/wp\/v2\/posts\/2232","targetHints":{"allow":["GET"]}}],"collection":[{"href":"https:\/\/www.coopatrigo.com.br\/novo\/wp-json\/wp\/v2\/posts"}],"about":[{"href":"https:\/\/www.coopatrigo.com.br\/novo\/wp-json\/wp\/v2\/types\/post"}],"author":[{"embeddable":true,"href":"https:\/\/www.coopatrigo.com.br\/novo\/wp-json\/wp\/v2\/users\/1"}],"replies":[{"embeddable":true,"href":"https:\/\/www.coopatrigo.com.br\/novo\/wp-json\/wp\/v2\/comments?post=2232"}],"version-history":[{"count":0,"href":"https:\/\/www.coopatrigo.com.br\/novo\/wp-json\/wp\/v2\/posts\/2232\/revisions"}],"wp:featuredmedia":[{"embeddable":true,"href":"https:\/\/www.coopatrigo.com.br\/novo\/wp-json\/"}],"wp:attachment":[{"href":"https:\/\/www.coopatrigo.com.br\/novo\/wp-json\/wp\/v2\/media?parent=2232"}],"wp:term":[{"taxonomy":"category","embeddable":true,"href":"https:\/\/www.coopatrigo.com.br\/novo\/wp-json\/wp\/v2\/categories?post=2232"},{"taxonomy":"post_tag","embeddable":true,"href":"https:\/\/www.coopatrigo.com.br\/novo\/wp-json\/wp\/v2\/tags?post=2232"}],"curies":[{"name":"wp","href":"https:\/\/api.w.org\/{rel}","templated":true}]}}