{"id":2242,"date":"2015-11-16T08:08:34","date_gmt":"2015-11-16T11:08:34","guid":{"rendered":"http:\/\/www.coopatrigo.com.br\/s\/?p=2242"},"modified":"2018-04-15T23:03:22","modified_gmt":"2018-04-16T02:03:22","slug":"fecoagro-reuniu-profissionais-da-comunicacao-das-cooperativas-2","status":"publish","type":"post","link":"https:\/\/www.coopatrigo.com.br\/novo\/2015\/11\/16\/fecoagro-reuniu-profissionais-da-comunicacao-das-cooperativas-2\/","title":{"rendered":"Fecoagro reuniu profissionais da comunica\u00e7\u00e3o das cooperativas"},"content":{"rendered":"<div id=\"dslc-main\">\n\t\t<div  class=\"dslc-modules-section \" style=\"padding-bottom:30px;padding-top:30px;background-color:#16452c;background-image:url(https:\/\/www.coopatrigo.com.br\/novo\/wp-content\/uploads\/2021\/02\/bg.png);background-position:center center;\" data-section-id=\"74a23622ed4\">\n\t\t\t\t\n\t\t\t\t\n\t\t\t\t<div class=\"dslc-modules-section-wrapper dslc-clearfix\"><div class=\"dslc-modules-area dslc-col dslc-12-col dslc-last-col dslc-valign- \" data-size=\"12\" data-valign=\"\">\n\t\t<div id=\"dslc-module-24\" class=\"dslc-module-front dslc-module-DSLC_TP_Title dslc-in-viewport-check dslc-in-viewport-anim-none  dslc-col dslc-12-col dslc-last-col  dslc-module-handle-like-regular \" data-module-id=\"24\" data-module=\"DSLC_TP_Title\" data-dslc-module-size=\"12\" data-dslc-anim=\"none\" data-dslc-anim-delay=\"\" data-dslc-anim-duration=\"650\"  data-dslc-anim-easing=\"ease\" data-dslc-preset=\"none\" >\n\n\t\t\t\n\t\t\t\n\t\t\r\n\t\t\t\t<div class=\"dslc-tp-title\"><h1>Fecoagro reuniu profissionais da comunica\u00e7\u00e3o das cooperativas<\/h1><\/div>\r\n\r\n\t\t\t\n\t\t\t\t<\/div><!-- .dslc-module -->\n\t\t\n\t\t<div id=\"dslc-module-25\" class=\"dslc-module-front dslc-module-DSLC_TP_Meta dslc-in-viewport-check dslc-in-viewport-anim-none  dslc-col dslc-12-col dslc-last-col  dslc-module-handle-like-regular \" data-module-id=\"25\" data-module=\"DSLC_TP_Meta\" data-dslc-module-size=\"12\" data-dslc-anim=\"none\" data-dslc-anim-delay=\"\" data-dslc-anim-duration=\"650\"  data-dslc-anim-easing=\"ease\" data-dslc-preset=\"none\" >\n\n\t\t\t\n\t\t\t\n\t\t\r\n\t\t\t\t<div class=\"dslc-tp-meta dslc-tp-meta-horizontal\">\r\n\t\t\t\t\t<ul class=\"dslc-clearfix\">\r\n\r\n\t\t\t\t\t\t\t\t\t\t\t\t\t<li>16 de novembro de 2015<\/li>\r\n\t\t\t\t\t\t\r\n\t\t\t\t\t\t\r\n\t\t\t\t\t\t\r\n\t\t\t\t\t\t\r\n\t\t\t\t\t\t\r\n\t\t\t\t\t<\/ul>\r\n\t\t\t\t<\/div>\r\n\r\n\t\t\t\n\t\t\t\t<\/div><!-- .dslc-module -->\n\t\t<\/div><\/div><\/div>\n\t\t<div  class=\"dslc-modules-section \" style=\"padding-bottom:30px;padding-top:30px;background-color:rgba(230, 230, 230, 0);border-color:rgb(230, 230, 230);border-top-style: hidden; border-right-style: hidden; border-bottom-style: hidden; border-left-style: hidden; \" data-section-id=\"2b557989cda\">\n\t\t\t\t\n\t\t\t\t\n\t\t\t\t<div class=\"dslc-modules-section-wrapper dslc-clearfix\"><div class=\"dslc-modules-area dslc-col dslc-1-col dslc-first-col dslc-valign-undefined \" data-size=\"1\" data-valign=\"undefined\"><\/div><div class=\"dslc-modules-area dslc-col dslc-10-col  dslc-valign- \" data-size=\"10\" data-valign=\"\">\n\t\t<div id=\"dslc-module-a7d04abcf7f\" class=\"dslc-module-front dslc-module-DSLC_TP_Thumbnail dslc-in-viewport-check dslc-in-viewport-anim-none  dslc-col dslc-12-col dslc-last-col  dslc-module-handle-like-regular \" data-module-id=\"a7d04abcf7f\" data-module=\"DSLC_TP_Thumbnail\" data-dslc-module-size=\"12\" data-dslc-anim=\"none\" data-dslc-anim-delay=\"\" data-dslc-anim-duration=\"650\"  data-dslc-anim-easing=\"ease\" data-dslc-preset=\"none\" >\n\n\t\t\t\n\t\t\t\n\t\t\n\t\t\t\t<\/div><!-- .dslc-module -->\n\t\t\n\t\t<div id=\"dslc-module-26\" class=\"dslc-module-front dslc-module-DSLC_TP_Content dslc-in-viewport-check dslc-in-viewport-anim-none  dslc-col dslc-12-col dslc-last-col  dslc-module-handle-like-regular \" data-module-id=\"26\" data-module=\"DSLC_TP_Content\" data-dslc-module-size=\"12\" data-dslc-anim=\"none\" data-dslc-anim-delay=\"\" data-dslc-anim-duration=\"650\"  data-dslc-anim-easing=\"ease\" data-dslc-preset=\"none\" >\n\n\t\t\t\n\t\t\t\n\t\t<div class=\"dslc-tp-content\"><div id=\"dslc-theme-content\"><div id=\"dslc-theme-content-inner\"><p>Com o objetivo de discutir a import\u00e2ncia da \u00e1rea de comunica\u00e7\u00e3o nas cooperativas agropecu\u00e1rias do Rio Grande do Sul e alinhar estrat\u00e9gias para fortalecer o setor e a sua intera\u00e7\u00e3o com a m\u00eddia, a Federa\u00e7\u00e3o das Cooperativas Agropecu\u00e1rias do Estado (FecoAgro\/RS) realizou encontro na manh\u00e3 da \u00faltima quinta-feira (12), em Cruz Alta. O evento foi organizado em parceria com o Servi\u00e7o Nacional de Aprendizagem do Cooperativismo (Sescoop\/RS) e reuniu cerca de 40 profissionais.<\/p>\n<p>A FecoAgro tamb\u00e9m aproveitou para apresentar sua nova plataforma de comunica\u00e7\u00e3o, que tem como um dos objetivos auxiliar as cooperativas na divulga\u00e7\u00e3o do seu trabalho.<\/p>\n<p>Segundo o presidente da entidade, Paulo Pires, a \u00e1rea de comunica\u00e7\u00e3o tem papel fundamental dentro das cooperativas e a inten\u00e7\u00e3o estreitar o relacionamento entre os profissionais e a FecoAgro. \u201cEsse primeiro encontro serviu para ouvirmos os comunicadores e debatermos necessidades e interesses comuns\u201d, explicou. Al\u00e9m do debate, o evento teve palestra com o mestre e doutor em Comunica\u00e7\u00e3o Dado Schneider, que motivou os presentes a refletirem sobre as mudan\u00e7as que v\u00eam ocorrendo na sociedade e como se adaptar a elas para maior efici\u00eancia na comunica\u00e7\u00e3o com os associados e demais p\u00fablicos.<\/p>\n<p>A Coopatrigo foi representada no evento pelo assessor de comunica\u00e7\u00e3o Roberto Marques.<\/p>\n<p>&nbsp;<\/p>\n<\/div><\/div><\/div>\n\t\t\t\t<\/div><!-- .dslc-module -->\n\t\t<\/div><\/div><\/div><\/div><input type=\"hidden\" id=\"dslca-post-data-thumb\" value=\"\" \/>","protected":false},"excerpt":{"rendered":"<p>Fecoagro reuniu profissionais da comunica\u00e7\u00e3o das cooperativas 16 de novembro de 2015 Com o objetivo de discutir a import\u00e2ncia da \u00e1rea de comunica\u00e7\u00e3o nas cooperativas agropecu\u00e1rias do Rio Grande do Sul e alinhar estrat\u00e9gias para fortalecer o setor e a sua intera\u00e7\u00e3o com a m\u00eddia, a Federa\u00e7\u00e3o das Cooperativas Agropecu\u00e1rias do Estado (FecoAgro\/RS) realizou encontro [&hellip;]<\/p>\n","protected":false},"author":1,"featured_media":2238,"comment_status":"open","ping_status":"open","sticky":false,"template":"","format":"standard","meta":{"_acf_changed":false,"footnotes":""},"categories":[1],"tags":[],"class_list":["post-2242","post","type-post","status-publish","format-standard","has-post-thumbnail","hentry","category-noticias"],"acf":[],"_links":{"self":[{"href":"https:\/\/www.coopatrigo.com.br\/novo\/wp-json\/wp\/v2\/posts\/2242","targetHints":{"allow":["GET"]}}],"collection":[{"href":"https:\/\/www.coopatrigo.com.br\/novo\/wp-json\/wp\/v2\/posts"}],"about":[{"href":"https:\/\/www.coopatrigo.com.br\/novo\/wp-json\/wp\/v2\/types\/post"}],"author":[{"embeddable":true,"href":"https:\/\/www.coopatrigo.com.br\/novo\/wp-json\/wp\/v2\/users\/1"}],"replies":[{"embeddable":true,"href":"https:\/\/www.coopatrigo.com.br\/novo\/wp-json\/wp\/v2\/comments?post=2242"}],"version-history":[{"count":0,"href":"https:\/\/www.coopatrigo.com.br\/novo\/wp-json\/wp\/v2\/posts\/2242\/revisions"}],"wp:featuredmedia":[{"embeddable":true,"href":"https:\/\/www.coopatrigo.com.br\/novo\/wp-json\/"}],"wp:attachment":[{"href":"https:\/\/www.coopatrigo.com.br\/novo\/wp-json\/wp\/v2\/media?parent=2242"}],"wp:term":[{"taxonomy":"category","embeddable":true,"href":"https:\/\/www.coopatrigo.com.br\/novo\/wp-json\/wp\/v2\/categories?post=2242"},{"taxonomy":"post_tag","embeddable":true,"href":"https:\/\/www.coopatrigo.com.br\/novo\/wp-json\/wp\/v2\/tags?post=2242"}],"curies":[{"name":"wp","href":"https:\/\/api.w.org\/{rel}","templated":true}]}}