{"id":2636,"date":"2016-01-13T09:09:03","date_gmt":"2016-01-13T11:09:03","guid":{"rendered":"http:\/\/www.coopatrigo.com.br\/site\/?p=2636"},"modified":"2018-04-15T23:03:24","modified_gmt":"2018-04-16T02:03:24","slug":"syngenta-promove-tarde-de-campo-na-area-experimental-da-coopatrigo","status":"publish","type":"post","link":"https:\/\/www.coopatrigo.com.br\/novo\/2016\/01\/13\/syngenta-promove-tarde-de-campo-na-area-experimental-da-coopatrigo\/","title":{"rendered":"Syngenta promove tarde de campo na \u00e1rea experimental da Coopatrigo"},"content":{"rendered":"<div id=\"dslc-theme-content\"><div id=\"dslc-theme-content-inner\"><p>Na \u00faltima segunda-feira, dia 11 de janeiro a Syngenta que \u00e9 parceira da coopatrigo na comercializa\u00e7\u00e3o de defensivos agr\u00edcolas esteve realizando uma tarde de campo voltada para os produtores da nossa regi\u00e3o, com o objetivo espec\u00edfico de abordar o controle de nematoides e a demonstra\u00e7\u00e3o a campo da utiliza\u00e7\u00e3o do tratamento de sementes Avicta Completo.<\/p>\n<p>Na oportunidade esteve palestrando o Dr. Fernando C\u00e9sar Baida, diretor e pesquisador da Nema Brasil, que falou sobre nematoides e fitoparasitas e os grandes preju\u00edzos que trazem na lavoura de soja. \u00a0\u201cAs \u00e1reas infestadas por nematoides tem, em m\u00e9dia,\u00a0uma queda de produtividade de 30%, podendo chegar at\u00e9 80% em casos mais cr\u00edticos\u201d, alertou o palestrante.<\/p>\n<p>Sobre o Avicta Completo, Baida salienta que \u00e9 uma excelente ferramenta de controle de pragas, fungos e doen\u00e7as provenientes de nematoides. \u201cA abamectina presente no produto \u00e9 uma eficiente prote\u00edna de controle de nematoides. Na pr\u00e1tica, isso facilita e ajuda o produtor a proteger a gen\u00e9tica da semente que ele colocou no campo. O retorno do Avicta completo \u00e9 excelente para n\u00f3s, pesquisadores e uma ferramenta fant\u00e1stica para o produtor\u201d.<\/p>\n<p>Ap\u00f3s a palestra os produtores tiveram a oportunidade de verificar o campo demonstrativo montado por Coopatrigo e Syngenta, mostrando a efici\u00eancia da utiliza\u00e7\u00e3o do tratamento Avicta Completo.<\/p>\n<\/div><\/div>","protected":false},"excerpt":{"rendered":"<p>Na \u00faltima segunda-feira, dia 11 de janeiro a Syngenta que \u00e9 parceira da coopatrigo na comercializa\u00e7\u00e3o de defensivos agr\u00edcolas esteve realizando uma tarde de campo voltada para os produtores da nossa regi\u00e3o, com o objetivo espec\u00edfico de abordar o controle de nematoides e a demonstra\u00e7\u00e3o a campo da utiliza\u00e7\u00e3o do tratamento de sementes Avicta Completo. [&hellip;]<\/p>\n","protected":false},"author":1,"featured_media":2640,"comment_status":"open","ping_status":"open","sticky":false,"template":"","format":"standard","meta":{"_acf_changed":false,"footnotes":""},"categories":[1],"tags":[],"class_list":["post-2636","post","type-post","status-publish","format-standard","has-post-thumbnail","hentry","category-noticias"],"acf":[],"_links":{"self":[{"href":"https:\/\/www.coopatrigo.com.br\/novo\/wp-json\/wp\/v2\/posts\/2636","targetHints":{"allow":["GET"]}}],"collection":[{"href":"https:\/\/www.coopatrigo.com.br\/novo\/wp-json\/wp\/v2\/posts"}],"about":[{"href":"https:\/\/www.coopatrigo.com.br\/novo\/wp-json\/wp\/v2\/types\/post"}],"author":[{"embeddable":true,"href":"https:\/\/www.coopatrigo.com.br\/novo\/wp-json\/wp\/v2\/users\/1"}],"replies":[{"embeddable":true,"href":"https:\/\/www.coopatrigo.com.br\/novo\/wp-json\/wp\/v2\/comments?post=2636"}],"version-history":[{"count":0,"href":"https:\/\/www.coopatrigo.com.br\/novo\/wp-json\/wp\/v2\/posts\/2636\/revisions"}],"wp:featuredmedia":[{"embeddable":true,"href":"https:\/\/www.coopatrigo.com.br\/novo\/wp-json\/"}],"wp:attachment":[{"href":"https:\/\/www.coopatrigo.com.br\/novo\/wp-json\/wp\/v2\/media?parent=2636"}],"wp:term":[{"taxonomy":"category","embeddable":true,"href":"https:\/\/www.coopatrigo.com.br\/novo\/wp-json\/wp\/v2\/categories?post=2636"},{"taxonomy":"post_tag","embeddable":true,"href":"https:\/\/www.coopatrigo.com.br\/novo\/wp-json\/wp\/v2\/tags?post=2636"}],"curies":[{"name":"wp","href":"https:\/\/api.w.org\/{rel}","templated":true}]}}