{"id":27057,"date":"2021-09-21T15:55:11","date_gmt":"2021-09-21T18:55:11","guid":{"rendered":"https:\/\/www.coopatrigo.com.br\/novo\/?p=27057"},"modified":"2021-09-21T15:55:11","modified_gmt":"2021-09-21T18:55:11","slug":"coopatrigo-completa-64-anos-de-fundacao","status":"publish","type":"post","link":"https:\/\/www.coopatrigo.com.br\/novo\/2021\/09\/21\/coopatrigo-completa-64-anos-de-fundacao\/","title":{"rendered":"Coopatrigo completa 64 anos de funda\u00e7\u00e3o"},"content":{"rendered":"<div id=\"dslc-main\">\n\t\t<div  class=\"dslc-modules-section \" style=\"padding-bottom:30px;padding-top:30px;background-color:#16452c;background-image:url(https:\/\/www.coopatrigo.com.br\/novo\/wp-content\/uploads\/2021\/02\/bg.png);background-position:center center;\" data-section-id=\"74a23622ed4\">\n\t\t\t\t\n\t\t\t\t\n\t\t\t\t<div class=\"dslc-modules-section-wrapper dslc-clearfix\"><div class=\"dslc-modules-area dslc-col dslc-12-col dslc-last-col dslc-valign- \" data-size=\"12\" data-valign=\"\">\n\t\t<div id=\"dslc-module-24\" class=\"dslc-module-front dslc-module-DSLC_TP_Title dslc-in-viewport-check dslc-in-viewport-anim-none  dslc-col dslc-12-col dslc-last-col  dslc-module-handle-like-regular \" data-module-id=\"24\" data-module=\"DSLC_TP_Title\" data-dslc-module-size=\"12\" data-dslc-anim=\"none\" data-dslc-anim-delay=\"\" data-dslc-anim-duration=\"650\"  data-dslc-anim-easing=\"ease\" data-dslc-preset=\"none\" >\n\n\t\t\t\n\t\t\t\n\t\t\r\n\t\t\t\t<div class=\"dslc-tp-title\"><h1>Coopatrigo completa 64 anos de funda\u00e7\u00e3o<\/h1><\/div>\r\n\r\n\t\t\t\n\t\t\t\t<\/div><!-- .dslc-module -->\n\t\t\n\t\t<div id=\"dslc-module-25\" class=\"dslc-module-front dslc-module-DSLC_TP_Meta dslc-in-viewport-check dslc-in-viewport-anim-none  dslc-col dslc-12-col dslc-last-col  dslc-module-handle-like-regular \" data-module-id=\"25\" data-module=\"DSLC_TP_Meta\" data-dslc-module-size=\"12\" data-dslc-anim=\"none\" data-dslc-anim-delay=\"\" data-dslc-anim-duration=\"650\"  data-dslc-anim-easing=\"ease\" data-dslc-preset=\"none\" >\n\n\t\t\t\n\t\t\t\n\t\t\r\n\t\t\t\t<div class=\"dslc-tp-meta dslc-tp-meta-horizontal\">\r\n\t\t\t\t\t<ul class=\"dslc-clearfix\">\r\n\r\n\t\t\t\t\t\t\t\t\t\t\t\t\t<li>21 de setembro de 2021<\/li>\r\n\t\t\t\t\t\t\r\n\t\t\t\t\t\t\r\n\t\t\t\t\t\t\r\n\t\t\t\t\t\t\r\n\t\t\t\t\t\t\r\n\t\t\t\t\t<\/ul>\r\n\t\t\t\t<\/div>\r\n\r\n\t\t\t\n\t\t\t\t<\/div><!-- .dslc-module -->\n\t\t<\/div><\/div><\/div>\n\t\t<div  class=\"dslc-modules-section \" style=\"padding-bottom:30px;padding-top:30px;background-color:rgba(230, 230, 230, 0);border-color:rgb(230, 230, 230);border-top-style: hidden; border-right-style: hidden; border-bottom-style: hidden; border-left-style: hidden; \" data-section-id=\"2b557989cda\">\n\t\t\t\t\n\t\t\t\t\n\t\t\t\t<div class=\"dslc-modules-section-wrapper dslc-clearfix\"><div class=\"dslc-modules-area dslc-col dslc-1-col dslc-first-col dslc-valign-undefined \" data-size=\"1\" data-valign=\"undefined\"><\/div><div class=\"dslc-modules-area dslc-col dslc-10-col  dslc-valign- \" data-size=\"10\" data-valign=\"\">\n\t\t<div id=\"dslc-module-a7d04abcf7f\" class=\"dslc-module-front dslc-module-DSLC_TP_Thumbnail dslc-in-viewport-check dslc-in-viewport-anim-none  dslc-col dslc-12-col dslc-last-col  dslc-module-handle-like-regular \" data-module-id=\"a7d04abcf7f\" data-module=\"DSLC_TP_Thumbnail\" data-dslc-module-size=\"12\" data-dslc-anim=\"none\" data-dslc-anim-delay=\"\" data-dslc-anim-duration=\"650\"  data-dslc-anim-easing=\"ease\" data-dslc-preset=\"none\" >\n\n\t\t\t\n\t\t\t\n\t\t\r\n\t\t\t<div class=\"dslc-tp-thumbnail\">\r\n\t\t\t\t\t\t\t\t\t\t\t\t\t\t\t<img width=\"1024\" height=\"585\" src=\"https:\/\/www.coopatrigo.com.br\/novo\/wp-content\/uploads\/2021\/09\/Foto-Centro-Agropecuario.jpg\" class=\"attachment-full size-full wp-post-image\" alt=\"\" title=\"Foto Centro Agropecu\u00e1rio\" srcset=\"https:\/\/www.coopatrigo.com.br\/novo\/wp-content\/uploads\/2021\/09\/Foto-Centro-Agropecuario.jpg 1024w, https:\/\/www.coopatrigo.com.br\/novo\/wp-content\/uploads\/2021\/09\/Foto-Centro-Agropecuario-300x171.jpg 300w, https:\/\/www.coopatrigo.com.br\/novo\/wp-content\/uploads\/2021\/09\/Foto-Centro-Agropecuario-768x439.jpg 768w\" sizes=\"(max-width: 1024px) 100vw, 1024px\" \/>\t\t\t\t\t\t\t\t\t\t\t\t<\/div>\r\n\r\n\t\t\r\n\t\t\n\t\t\t\t<\/div><!-- .dslc-module -->\n\t\t\n\t\t<div id=\"dslc-module-26\" class=\"dslc-module-front dslc-module-DSLC_TP_Content dslc-in-viewport-check dslc-in-viewport-anim-none  dslc-col dslc-12-col dslc-last-col  dslc-module-handle-like-regular \" data-module-id=\"26\" data-module=\"DSLC_TP_Content\" data-dslc-module-size=\"12\" data-dslc-anim=\"none\" data-dslc-anim-delay=\"\" data-dslc-anim-duration=\"650\"  data-dslc-anim-easing=\"ease\" data-dslc-preset=\"none\" >\n\n\t\t\t\n\t\t\t\n\t\t<div class=\"dslc-tp-content\"><div id=\"dslc-theme-content\"><div id=\"dslc-theme-content-inner\"><p>No dia 25 de setembro a Coopatrigo vai celebrar mais um ano de atua\u00e7\u00e3o, completando 64 anos de muito trabalho em conjunto com seus associados, colaboradores e comunidades onde atua.<\/p>\n<p>Este ano ainda impedida de desenvolver programa\u00e7\u00f5es abertas para os seus associados em virtude da Pandemia da Covid-19, a Coopatrigo vai realizar alguns eventos fechados para convidados, respeitando os protocolos de seguran\u00e7a e tamb\u00e9m realiza uma promo\u00e7\u00e3o de sorteio de pr\u00eamios envolvendo todos os seus setores comerciais de varejo para marcar a passagem de mais um anivers\u00e1rio.<\/p>\n<p>Na sexta-feira dia 24 no Parque de Exposi\u00e7\u00f5es do Sindicato Rural de S\u00e3o Luiz Gonzaga ser\u00e1 realizando em parceria com a Basf um Drive In, onde a multinacional faz o lan\u00e7amento de um novo fungicida e presta uma homenagem \u00e0 Coopatrigo pelos 64 anos.<\/p>\n<p>No s\u00e1bado dia 25 a Coopatrigo faz um almo\u00e7o fechado para prefeitos, presidentes de C\u00e2maras de Vereadores, Presidentes de Sindicatos e imprensa, onde a Diretoria vai expor o momento atual da Coopatrigo, suas proje\u00e7\u00f5es para o ano em curso onde a meta \u00e9 superar os R$2 bilh\u00f5es de faturamento bruto e tamb\u00e9m apresentar o planejamento que existe de a Cooperativa focar o seu mapa de atua\u00e7\u00e3o nos munic\u00edpios que est\u00e3o no entorno de tr\u00eas grandes centros da regi\u00e3o que s\u00e3o: S\u00e3o Luiz Gonzaga, Santiago e S\u00e3o Borja.<\/p>\n<p>No dia 06 de outubro fechando esta programa\u00e7\u00e3o, a Coopatrigo realiza o seu tradicional Dia de Campo Trigo, o qual ser\u00e1 desenvolvido em duas etapas dividindo as Unidades da Coopatrigo para que n\u00e3o ocorram aglomera\u00e7\u00f5es.<\/p>\n<p>Ao comentar o anivers\u00e1rio da Coopatrigo o presidente Paulo Pires disse que a data precisa ser comemorada por associados, colaboradores e comunidades onde a Cooperativa atua, por toda esta trajet\u00f3ria iniciada pelos 11 pioneiros em 1957 e chegando nos tempos atuais na grande empresa que \u00e9 a Coopatrigo. \u201cTemos que olhar o passado e nos orgulharmos de toda essa hist\u00f3ria que teve percal\u00e7os superados, mas que agora vive um per\u00edodo de crescimento econ\u00f4mico e isto tem que ser valorizado e comemorado por todas as comunidades onde a Cooperativa atua\u201d, ressaltou o Presidente Paulo Pires.<\/p>\n<p>&nbsp;<\/p>\n<p>Roberto Marques<\/p>\n<p>Assessor de Comunica\u00e7\u00e3o Coopatrigo<\/p>\n<p>&nbsp;<\/p>\n<\/div><\/div><\/div>\n\t\t\t\t<\/div><!-- .dslc-module -->\n\t\t<\/div><\/div><\/div><\/div><input type=\"hidden\" id=\"dslca-post-data-thumb\" value=\"https:\/\/www.coopatrigo.com.br\/novo\/wp-content\/uploads\/2021\/09\/Foto-Centro-Agropecuario.jpg\" \/>","protected":false},"excerpt":{"rendered":"<p>Coopatrigo completa 64 anos de funda\u00e7\u00e3o 21 de setembro de 2021 No dia 25 de setembro a Coopatrigo vai celebrar mais um ano de atua\u00e7\u00e3o, completando 64 anos de muito trabalho em conjunto com seus associados, colaboradores e comunidades onde atua. Este ano ainda impedida de desenvolver programa\u00e7\u00f5es abertas para os seus associados em virtude [&hellip;]<\/p>\n","protected":false},"author":5,"featured_media":27058,"comment_status":"open","ping_status":"open","sticky":false,"template":"","format":"standard","meta":{"_acf_changed":false,"footnotes":""},"categories":[1],"tags":[],"class_list":["post-27057","post","type-post","status-publish","format-standard","has-post-thumbnail","hentry","category-noticias"],"acf":[],"_links":{"self":[{"href":"https:\/\/www.coopatrigo.com.br\/novo\/wp-json\/wp\/v2\/posts\/27057","targetHints":{"allow":["GET"]}}],"collection":[{"href":"https:\/\/www.coopatrigo.com.br\/novo\/wp-json\/wp\/v2\/posts"}],"about":[{"href":"https:\/\/www.coopatrigo.com.br\/novo\/wp-json\/wp\/v2\/types\/post"}],"author":[{"embeddable":true,"href":"https:\/\/www.coopatrigo.com.br\/novo\/wp-json\/wp\/v2\/users\/5"}],"replies":[{"embeddable":true,"href":"https:\/\/www.coopatrigo.com.br\/novo\/wp-json\/wp\/v2\/comments?post=27057"}],"version-history":[{"count":0,"href":"https:\/\/www.coopatrigo.com.br\/novo\/wp-json\/wp\/v2\/posts\/27057\/revisions"}],"wp:featuredmedia":[{"embeddable":true,"href":"https:\/\/www.coopatrigo.com.br\/novo\/wp-json\/wp\/v2\/media\/27058"}],"wp:attachment":[{"href":"https:\/\/www.coopatrigo.com.br\/novo\/wp-json\/wp\/v2\/media?parent=27057"}],"wp:term":[{"taxonomy":"category","embeddable":true,"href":"https:\/\/www.coopatrigo.com.br\/novo\/wp-json\/wp\/v2\/categories?post=27057"},{"taxonomy":"post_tag","embeddable":true,"href":"https:\/\/www.coopatrigo.com.br\/novo\/wp-json\/wp\/v2\/tags?post=27057"}],"curies":[{"name":"wp","href":"https:\/\/api.w.org\/{rel}","templated":true}]}}