{"id":27149,"date":"2021-09-27T11:09:43","date_gmt":"2021-09-27T14:09:43","guid":{"rendered":"https:\/\/www.coopatrigo.com.br\/novo\/?p=27149"},"modified":"2021-09-27T11:12:06","modified_gmt":"2021-09-27T14:12:06","slug":"coopatrigo-realizou-almoco-comemorativo-aos-64-anos-de-fundacao","status":"publish","type":"post","link":"https:\/\/www.coopatrigo.com.br\/novo\/2021\/09\/27\/coopatrigo-realizou-almoco-comemorativo-aos-64-anos-de-fundacao\/","title":{"rendered":"Coopatrigo realizou almo\u00e7o comemorativo aos 64 anos de funda\u00e7\u00e3o"},"content":{"rendered":"<div id=\"dslc-main\">\n\t\t<div  class=\"dslc-modules-section \" style=\"padding-bottom:30px;padding-top:30px;background-color:#16452c;background-image:url(https:\/\/www.coopatrigo.com.br\/novo\/wp-content\/uploads\/2021\/02\/bg.png);background-position:center center;\" data-section-id=\"74a23622ed4\">\n\t\t\t\t\n\t\t\t\t\n\t\t\t\t<div class=\"dslc-modules-section-wrapper dslc-clearfix\"><div class=\"dslc-modules-area dslc-col dslc-12-col dslc-last-col dslc-valign- \" data-size=\"12\" data-valign=\"\">\n\t\t<div id=\"dslc-module-24\" class=\"dslc-module-front dslc-module-DSLC_TP_Title dslc-in-viewport-check dslc-in-viewport-anim-none  dslc-col dslc-12-col dslc-last-col  dslc-module-handle-like-regular \" data-module-id=\"24\" data-module=\"DSLC_TP_Title\" data-dslc-module-size=\"12\" data-dslc-anim=\"none\" data-dslc-anim-delay=\"\" data-dslc-anim-duration=\"650\"  data-dslc-anim-easing=\"ease\" data-dslc-preset=\"none\" >\n\n\t\t\t\n\t\t\t\n\t\t\r\n\t\t\t\t<div class=\"dslc-tp-title\"><h1>Coopatrigo realizou almo\u00e7o comemorativo aos 64 anos de funda\u00e7\u00e3o<\/h1><\/div>\r\n\r\n\t\t\t\n\t\t\t\t<\/div><!-- .dslc-module -->\n\t\t\n\t\t<div id=\"dslc-module-25\" class=\"dslc-module-front dslc-module-DSLC_TP_Meta dslc-in-viewport-check dslc-in-viewport-anim-none  dslc-col dslc-12-col dslc-last-col  dslc-module-handle-like-regular \" data-module-id=\"25\" data-module=\"DSLC_TP_Meta\" data-dslc-module-size=\"12\" data-dslc-anim=\"none\" data-dslc-anim-delay=\"\" data-dslc-anim-duration=\"650\"  data-dslc-anim-easing=\"ease\" data-dslc-preset=\"none\" >\n\n\t\t\t\n\t\t\t\n\t\t\r\n\t\t\t\t<div class=\"dslc-tp-meta dslc-tp-meta-horizontal\">\r\n\t\t\t\t\t<ul class=\"dslc-clearfix\">\r\n\r\n\t\t\t\t\t\t\t\t\t\t\t\t\t<li>27 de setembro de 2021<\/li>\r\n\t\t\t\t\t\t\r\n\t\t\t\t\t\t\r\n\t\t\t\t\t\t\r\n\t\t\t\t\t\t\r\n\t\t\t\t\t\t\r\n\t\t\t\t\t<\/ul>\r\n\t\t\t\t<\/div>\r\n\r\n\t\t\t\n\t\t\t\t<\/div><!-- .dslc-module -->\n\t\t<\/div><\/div><\/div>\n\t\t<div  class=\"dslc-modules-section \" style=\"padding-bottom:30px;padding-top:30px;background-color:rgba(230, 230, 230, 0);border-color:rgb(230, 230, 230);border-top-style: hidden; border-right-style: hidden; border-bottom-style: hidden; border-left-style: hidden; \" data-section-id=\"2b557989cda\">\n\t\t\t\t\n\t\t\t\t\n\t\t\t\t<div class=\"dslc-modules-section-wrapper dslc-clearfix\"><div class=\"dslc-modules-area dslc-col dslc-1-col dslc-first-col dslc-valign-undefined \" data-size=\"1\" data-valign=\"undefined\"><\/div><div class=\"dslc-modules-area dslc-col dslc-10-col  dslc-valign- \" data-size=\"10\" data-valign=\"\">\n\t\t<div id=\"dslc-module-a7d04abcf7f\" class=\"dslc-module-front dslc-module-DSLC_TP_Thumbnail dslc-in-viewport-check dslc-in-viewport-anim-none  dslc-col dslc-12-col dslc-last-col  dslc-module-handle-like-regular \" data-module-id=\"a7d04abcf7f\" data-module=\"DSLC_TP_Thumbnail\" data-dslc-module-size=\"12\" data-dslc-anim=\"none\" data-dslc-anim-delay=\"\" data-dslc-anim-duration=\"650\"  data-dslc-anim-easing=\"ease\" data-dslc-preset=\"none\" >\n\n\t\t\t\n\t\t\t\n\t\t\r\n\t\t\t<div class=\"dslc-tp-thumbnail\">\r\n\t\t\t\t\t\t\t\t\t\t\t\t\t\t\t<img width=\"1024\" height=\"498\" src=\"https:\/\/www.coopatrigo.com.br\/novo\/wp-content\/uploads\/2021\/09\/20210925_120942.jpg\" class=\"attachment-full size-full wp-post-image\" alt=\"\" title=\"20210925_120942\" srcset=\"https:\/\/www.coopatrigo.com.br\/novo\/wp-content\/uploads\/2021\/09\/20210925_120942.jpg 1024w, https:\/\/www.coopatrigo.com.br\/novo\/wp-content\/uploads\/2021\/09\/20210925_120942-300x146.jpg 300w, https:\/\/www.coopatrigo.com.br\/novo\/wp-content\/uploads\/2021\/09\/20210925_120942-768x374.jpg 768w\" sizes=\"(max-width: 1024px) 100vw, 1024px\" \/>\t\t\t\t\t\t\t\t\t\t\t\t<\/div>\r\n\r\n\t\t\r\n\t\t\n\t\t\t\t<\/div><!-- .dslc-module -->\n\t\t\n\t\t<div id=\"dslc-module-26\" class=\"dslc-module-front dslc-module-DSLC_TP_Content dslc-in-viewport-check dslc-in-viewport-anim-none  dslc-col dslc-12-col dslc-last-col  dslc-module-handle-like-regular \" data-module-id=\"26\" data-module=\"DSLC_TP_Content\" data-dslc-module-size=\"12\" data-dslc-anim=\"none\" data-dslc-anim-delay=\"\" data-dslc-anim-duration=\"650\"  data-dslc-anim-easing=\"ease\" data-dslc-preset=\"none\" >\n\n\t\t\t\n\t\t\t\n\t\t<div class=\"dslc-tp-content\"><div id=\"dslc-theme-content\"><div id=\"dslc-theme-content-inner\"><p>No dia 25 de setembro data que marca os 64 anos da funda\u00e7\u00e3o da Coopatrigo foi realizado um almo\u00e7o para Prefeitos, Presidentes de C\u00e2mara de Vereadores, Presidentes de Sindicatos Rurais e Presidentes de Sindicatos de Trabalhadores Rurais junto a Associa\u00e7\u00e3o dos Funcion\u00e1rios da Coopatrigo, respeitando todos os protocolos de seguran\u00e7a da Pandemia da Covid-19.<\/p>\n<p>Como atra\u00e7\u00e3o do almo\u00e7o a Coopatrigo convidou os vencedores do Concurso Arroz Carreteiro para elaborarem suas receitas vencedoras e servir para os convidados, valorizando o t\u00edtulo que S\u00e3o Luiz Gonzaga recebeu de Capital Ga\u00facha do Arroz Carreteiro.<\/p>\n<p>A sauda\u00e7\u00e3o aos presentes foi realizada pelo Presidente Paulo Pires que inicialmente justificou o n\u00famero reduzido de convidados, dizendo que almo\u00e7o estava sendo realizado para comemorar a data e tamb\u00e9m para mostrar \u00e0s lideran\u00e7as e suas respectivas comunidades a pujan\u00e7a da Coopatrigo no per\u00edodo ap\u00f3s a \u00faltima crise da Cooperativa. \u201cEstamos dando sequ\u00eancia a um per\u00edodo que j\u00e1 tem 23 anos e isto nos transmite uma grande responsabilidade de continuar com este crescimento, olhando para o passado e se orgulhando desta trajet\u00f3ria em que vimos outras Cooperativas sucumbirem na nossa regi\u00e3o\u201d, afirmou Paulo Pires enaltecendo tamb\u00e9m a iniciativa dos 11 pioneiros l\u00e1 em 1957 que decidiram fundar a Coopatrigo.<\/p>\n<p>O presidente da Coopatrigo comentou aos presentes que o ano de 2021 est\u00e1 sendo muito bom para a Cooperativa que projeta ultrapassar os R$2 bilh\u00f5es de faturamento bruto, em mais uma marca hist\u00f3rica e construindo um bom resultado para dividir com os seus associados. Paulo Pires disse ainda que a atual gest\u00e3o trabalha com a consolida\u00e7\u00e3o da \u00e1rea de a\u00e7\u00e3o da Coopatrigo no entorno de tr\u00eas grandes polos regionais que s\u00e3o: S\u00e3o Luiz Gonzaga, Santiago e S\u00e3o Borja, passando para a atua\u00e7\u00e3o em 18 munic\u00edpios com uma \u00e1rea de mais de 550 mil hectares de lavoura.<\/p>\n<p>Encerrando sua manifesta\u00e7\u00e3o Paulo Pires agradeceu ao trabalho dos colaboradores e a uni\u00e3o dos associados em torno da sua Cooperativa e fez uma cita\u00e7\u00e3o do jogador de Basquete norte-americano Michael Jordan: \u201cUm talento vence jogos, mas s\u00f3 o trabalho em equipe vence campeonatos\u201d.<\/p>\n\n\t\t<style type=\"text\/css\">\n\t\t\t#gallery-3 {\n\t\t\t\tmargin: auto;\n\t\t\t}\n\t\t\t#gallery-3 .gallery-item {\n\t\t\t\tfloat: left;\n\t\t\t\tmargin-top: 10px;\n\t\t\t\ttext-align: center;\n\t\t\t\twidth: 33%;\n\t\t\t}\n\t\t\t#gallery-3 img {\n\t\t\t\tborder: 2px solid #cfcfcf;\n\t\t\t}\n\t\t\t#gallery-3 .gallery-caption {\n\t\t\t\tmargin-left: 0;\n\t\t\t}\n\t\t\t\/* see gallery_shortcode() in wp-includes\/media.php *\/\n\t\t<\/style>\n\t\t<div id='gallery-3' class='gallery galleryid-27149 gallery-columns-3 gallery-size-thumbnail'><dl class='gallery-item'>\n\t\t\t<dt class='gallery-icon landscape'>\n\t\t\t\t<a href='https:\/\/www.coopatrigo.com.br\/novo\/wp-content\/uploads\/2021\/09\/20210925_113254.jpg'><img loading=\"lazy\" decoding=\"async\" width=\"150\" height=\"150\" src=\"https:\/\/www.coopatrigo.com.br\/novo\/wp-content\/uploads\/2021\/09\/20210925_113254-150x150.jpg\" class=\"attachment-thumbnail size-thumbnail\" alt=\"\" aria-describedby=\"gallery-3-27151\" \/><\/a>\n\t\t\t<\/dt>\n\t\t\t\t<dd class='wp-caption-text gallery-caption' id='gallery-3-27151'>\n\t\t\t\tDiretoria e os Conselheiros da Coopatrigo\n\t\t\t\t<\/dd><\/dl><dl class='gallery-item'>\n\t\t\t<dt class='gallery-icon landscape'>\n\t\t\t\t<a href='https:\/\/www.coopatrigo.com.br\/novo\/wp-content\/uploads\/2021\/09\/20210925_113500.jpg'><img loading=\"lazy\" decoding=\"async\" width=\"150\" height=\"150\" src=\"https:\/\/www.coopatrigo.com.br\/novo\/wp-content\/uploads\/2021\/09\/20210925_113500-150x150.jpg\" class=\"attachment-thumbnail size-thumbnail\" alt=\"\" aria-describedby=\"gallery-3-27152\" \/><\/a>\n\t\t\t<\/dt>\n\t\t\t\t<dd class='wp-caption-text gallery-caption' id='gallery-3-27152'>\n\t\t\t\tDiretoria e os Gerentes de Unidades Coopatrigo\n\t\t\t\t<\/dd><\/dl><dl class='gallery-item'>\n\t\t\t<dt class='gallery-icon landscape'>\n\t\t\t\t<a href='https:\/\/www.coopatrigo.com.br\/novo\/wp-content\/uploads\/2021\/09\/20210925_120925.jpg'><img loading=\"lazy\" decoding=\"async\" width=\"150\" height=\"150\" src=\"https:\/\/www.coopatrigo.com.br\/novo\/wp-content\/uploads\/2021\/09\/20210925_120925-150x150.jpg\" class=\"attachment-thumbnail size-thumbnail\" alt=\"\" aria-describedby=\"gallery-3-27153\" \/><\/a>\n\t\t\t<\/dt>\n\t\t\t\t<dd class='wp-caption-text gallery-caption' id='gallery-3-27153'>\n\t\t\t\tPublico foi restrito em virtude da Pandemia\n\t\t\t\t<\/dd><\/dl><br style=\"clear: both\" \/><dl class='gallery-item'>\n\t\t\t<dt class='gallery-icon landscape'>\n\t\t\t\t<a href='https:\/\/www.coopatrigo.com.br\/novo\/wp-content\/uploads\/2021\/09\/20210925_124618.jpg'><img loading=\"lazy\" decoding=\"async\" width=\"150\" height=\"150\" src=\"https:\/\/www.coopatrigo.com.br\/novo\/wp-content\/uploads\/2021\/09\/20210925_124618-150x150.jpg\" class=\"attachment-thumbnail size-thumbnail\" alt=\"\" aria-describedby=\"gallery-3-27154\" \/><\/a>\n\t\t\t<\/dt>\n\t\t\t\t<dd class='wp-caption-text gallery-caption' id='gallery-3-27154'>\n\t\t\t\tEquipe de coordena\u00e7\u00e3o do Arroz Carreteiro\n\t\t\t\t<\/dd><\/dl><dl class='gallery-item'>\n\t\t\t<dt class='gallery-icon landscape'>\n\t\t\t\t<a href='https:\/\/www.coopatrigo.com.br\/novo\/wp-content\/uploads\/2021\/09\/242911395_566925404525244_9179119297113097550_n.jpg'><img loading=\"lazy\" decoding=\"async\" width=\"150\" height=\"150\" src=\"https:\/\/www.coopatrigo.com.br\/novo\/wp-content\/uploads\/2021\/09\/242911395_566925404525244_9179119297113097550_n-150x150.jpg\" class=\"attachment-thumbnail size-thumbnail\" alt=\"\" aria-describedby=\"gallery-3-27155\" \/><\/a>\n\t\t\t<\/dt>\n\t\t\t\t<dd class='wp-caption-text gallery-caption' id='gallery-3-27155'>\n\t\t\t\tPresidente Paulo Pires com cozinheiros e Equipe do Arroz Carreteiro\n\t\t\t\t<\/dd><\/dl><dl class='gallery-item'>\n\t\t\t<dt class='gallery-icon landscape'>\n\t\t\t\t<a href='https:\/\/www.coopatrigo.com.br\/novo\/wp-content\/uploads\/2021\/09\/242590127_4339988136066512_8966281789628882821_n.jpg'><img loading=\"lazy\" decoding=\"async\" width=\"150\" height=\"150\" src=\"https:\/\/www.coopatrigo.com.br\/novo\/wp-content\/uploads\/2021\/09\/242590127_4339988136066512_8966281789628882821_n-150x150.jpg\" class=\"attachment-thumbnail size-thumbnail\" alt=\"\" aria-describedby=\"gallery-3-27156\" \/><\/a>\n\t\t\t<\/dt>\n\t\t\t\t<dd class='wp-caption-text gallery-caption' id='gallery-3-27156'>\n\t\t\t\tEquipe coordena\u00e7\u00e3o e vencedores do Concurso Arroz Carreteiro\n\t\t\t\t<\/dd><\/dl><br style=\"clear: both\" \/><dl class='gallery-item'>\n\t\t\t<dt class='gallery-icon landscape'>\n\t\t\t\t<a href='https:\/\/www.coopatrigo.com.br\/novo\/wp-content\/uploads\/2021\/09\/20210925_125710.jpg'><img loading=\"lazy\" decoding=\"async\" width=\"150\" height=\"150\" src=\"https:\/\/www.coopatrigo.com.br\/novo\/wp-content\/uploads\/2021\/09\/20210925_125710-150x150.jpg\" class=\"attachment-thumbnail size-thumbnail\" alt=\"\" aria-describedby=\"gallery-3-27157\" \/><\/a>\n\t\t\t<\/dt>\n\t\t\t\t<dd class='wp-caption-text gallery-caption' id='gallery-3-27157'>\n\t\t\t\tConvidados servindo o Arroz Carreteiro\n\t\t\t\t<\/dd><\/dl>\n\t\t\t<br style='clear: both' \/>\n\t\t<\/div>\n\n<p>Roberto Marques<\/p>\n<p>Assessor de Comunica\u00e7\u00e3o Coopatrigo<\/p>\n<\/div><\/div><\/div>\n\t\t\t\t<\/div><!-- .dslc-module -->\n\t\t<\/div><\/div><\/div><\/div><input type=\"hidden\" id=\"dslca-post-data-thumb\" value=\"https:\/\/www.coopatrigo.com.br\/novo\/wp-content\/uploads\/2021\/09\/20210925_120942.jpg\" \/>","protected":false},"excerpt":{"rendered":"<p>Coopatrigo realizou almo\u00e7o comemorativo aos 64 anos de funda\u00e7\u00e3o 27 de setembro de 2021 No dia 25 de setembro data que marca os 64 anos da funda\u00e7\u00e3o da Coopatrigo foi realizado um almo\u00e7o para Prefeitos, Presidentes de C\u00e2mara de Vereadores, Presidentes de Sindicatos Rurais e Presidentes de Sindicatos de Trabalhadores Rurais junto a Associa\u00e7\u00e3o dos [&hellip;]<\/p>\n","protected":false},"author":5,"featured_media":27150,"comment_status":"open","ping_status":"open","sticky":false,"template":"","format":"standard","meta":{"_acf_changed":false,"footnotes":""},"categories":[1],"tags":[],"class_list":["post-27149","post","type-post","status-publish","format-standard","has-post-thumbnail","hentry","category-noticias"],"acf":[],"_links":{"self":[{"href":"https:\/\/www.coopatrigo.com.br\/novo\/wp-json\/wp\/v2\/posts\/27149","targetHints":{"allow":["GET"]}}],"collection":[{"href":"https:\/\/www.coopatrigo.com.br\/novo\/wp-json\/wp\/v2\/posts"}],"about":[{"href":"https:\/\/www.coopatrigo.com.br\/novo\/wp-json\/wp\/v2\/types\/post"}],"author":[{"embeddable":true,"href":"https:\/\/www.coopatrigo.com.br\/novo\/wp-json\/wp\/v2\/users\/5"}],"replies":[{"embeddable":true,"href":"https:\/\/www.coopatrigo.com.br\/novo\/wp-json\/wp\/v2\/comments?post=27149"}],"version-history":[{"count":0,"href":"https:\/\/www.coopatrigo.com.br\/novo\/wp-json\/wp\/v2\/posts\/27149\/revisions"}],"wp:featuredmedia":[{"embeddable":true,"href":"https:\/\/www.coopatrigo.com.br\/novo\/wp-json\/wp\/v2\/media\/27150"}],"wp:attachment":[{"href":"https:\/\/www.coopatrigo.com.br\/novo\/wp-json\/wp\/v2\/media?parent=27149"}],"wp:term":[{"taxonomy":"category","embeddable":true,"href":"https:\/\/www.coopatrigo.com.br\/novo\/wp-json\/wp\/v2\/categories?post=27149"},{"taxonomy":"post_tag","embeddable":true,"href":"https:\/\/www.coopatrigo.com.br\/novo\/wp-json\/wp\/v2\/tags?post=27149"}],"curies":[{"name":"wp","href":"https:\/\/api.w.org\/{rel}","templated":true}]}}