{"id":27996,"date":"2021-11-08T10:54:08","date_gmt":"2021-11-08T13:54:08","guid":{"rendered":"https:\/\/www.coopatrigo.com.br\/novo\/?p=27996"},"modified":"2021-11-08T11:08:25","modified_gmt":"2021-11-08T14:08:25","slug":"safra-de-trigo-esta-sendo-finalizada-nao-area-de-acao-da-coopatrigo","status":"publish","type":"post","link":"https:\/\/www.coopatrigo.com.br\/novo\/2021\/11\/08\/safra-de-trigo-esta-sendo-finalizada-nao-area-de-acao-da-coopatrigo\/","title":{"rendered":"Safra de trigo est\u00e1 sendo finalizada na \u00e1rea de a\u00e7\u00e3o da Coopatrigo"},"content":{"rendered":"<div id=\"dslc-theme-content\"><div id=\"dslc-theme-content-inner\"><p>O Presidente da Coopatrigo Paulo Pires esteve concedendo entrevista na manh\u00e3 desta segunda-feira \u00e0 R\u00e1dio Missioneira onde entre outros assuntos comentou sobre a safra de trigo, que segundo ele j\u00e1 est\u00e1 se encaminhando para o seu final com um percentual acima de 90% j\u00e1 colhidos.<\/p>\n<p>Avaliando o desempenho da Coopatrigo nesta safra, Paulo Pires disse que todas as Unidades est\u00e3o atingindo suas metas e algumas inclusive est\u00e3o superando o desempenho projetado.<\/p>\n<p>A n\u00edvel de produtor a situa\u00e7\u00e3o \u00e9 bastante variada de regi\u00e3o para regi\u00e3o, houve uma quebra no potencial produtivo do trigo no geral, com algumas particularidades de locais onde os problemas foram mais s\u00e9rios com quebras inclusive acima das expectativas, em virtude das condi\u00e7\u00f5es adversas que ocorreram durante o ciclo do trigo.<\/p>\n<p>Paulo Pires destacou ainda que o ponto positivo da atual safra de trigo \u00e9 a liquidez que est\u00e1 ocorrendo com neg\u00f3cios permanentes possibilitando que a Cooperativa compre sem interrup\u00e7\u00f5es a safra do seu associado. \u201cA liquidez no trigo que estamos tendo nesta safra nunca tinha se registrado e era inclusive um desestimulante \u00e0 ades\u00e3o dos produtores a esta cultura\u201d, disse o Presidente da Coopatrigo projetando um aumento de \u00e1rea para a pr\u00f3xima safra apesar do aumento nos custos de produ\u00e7\u00e3o.<\/p>\n<p>&nbsp;<\/p>\n<p>Roberto Marques<\/p>\n<p>Assessor de Comunica\u00e7\u00e3o Coopatrigo<\/p>\n<\/div><\/div>","protected":false},"excerpt":{"rendered":"<p>O Presidente da Coopatrigo Paulo Pires esteve concedendo entrevista na manh\u00e3 desta segunda-feira \u00e0 R\u00e1dio Missioneira onde entre outros assuntos comentou sobre a safra de trigo, que segundo ele j\u00e1 est\u00e1 se encaminhando para o seu final com um percentual acima de 90% j\u00e1 colhidos. Avaliando o desempenho da Coopatrigo nesta safra, Paulo Pires disse [&hellip;]<\/p>\n","protected":false},"author":5,"featured_media":27997,"comment_status":"open","ping_status":"open","sticky":false,"template":"","format":"standard","meta":{"_acf_changed":false,"footnotes":""},"categories":[1],"tags":[],"class_list":["post-27996","post","type-post","status-publish","format-standard","has-post-thumbnail","hentry","category-noticias"],"acf":[],"_links":{"self":[{"href":"https:\/\/www.coopatrigo.com.br\/novo\/wp-json\/wp\/v2\/posts\/27996","targetHints":{"allow":["GET"]}}],"collection":[{"href":"https:\/\/www.coopatrigo.com.br\/novo\/wp-json\/wp\/v2\/posts"}],"about":[{"href":"https:\/\/www.coopatrigo.com.br\/novo\/wp-json\/wp\/v2\/types\/post"}],"author":[{"embeddable":true,"href":"https:\/\/www.coopatrigo.com.br\/novo\/wp-json\/wp\/v2\/users\/5"}],"replies":[{"embeddable":true,"href":"https:\/\/www.coopatrigo.com.br\/novo\/wp-json\/wp\/v2\/comments?post=27996"}],"version-history":[{"count":0,"href":"https:\/\/www.coopatrigo.com.br\/novo\/wp-json\/wp\/v2\/posts\/27996\/revisions"}],"wp:featuredmedia":[{"embeddable":true,"href":"https:\/\/www.coopatrigo.com.br\/novo\/wp-json\/wp\/v2\/media\/27997"}],"wp:attachment":[{"href":"https:\/\/www.coopatrigo.com.br\/novo\/wp-json\/wp\/v2\/media?parent=27996"}],"wp:term":[{"taxonomy":"category","embeddable":true,"href":"https:\/\/www.coopatrigo.com.br\/novo\/wp-json\/wp\/v2\/categories?post=27996"},{"taxonomy":"post_tag","embeddable":true,"href":"https:\/\/www.coopatrigo.com.br\/novo\/wp-json\/wp\/v2\/tags?post=27996"}],"curies":[{"name":"wp","href":"https:\/\/api.w.org\/{rel}","templated":true}]}}