{"id":2921,"date":"2016-06-29T11:41:05","date_gmt":"2016-06-29T13:41:05","guid":{"rendered":"http:\/\/www.coopatrigo.com.br\/site\/?p=2921"},"modified":"2018-04-15T23:03:37","modified_gmt":"2018-04-16T02:03:37","slug":"coopatrigo-celebra-dia-c-com-mateada-neste-sabado","status":"publish","type":"post","link":"https:\/\/www.coopatrigo.com.br\/novo\/2016\/06\/29\/coopatrigo-celebra-dia-c-com-mateada-neste-sabado\/","title":{"rendered":"Coopatrigo celebra \u201cDia C\u201d com mateada neste s\u00e1bado"},"content":{"rendered":"<div id=\"dslc-main\">\n\t\t<div  class=\"dslc-modules-section \" style=\"padding-bottom:30px;padding-top:30px;background-color:#16452c;background-image:url(https:\/\/www.coopatrigo.com.br\/novo\/wp-content\/uploads\/2021\/02\/bg.png);background-position:center center;\" data-section-id=\"74a23622ed4\">\n\t\t\t\t\n\t\t\t\t\n\t\t\t\t<div class=\"dslc-modules-section-wrapper dslc-clearfix\"><div class=\"dslc-modules-area dslc-col dslc-12-col dslc-last-col dslc-valign- \" data-size=\"12\" data-valign=\"\">\n\t\t<div id=\"dslc-module-24\" class=\"dslc-module-front dslc-module-DSLC_TP_Title dslc-in-viewport-check dslc-in-viewport-anim-none  dslc-col dslc-12-col dslc-last-col  dslc-module-handle-like-regular \" data-module-id=\"24\" data-module=\"DSLC_TP_Title\" data-dslc-module-size=\"12\" data-dslc-anim=\"none\" data-dslc-anim-delay=\"\" data-dslc-anim-duration=\"650\"  data-dslc-anim-easing=\"ease\" data-dslc-preset=\"none\" >\n\n\t\t\t\n\t\t\t\n\t\t\r\n\t\t\t\t<div class=\"dslc-tp-title\"><h1>Coopatrigo celebra \u201cDia C\u201d com mateada neste s\u00e1bado<\/h1><\/div>\r\n\r\n\t\t\t\n\t\t\t\t<\/div><!-- .dslc-module -->\n\t\t\n\t\t<div id=\"dslc-module-25\" class=\"dslc-module-front dslc-module-DSLC_TP_Meta dslc-in-viewport-check dslc-in-viewport-anim-none  dslc-col dslc-12-col dslc-last-col  dslc-module-handle-like-regular \" data-module-id=\"25\" data-module=\"DSLC_TP_Meta\" data-dslc-module-size=\"12\" data-dslc-anim=\"none\" data-dslc-anim-delay=\"\" data-dslc-anim-duration=\"650\"  data-dslc-anim-easing=\"ease\" data-dslc-preset=\"none\" >\n\n\t\t\t\n\t\t\t\n\t\t\r\n\t\t\t\t<div class=\"dslc-tp-meta dslc-tp-meta-horizontal\">\r\n\t\t\t\t\t<ul class=\"dslc-clearfix\">\r\n\r\n\t\t\t\t\t\t\t\t\t\t\t\t\t<li>29 de junho de 2016<\/li>\r\n\t\t\t\t\t\t\r\n\t\t\t\t\t\t\r\n\t\t\t\t\t\t\r\n\t\t\t\t\t\t\r\n\t\t\t\t\t\t\r\n\t\t\t\t\t<\/ul>\r\n\t\t\t\t<\/div>\r\n\r\n\t\t\t\n\t\t\t\t<\/div><!-- .dslc-module -->\n\t\t<\/div><\/div><\/div>\n\t\t<div  class=\"dslc-modules-section \" style=\"padding-bottom:30px;padding-top:30px;background-color:rgba(230, 230, 230, 0);border-color:rgb(230, 230, 230);border-top-style: hidden; border-right-style: hidden; border-bottom-style: hidden; border-left-style: hidden; \" data-section-id=\"2b557989cda\">\n\t\t\t\t\n\t\t\t\t\n\t\t\t\t<div class=\"dslc-modules-section-wrapper dslc-clearfix\"><div class=\"dslc-modules-area dslc-col dslc-1-col dslc-first-col dslc-valign-undefined \" data-size=\"1\" data-valign=\"undefined\"><\/div><div class=\"dslc-modules-area dslc-col dslc-10-col  dslc-valign- \" data-size=\"10\" data-valign=\"\">\n\t\t<div id=\"dslc-module-a7d04abcf7f\" class=\"dslc-module-front dslc-module-DSLC_TP_Thumbnail dslc-in-viewport-check dslc-in-viewport-anim-none  dslc-col dslc-12-col dslc-last-col  dslc-module-handle-like-regular \" data-module-id=\"a7d04abcf7f\" data-module=\"DSLC_TP_Thumbnail\" data-dslc-module-size=\"12\" data-dslc-anim=\"none\" data-dslc-anim-delay=\"\" data-dslc-anim-duration=\"650\"  data-dslc-anim-easing=\"ease\" data-dslc-preset=\"none\" >\n\n\t\t\t\n\t\t\t\n\t\t\n\t\t\t\t<\/div><!-- .dslc-module -->\n\t\t\n\t\t<div id=\"dslc-module-26\" class=\"dslc-module-front dslc-module-DSLC_TP_Content dslc-in-viewport-check dslc-in-viewport-anim-none  dslc-col dslc-12-col dslc-last-col  dslc-module-handle-like-regular \" data-module-id=\"26\" data-module=\"DSLC_TP_Content\" data-dslc-module-size=\"12\" data-dslc-anim=\"none\" data-dslc-anim-delay=\"\" data-dslc-anim-duration=\"650\"  data-dslc-anim-easing=\"ease\" data-dslc-preset=\"none\" >\n\n\t\t\t\n\t\t\t\n\t\t<div class=\"dslc-tp-content\"><div id=\"dslc-theme-content\"><div id=\"dslc-theme-content-inner\"><p>Neste s\u00e1bado, dia 2 de julho, o cooperativismo brasileiro estar\u00e1 celebrando mais um \u201cDia de Cooperar\u201d que foi institu\u00eddo com o objetivo de promover e estimular a integra\u00e7\u00e3o das a\u00e7\u00f5es volunt\u00e1rias de cooperados, colaboradores e familiares em um grande movimento de solidariedade cooperativista.<\/p>\n<p>Para marcar este dia e promover o encerramento da sua a\u00e7\u00e3o do \u201cDia C\u201d que foi o projeto Rede Solid\u00e1ria a Coopatrigo estar\u00e1 realizando uma mateada no estacionamento do Centro Agropecu\u00e1rio na Vila M\u00e1rio em parceria com a Ervateira \u00a0Rei Verde a partir de 09:30 horas deste s\u00e1bado, dia 02 de julho. Na oportunidade a comunidade s\u00e3oluizense poder\u00e1 participar e trazer a doa\u00e7\u00e3o de alimentos para serem repassadas as entidades beneficiadas.<\/p>\n<p>O Rede Solid\u00e1ria foi criado pela Coopatrigo quando as cooperativas do Rio Grande do Sul foram chamadas para desenvolverem a\u00e7\u00f5es para o \u201cDia C\u201d e tem o objetivo de arredar doa\u00e7\u00f5es para entidades que fazem trabalhos assistenciais em toda a \u00e1rea de a\u00e7\u00e3o da cooperativa, que envolve 13 munic\u00edpios.<\/p>\n<p>Durante todo o m\u00eas de junho os colaboradores da Coopatrigo solicitaram doa\u00e7\u00f5es em dinheiro e alimentos que ser\u00e3o destinadas para as seguintes entidades: APAE, Lar Escola, Lar do Idoso S\u00e3o Vicente de Paula e Hospital de S\u00e3o Luiz Gonzaga; Associa\u00e7\u00e3o de Amparo ao Idoso Padre Olmiro Hartmann e APAE de Santo Antonio das Miss\u00f5es; APAE Bossoroca; Hospital Roque Gonzales de Caibat\u00e9; Lar do Idoso de S\u00e3o Nicolau e Sociedade Assistencial Santa Izabel de Santiago.<\/p>\n<p>Na mateada da coopera\u00e7\u00e3o, como est\u00e1 sendo chamado o evento, tamb\u00e9m est\u00e3o sendo chamadas as demais cooperativas com atua\u00e7\u00e3o na regi\u00e3o para prestigiar o evento da Coopatrigo e celebrarem conjuntamente o \u201cDia de Cooperar\u201d na data em que se comemora o Dia Internacional do Cooperativismo.<\/p>\n<p>&nbsp;<\/p>\n<\/div><\/div><\/div>\n\t\t\t\t<\/div><!-- .dslc-module -->\n\t\t<\/div><\/div><\/div><\/div><input type=\"hidden\" id=\"dslca-post-data-thumb\" value=\"\" \/>","protected":false},"excerpt":{"rendered":"<p>Coopatrigo celebra \u201cDia C\u201d com mateada neste s\u00e1bado 29 de junho de 2016 Neste s\u00e1bado, dia 2 de julho, o cooperativismo brasileiro estar\u00e1 celebrando mais um \u201cDia de Cooperar\u201d que foi institu\u00eddo com o objetivo de promover e estimular a integra\u00e7\u00e3o das a\u00e7\u00f5es volunt\u00e1rias de cooperados, colaboradores e familiares em um grande movimento de solidariedade [&hellip;]<\/p>\n","protected":false},"author":1,"featured_media":2923,"comment_status":"open","ping_status":"open","sticky":false,"template":"","format":"standard","meta":{"_acf_changed":false,"footnotes":""},"categories":[1],"tags":[],"class_list":["post-2921","post","type-post","status-publish","format-standard","has-post-thumbnail","hentry","category-noticias"],"acf":[],"_links":{"self":[{"href":"https:\/\/www.coopatrigo.com.br\/novo\/wp-json\/wp\/v2\/posts\/2921","targetHints":{"allow":["GET"]}}],"collection":[{"href":"https:\/\/www.coopatrigo.com.br\/novo\/wp-json\/wp\/v2\/posts"}],"about":[{"href":"https:\/\/www.coopatrigo.com.br\/novo\/wp-json\/wp\/v2\/types\/post"}],"author":[{"embeddable":true,"href":"https:\/\/www.coopatrigo.com.br\/novo\/wp-json\/wp\/v2\/users\/1"}],"replies":[{"embeddable":true,"href":"https:\/\/www.coopatrigo.com.br\/novo\/wp-json\/wp\/v2\/comments?post=2921"}],"version-history":[{"count":0,"href":"https:\/\/www.coopatrigo.com.br\/novo\/wp-json\/wp\/v2\/posts\/2921\/revisions"}],"wp:featuredmedia":[{"embeddable":true,"href":"https:\/\/www.coopatrigo.com.br\/novo\/wp-json\/"}],"wp:attachment":[{"href":"https:\/\/www.coopatrigo.com.br\/novo\/wp-json\/wp\/v2\/media?parent=2921"}],"wp:term":[{"taxonomy":"category","embeddable":true,"href":"https:\/\/www.coopatrigo.com.br\/novo\/wp-json\/wp\/v2\/categories?post=2921"},{"taxonomy":"post_tag","embeddable":true,"href":"https:\/\/www.coopatrigo.com.br\/novo\/wp-json\/wp\/v2\/tags?post=2921"}],"curies":[{"name":"wp","href":"https:\/\/api.w.org\/{rel}","templated":true}]}}