{"id":2999,"date":"2016-08-17T10:49:04","date_gmt":"2016-08-17T12:49:04","guid":{"rendered":"http:\/\/www.coopatrigo.com.br\/site\/?p=2999"},"modified":"2018-04-15T23:03:38","modified_gmt":"2018-04-16T02:03:38","slug":"coopatrigo-prestigiou-o-seminario-a-voz-do-campo","status":"publish","type":"post","link":"https:\/\/www.coopatrigo.com.br\/novo\/2016\/08\/17\/coopatrigo-prestigiou-o-seminario-a-voz-do-campo\/","title":{"rendered":"Coopatrigo prestigiou o Semin\u00e1rio A Voz do Campo"},"content":{"rendered":"<div id=\"dslc-main\">\n\t\t<div  class=\"dslc-modules-section \" style=\"padding-bottom:30px;padding-top:30px;background-color:#16452c;background-image:url(https:\/\/www.coopatrigo.com.br\/novo\/wp-content\/uploads\/2021\/02\/bg.png);background-position:center center;\" data-section-id=\"74a23622ed4\">\n\t\t\t\t\n\t\t\t\t\n\t\t\t\t<div class=\"dslc-modules-section-wrapper dslc-clearfix\"><div class=\"dslc-modules-area dslc-col dslc-12-col dslc-last-col dslc-valign- \" data-size=\"12\" data-valign=\"\">\n\t\t<div id=\"dslc-module-24\" class=\"dslc-module-front dslc-module-DSLC_TP_Title dslc-in-viewport-check dslc-in-viewport-anim-none  dslc-col dslc-12-col dslc-last-col  dslc-module-handle-like-regular \" data-module-id=\"24\" data-module=\"DSLC_TP_Title\" data-dslc-module-size=\"12\" data-dslc-anim=\"none\" data-dslc-anim-delay=\"\" data-dslc-anim-duration=\"650\"  data-dslc-anim-easing=\"ease\" data-dslc-preset=\"none\" >\n\n\t\t\t\n\t\t\t\n\t\t\r\n\t\t\t\t<div class=\"dslc-tp-title\"><h1>Coopatrigo prestigiou o Semin\u00e1rio A Voz do Campo<\/h1><\/div>\r\n\r\n\t\t\t\n\t\t\t\t<\/div><!-- .dslc-module -->\n\t\t\n\t\t<div id=\"dslc-module-25\" class=\"dslc-module-front dslc-module-DSLC_TP_Meta dslc-in-viewport-check dslc-in-viewport-anim-none  dslc-col dslc-12-col dslc-last-col  dslc-module-handle-like-regular \" data-module-id=\"25\" data-module=\"DSLC_TP_Meta\" data-dslc-module-size=\"12\" data-dslc-anim=\"none\" data-dslc-anim-delay=\"\" data-dslc-anim-duration=\"650\"  data-dslc-anim-easing=\"ease\" data-dslc-preset=\"none\" >\n\n\t\t\t\n\t\t\t\n\t\t\r\n\t\t\t\t<div class=\"dslc-tp-meta dslc-tp-meta-horizontal\">\r\n\t\t\t\t\t<ul class=\"dslc-clearfix\">\r\n\r\n\t\t\t\t\t\t\t\t\t\t\t\t\t<li>17 de agosto de 2016<\/li>\r\n\t\t\t\t\t\t\r\n\t\t\t\t\t\t\r\n\t\t\t\t\t\t\r\n\t\t\t\t\t\t\r\n\t\t\t\t\t\t\r\n\t\t\t\t\t<\/ul>\r\n\t\t\t\t<\/div>\r\n\r\n\t\t\t\n\t\t\t\t<\/div><!-- .dslc-module -->\n\t\t<\/div><\/div><\/div>\n\t\t<div  class=\"dslc-modules-section \" style=\"padding-bottom:30px;padding-top:30px;background-color:rgba(230, 230, 230, 0);border-color:rgb(230, 230, 230);border-top-style: hidden; border-right-style: hidden; border-bottom-style: hidden; border-left-style: hidden; \" data-section-id=\"2b557989cda\">\n\t\t\t\t\n\t\t\t\t\n\t\t\t\t<div class=\"dslc-modules-section-wrapper dslc-clearfix\"><div class=\"dslc-modules-area dslc-col dslc-1-col dslc-first-col dslc-valign-undefined \" data-size=\"1\" data-valign=\"undefined\"><\/div><div class=\"dslc-modules-area dslc-col dslc-10-col  dslc-valign- \" data-size=\"10\" data-valign=\"\">\n\t\t<div id=\"dslc-module-a7d04abcf7f\" class=\"dslc-module-front dslc-module-DSLC_TP_Thumbnail dslc-in-viewport-check dslc-in-viewport-anim-none  dslc-col dslc-12-col dslc-last-col  dslc-module-handle-like-regular \" data-module-id=\"a7d04abcf7f\" data-module=\"DSLC_TP_Thumbnail\" data-dslc-module-size=\"12\" data-dslc-anim=\"none\" data-dslc-anim-delay=\"\" data-dslc-anim-duration=\"650\"  data-dslc-anim-easing=\"ease\" data-dslc-preset=\"none\" >\n\n\t\t\t\n\t\t\t\n\t\t\n\t\t\t\t<\/div><!-- .dslc-module -->\n\t\t\n\t\t<div id=\"dslc-module-26\" class=\"dslc-module-front dslc-module-DSLC_TP_Content dslc-in-viewport-check dslc-in-viewport-anim-none  dslc-col dslc-12-col dslc-last-col  dslc-module-handle-like-regular \" data-module-id=\"26\" data-module=\"DSLC_TP_Content\" data-dslc-module-size=\"12\" data-dslc-anim=\"none\" data-dslc-anim-delay=\"\" data-dslc-anim-duration=\"650\"  data-dslc-anim-easing=\"ease\" data-dslc-preset=\"none\" >\n\n\t\t\t\n\t\t\t\n\t\t<div class=\"dslc-tp-content\"><div id=\"dslc-theme-content\"><div id=\"dslc-theme-content-inner\"><p>A cidade de Gramado sediou no dias 11, 12 e 13 de agosto, mais uma vez, o Semin\u00e1rio A Voz do Campo, realizado no Centro de Eventos do Wish Serrano Hotel. Este ano, a terceira edi\u00e7\u00e3o reuniu 870 inscritos que atuam no agroneg\u00f3cio brasileiro. A Coopatrigo com a presen\u00e7a do presidente Ivo Batista e o Comunicador Roberto Marques prestigiaram este evento.<\/p>\n<p>Com o slogan\u00a0<em>Informa\u00e7\u00e3o, parceria e conhecimento que geram produtividade,<\/em>\u00a0o semin\u00e1rio discutiu os rumos do agroneg\u00f3cio brasileiro e o desenvolvimento desse importante setor para a economia do pa\u00eds.\u00a0 Foram mais de 40 palestrantes que debateram sobre empreendedorismo, inova\u00e7\u00e3o, tecnologia, associativismo e coopera\u00e7\u00e3o. O semin\u00e1rio \u00e9 promovido pela A Voz do Campo, a maior rede de r\u00e1dios do agro, que vai ar todo o s\u00e1bado pela manh\u00e3, e \u00e9 um programa itinerante e identificado com o produtor rural. No Rio Grande do Sul, s\u00e3o 31 emissoras que o transmitem, alcan\u00e7ando cinco milh\u00f5es de ouvintes em mais de 350 munic\u00edpios.<\/p>\n<p>O governador Jos\u00e9 Ivo Sartori prestigiou o encerramento do semin\u00e1rio e salientou a import\u00e2ncia dos agricultores e do campo para o desenvolvimento regional e do Brasil. &#8220;O que discutimos aqui \u00e9 o campo que trabalha, produz e d\u00e1 certo&#8221;, afirmou.<\/p>\n<p>O presidente da Coopatrigo Ivo Batista disse que o semin\u00e1rio foi muito bom, debatendo e discutindo assuntos importantes do interesse dos associados da cooperativa. Um dos pain\u00e9is destacados pelo presidente foi com a meteorologista Estael Sias que falou sobre as tend\u00eancias clim\u00e1ticas e a forma\u00e7\u00e3o do fen\u00f4meno La Nina a partir da pr\u00f3xima primavera. \u201cSer\u00e1 um fen\u00f4meno moderado, o que nos d\u00e1 um indicativo que n\u00e3o teremos estiagens prolongadas, apesar de termos chuvas abaixo da m\u00e9dia em alguns meses do ver\u00e3o\u201d, afirmou Ivo Batista acrescentando que o produtor juntamente com o seu assistente t\u00e9cnico ter\u00e1 que planejar a sua lavoura para diminuir os riscos.<\/p>\n<\/div><\/div><\/div>\n\t\t\t\t<\/div><!-- .dslc-module -->\n\t\t<\/div><\/div><\/div><\/div><input type=\"hidden\" id=\"dslca-post-data-thumb\" value=\"\" \/>","protected":false},"excerpt":{"rendered":"<p>Coopatrigo prestigiou o Semin\u00e1rio A Voz do Campo 17 de agosto de 2016 A cidade de Gramado sediou no dias 11, 12 e 13 de agosto, mais uma vez, o Semin\u00e1rio A Voz do Campo, realizado no Centro de Eventos do Wish Serrano Hotel. Este ano, a terceira edi\u00e7\u00e3o reuniu 870 inscritos que atuam no [&hellip;]<\/p>\n","protected":false},"author":1,"featured_media":3001,"comment_status":"open","ping_status":"open","sticky":false,"template":"","format":"standard","meta":{"_acf_changed":false,"footnotes":""},"categories":[1],"tags":[],"class_list":["post-2999","post","type-post","status-publish","format-standard","has-post-thumbnail","hentry","category-noticias"],"acf":[],"_links":{"self":[{"href":"https:\/\/www.coopatrigo.com.br\/novo\/wp-json\/wp\/v2\/posts\/2999","targetHints":{"allow":["GET"]}}],"collection":[{"href":"https:\/\/www.coopatrigo.com.br\/novo\/wp-json\/wp\/v2\/posts"}],"about":[{"href":"https:\/\/www.coopatrigo.com.br\/novo\/wp-json\/wp\/v2\/types\/post"}],"author":[{"embeddable":true,"href":"https:\/\/www.coopatrigo.com.br\/novo\/wp-json\/wp\/v2\/users\/1"}],"replies":[{"embeddable":true,"href":"https:\/\/www.coopatrigo.com.br\/novo\/wp-json\/wp\/v2\/comments?post=2999"}],"version-history":[{"count":0,"href":"https:\/\/www.coopatrigo.com.br\/novo\/wp-json\/wp\/v2\/posts\/2999\/revisions"}],"wp:featuredmedia":[{"embeddable":true,"href":"https:\/\/www.coopatrigo.com.br\/novo\/wp-json\/"}],"wp:attachment":[{"href":"https:\/\/www.coopatrigo.com.br\/novo\/wp-json\/wp\/v2\/media?parent=2999"}],"wp:term":[{"taxonomy":"category","embeddable":true,"href":"https:\/\/www.coopatrigo.com.br\/novo\/wp-json\/wp\/v2\/categories?post=2999"},{"taxonomy":"post_tag","embeddable":true,"href":"https:\/\/www.coopatrigo.com.br\/novo\/wp-json\/wp\/v2\/tags?post=2999"}],"curies":[{"name":"wp","href":"https:\/\/api.w.org\/{rel}","templated":true}]}}