{"id":3044,"date":"2016-10-20T08:49:01","date_gmt":"2016-10-20T10:49:01","guid":{"rendered":"http:\/\/www.coopatrigo.com.br\/site\/?p=3044"},"modified":"2018-04-15T23:03:38","modified_gmt":"2018-04-16T02:03:38","slug":"setor-triticola-reforca-pedidos-de-intervencao-nos-precos-do-cereal","status":"publish","type":"post","link":"https:\/\/www.coopatrigo.com.br\/novo\/2016\/10\/20\/setor-triticola-reforca-pedidos-de-intervencao-nos-precos-do-cereal\/","title":{"rendered":"Setor trit\u00edcola refor\u00e7a pedidos de interven\u00e7\u00e3o nos pre\u00e7os do cereal"},"content":{"rendered":"<div id=\"dslc-theme-content\"><div id=\"dslc-theme-content-inner\"><p>O governo federal est\u00e1 sens\u00edvel aos problemas de pre\u00e7o e comercializa\u00e7\u00e3o na cadeia produtiva do trigo nesta safra. No entanto, ainda n\u00e3o houve sinaliza\u00e7\u00e3o de interven\u00e7\u00e3o conforme pedido do setor. O assunto foi discutido na tarde desta ter\u00e7a-feira, 18 de outubro, durante reuni\u00e3o das cooperativas, produtores e ind\u00fastrias com representantes dos minist\u00e9rios da Agricultura, Fazenda e Planejamento em Bras\u00edlia (DF).<\/p>\n<p>&nbsp;<\/p>\n<p>Conforme o diretor executivo da Federa\u00e7\u00e3o das Cooperativas Agropecu\u00e1rias do Estado do Rio Grande do Sul (FecoAgro\/RS), S\u00e9rgio Feltraco, os representantes do setor sairam da reuni\u00e3o com um indicativo de que o governo tem a clareza da necessidade de interven\u00e7\u00e3o para a garantia dos pre\u00e7os m\u00ednimos aos produtores nesta safra. &#8220;Houve um debate de interesses de cada categoria, mas o que fica claro \u00e9 que, pelo comportamento dos pre\u00e7os internacionais, que tem orientado uma m\u00e9dia de pre\u00e7os na importa\u00e7\u00e3o, al\u00e9m de uma oferta maior no mercado, necessariamente as medidas de subven\u00e7\u00e3o s\u00e3o fundamentais para garantirmos liquidez e fluidez&#8221;, analisa.<\/p>\n<p>&nbsp;<\/p>\n<p>A FecoAgro\/RS apontou durante o encontro a necessidade de de uma interven\u00e7\u00e3o em um milh\u00e3o de toneladas por meio dos mecanismos como o Pr\u00eamio Equalizador Pago ao Produtor (Pepro), \u00a0Pr\u00eamio de Escoamento de Produto (PEP) e Aquisi\u00e7\u00f5es do Governo Federal (AGF). &#8220;Apesar desta sensibilidade, n\u00e3o foram apresentados os limites de quantidade e valor, mas vamos nos manifestar formalmente pela necessidade de interven\u00e7\u00e3o. Precisamos ter agilidade nas decis\u00f5es para garantir liquidez do produto e que o produtor tenha n\u00edveis de remunera\u00e7\u00f5es adequadas&#8221;, ressalta Feltraco.<\/p>\n<p>&nbsp;<\/p>\n<p>Segundo o levantamento da Companhia Nacional de Abastecimento (Conab) divulgado em outubro, a safra brasileira de trigo ser\u00e1 de 6.33 milh\u00f5es de toneladas, alta de 14,5% em rela\u00e7\u00e3o ao per\u00edodo anterior. Rio Grande do Sul e Paran\u00e1, juntos, somam 5,54 milh\u00f5es de toneladas, sendo que os ga\u00fachos tem previs\u00e3o de colheita de 2,23 milh\u00f5es de toneladas e os paranaenses 3,3 milh\u00f5es de toneladas.<\/p>\n<p>&nbsp;<\/p>\n<p><em>Foto: P\u00e9ricles Barreto\/Mapa\/Divulga\u00e7\u00e3o<br \/>\nTexto: Nestor Tipa J\u00fanior\/AgroEffective<\/em><\/p>\n<p>&nbsp;<\/p>\n<\/div><\/div>","protected":false},"excerpt":{"rendered":"<p>O governo federal est\u00e1 sens\u00edvel aos problemas de pre\u00e7o e comercializa\u00e7\u00e3o na cadeia produtiva do trigo nesta safra. No entanto, ainda n\u00e3o houve sinaliza\u00e7\u00e3o de interven\u00e7\u00e3o conforme pedido do setor. O assunto foi discutido na tarde desta ter\u00e7a-feira, 18 de outubro, durante reuni\u00e3o das cooperativas, produtores e ind\u00fastrias com representantes dos minist\u00e9rios da Agricultura, Fazenda [&hellip;]<\/p>\n","protected":false},"author":1,"featured_media":3045,"comment_status":"open","ping_status":"open","sticky":false,"template":"","format":"standard","meta":{"_acf_changed":false,"footnotes":""},"categories":[1],"tags":[],"class_list":["post-3044","post","type-post","status-publish","format-standard","has-post-thumbnail","hentry","category-noticias"],"acf":[],"_links":{"self":[{"href":"https:\/\/www.coopatrigo.com.br\/novo\/wp-json\/wp\/v2\/posts\/3044","targetHints":{"allow":["GET"]}}],"collection":[{"href":"https:\/\/www.coopatrigo.com.br\/novo\/wp-json\/wp\/v2\/posts"}],"about":[{"href":"https:\/\/www.coopatrigo.com.br\/novo\/wp-json\/wp\/v2\/types\/post"}],"author":[{"embeddable":true,"href":"https:\/\/www.coopatrigo.com.br\/novo\/wp-json\/wp\/v2\/users\/1"}],"replies":[{"embeddable":true,"href":"https:\/\/www.coopatrigo.com.br\/novo\/wp-json\/wp\/v2\/comments?post=3044"}],"version-history":[{"count":0,"href":"https:\/\/www.coopatrigo.com.br\/novo\/wp-json\/wp\/v2\/posts\/3044\/revisions"}],"wp:featuredmedia":[{"embeddable":true,"href":"https:\/\/www.coopatrigo.com.br\/novo\/wp-json\/"}],"wp:attachment":[{"href":"https:\/\/www.coopatrigo.com.br\/novo\/wp-json\/wp\/v2\/media?parent=3044"}],"wp:term":[{"taxonomy":"category","embeddable":true,"href":"https:\/\/www.coopatrigo.com.br\/novo\/wp-json\/wp\/v2\/categories?post=3044"},{"taxonomy":"post_tag","embeddable":true,"href":"https:\/\/www.coopatrigo.com.br\/novo\/wp-json\/wp\/v2\/tags?post=3044"}],"curies":[{"name":"wp","href":"https:\/\/api.w.org\/{rel}","templated":true}]}}