{"id":3068,"date":"2016-11-07T09:14:21","date_gmt":"2016-11-07T11:14:21","guid":{"rendered":"http:\/\/www.coopatrigo.com.br\/site\/?p=3068"},"modified":"2018-04-15T23:03:52","modified_gmt":"2018-04-16T02:03:52","slug":"coopatrigo-participa-de-debate-sobre-o-cooperativismo-em-nao-me-toque","status":"publish","type":"post","link":"https:\/\/www.coopatrigo.com.br\/novo\/2016\/11\/07\/coopatrigo-participa-de-debate-sobre-o-cooperativismo-em-nao-me-toque\/","title":{"rendered":"Coopatrigo participa de debate sobre o cooperativismo em N\u00e3o Me Toque"},"content":{"rendered":"<div id=\"dslc-main\">\n\t\t<div  class=\"dslc-modules-section \" style=\"padding-bottom:30px;padding-top:30px;background-color:#16452c;background-image:url(https:\/\/www.coopatrigo.com.br\/novo\/wp-content\/uploads\/2021\/02\/bg.png);background-position:center center;\" data-section-id=\"74a23622ed4\">\n\t\t\t\t\n\t\t\t\t\n\t\t\t\t<div class=\"dslc-modules-section-wrapper dslc-clearfix\"><div class=\"dslc-modules-area dslc-col dslc-12-col dslc-last-col dslc-valign- \" data-size=\"12\" data-valign=\"\">\n\t\t<div id=\"dslc-module-24\" class=\"dslc-module-front dslc-module-DSLC_TP_Title dslc-in-viewport-check dslc-in-viewport-anim-none  dslc-col dslc-12-col dslc-last-col  dslc-module-handle-like-regular \" data-module-id=\"24\" data-module=\"DSLC_TP_Title\" data-dslc-module-size=\"12\" data-dslc-anim=\"none\" data-dslc-anim-delay=\"\" data-dslc-anim-duration=\"650\"  data-dslc-anim-easing=\"ease\" data-dslc-preset=\"none\" >\n\n\t\t\t\n\t\t\t\n\t\t\r\n\t\t\t\t<div class=\"dslc-tp-title\"><h1>Coopatrigo participa de debate sobre o cooperativismo em N\u00e3o Me Toque<\/h1><\/div>\r\n\r\n\t\t\t\n\t\t\t\t<\/div><!-- .dslc-module -->\n\t\t\n\t\t<div id=\"dslc-module-25\" class=\"dslc-module-front dslc-module-DSLC_TP_Meta dslc-in-viewport-check dslc-in-viewport-anim-none  dslc-col dslc-12-col dslc-last-col  dslc-module-handle-like-regular \" data-module-id=\"25\" data-module=\"DSLC_TP_Meta\" data-dslc-module-size=\"12\" data-dslc-anim=\"none\" data-dslc-anim-delay=\"\" data-dslc-anim-duration=\"650\"  data-dslc-anim-easing=\"ease\" data-dslc-preset=\"none\" >\n\n\t\t\t\n\t\t\t\n\t\t\r\n\t\t\t\t<div class=\"dslc-tp-meta dslc-tp-meta-horizontal\">\r\n\t\t\t\t\t<ul class=\"dslc-clearfix\">\r\n\r\n\t\t\t\t\t\t\t\t\t\t\t\t\t<li>7 de novembro de 2016<\/li>\r\n\t\t\t\t\t\t\r\n\t\t\t\t\t\t\r\n\t\t\t\t\t\t\r\n\t\t\t\t\t\t\r\n\t\t\t\t\t\t\r\n\t\t\t\t\t<\/ul>\r\n\t\t\t\t<\/div>\r\n\r\n\t\t\t\n\t\t\t\t<\/div><!-- .dslc-module -->\n\t\t<\/div><\/div><\/div>\n\t\t<div  class=\"dslc-modules-section \" style=\"padding-bottom:30px;padding-top:30px;background-color:rgba(230, 230, 230, 0);border-color:rgb(230, 230, 230);border-top-style: hidden; border-right-style: hidden; border-bottom-style: hidden; border-left-style: hidden; \" data-section-id=\"2b557989cda\">\n\t\t\t\t\n\t\t\t\t\n\t\t\t\t<div class=\"dslc-modules-section-wrapper dslc-clearfix\"><div class=\"dslc-modules-area dslc-col dslc-1-col dslc-first-col dslc-valign-undefined \" data-size=\"1\" data-valign=\"undefined\"><\/div><div class=\"dslc-modules-area dslc-col dslc-10-col  dslc-valign- \" data-size=\"10\" data-valign=\"\">\n\t\t<div id=\"dslc-module-a7d04abcf7f\" class=\"dslc-module-front dslc-module-DSLC_TP_Thumbnail dslc-in-viewport-check dslc-in-viewport-anim-none  dslc-col dslc-12-col dslc-last-col  dslc-module-handle-like-regular \" data-module-id=\"a7d04abcf7f\" data-module=\"DSLC_TP_Thumbnail\" data-dslc-module-size=\"12\" data-dslc-anim=\"none\" data-dslc-anim-delay=\"\" data-dslc-anim-duration=\"650\"  data-dslc-anim-easing=\"ease\" data-dslc-preset=\"none\" >\n\n\t\t\t\n\t\t\t\n\t\t\n\t\t\t\t<\/div><!-- .dslc-module -->\n\t\t\n\t\t<div id=\"dslc-module-26\" class=\"dslc-module-front dslc-module-DSLC_TP_Content dslc-in-viewport-check dslc-in-viewport-anim-none  dslc-col dslc-12-col dslc-last-col  dslc-module-handle-like-regular \" data-module-id=\"26\" data-module=\"DSLC_TP_Content\" data-dslc-module-size=\"12\" data-dslc-anim=\"none\" data-dslc-anim-delay=\"\" data-dslc-anim-duration=\"650\"  data-dslc-anim-easing=\"ease\" data-dslc-preset=\"none\" >\n\n\t\t\t\n\t\t\t\n\t\t<div class=\"dslc-tp-content\"><div id=\"dslc-theme-content\"><div id=\"dslc-theme-content-inner\"><p>No \u00faltimo s\u00e1bado, dia 05 de novembro o presidente da Coopatrigo Ivo Batista esteve na sede Administrativa da Cotrijal em N\u00e3o Me Toque participando do Programa A Voz do Campo, que \u00e9 transmitido por 31 emissoras de r\u00e1dio do Rio Grande do Sul, Paran\u00e1, Roraima e Goias e na oportunidade reuniu os presidentes de Cotrijal, Coopatrigo, Cotripal e Sicredi Alto Jacu\u00ed para falarem durante as 2 horas do programa sobre cooperativismo e tamb\u00e9m sobre as suas respectivas cooperativas.<\/p>\n<p>O Programa a Voz do Campo \u00e9 apresentado pelo radialista Marcelo Brum e pelo seu dinamismo e prop\u00f3sito de abordar tudo o que envolve o agroneg\u00f3cio \u00e9 considerado um dos principais canais de defesa dos interesses deste setor.<\/p>\n<p>Marcelo Brum disse que este programa teve o objetivo de mostrar o cooperativismo que d\u00e1 certo e que provoca desenvolvimento, principalmente pela atua\u00e7\u00e3o das tr\u00eas cooperativas agropecu\u00e1rias que juntas faturam mais de R$ 3 bilh\u00f5es por ano e na contra m\u00e3o de crise vem crescendo ano ap\u00f3s ano, orgulhando as comunidades onde atuam.<\/p>\n<p>O presidente Ivo Batista falou sobre a cooperativa, seu crescimento e principalmente sobre o fato da Coopatrigo ser a \u00fanica cooperativa que destina 50% do seu resultado l\u00edquido como \u201cretorno\u201d para os associados com data marcada para o pagamento 31 de dezembro de cada ano.<\/p>\n<p>Os presidente das quatro cooperativas ainda comentaram sobre a corrup\u00e7\u00e3o no Brasil, sendo todos enf\u00e1ticos que ela deve ser combatida e os praticantes destes atos serem punidos com rigor.<\/p>\n<p>Al\u00e9m do presidente da Coopatrigo Ivo Batista tamb\u00e9m participaram do programa \u00a0a Cotrijal &#8211; Nei M\u00e2nica (presidente) e Enio Schroeder (vice-presidente); Cotripal, de Panambi \u2013 Germano D\u00f6wich (presidente) e Luiz Elberto Schneider (diretor financeiro); e Sicredi Alto Jacu\u00ed \u2013 Jos\u00e9 Celeste de Negri (presidente) e Gerv\u00e1sio Diel (vice-presidente).<\/p>\n<p>&nbsp;<\/p>\n<\/div><\/div><\/div>\n\t\t\t\t<\/div><!-- .dslc-module -->\n\t\t<\/div><\/div><\/div><\/div><input type=\"hidden\" id=\"dslca-post-data-thumb\" value=\"\" \/>","protected":false},"excerpt":{"rendered":"<p>Coopatrigo participa de debate sobre o cooperativismo em N\u00e3o Me Toque 7 de novembro de 2016 No \u00faltimo s\u00e1bado, dia 05 de novembro o presidente da Coopatrigo Ivo Batista esteve na sede Administrativa da Cotrijal em N\u00e3o Me Toque participando do Programa A Voz do Campo, que \u00e9 transmitido por 31 emissoras de r\u00e1dio do [&hellip;]<\/p>\n","protected":false},"author":1,"featured_media":3070,"comment_status":"open","ping_status":"open","sticky":false,"template":"","format":"standard","meta":{"_acf_changed":false,"footnotes":""},"categories":[1],"tags":[],"class_list":["post-3068","post","type-post","status-publish","format-standard","has-post-thumbnail","hentry","category-noticias"],"acf":[],"_links":{"self":[{"href":"https:\/\/www.coopatrigo.com.br\/novo\/wp-json\/wp\/v2\/posts\/3068","targetHints":{"allow":["GET"]}}],"collection":[{"href":"https:\/\/www.coopatrigo.com.br\/novo\/wp-json\/wp\/v2\/posts"}],"about":[{"href":"https:\/\/www.coopatrigo.com.br\/novo\/wp-json\/wp\/v2\/types\/post"}],"author":[{"embeddable":true,"href":"https:\/\/www.coopatrigo.com.br\/novo\/wp-json\/wp\/v2\/users\/1"}],"replies":[{"embeddable":true,"href":"https:\/\/www.coopatrigo.com.br\/novo\/wp-json\/wp\/v2\/comments?post=3068"}],"version-history":[{"count":0,"href":"https:\/\/www.coopatrigo.com.br\/novo\/wp-json\/wp\/v2\/posts\/3068\/revisions"}],"wp:featuredmedia":[{"embeddable":true,"href":"https:\/\/www.coopatrigo.com.br\/novo\/wp-json\/"}],"wp:attachment":[{"href":"https:\/\/www.coopatrigo.com.br\/novo\/wp-json\/wp\/v2\/media?parent=3068"}],"wp:term":[{"taxonomy":"category","embeddable":true,"href":"https:\/\/www.coopatrigo.com.br\/novo\/wp-json\/wp\/v2\/categories?post=3068"},{"taxonomy":"post_tag","embeddable":true,"href":"https:\/\/www.coopatrigo.com.br\/novo\/wp-json\/wp\/v2\/tags?post=3068"}],"curies":[{"name":"wp","href":"https:\/\/api.w.org\/{rel}","templated":true}]}}