{"id":3112,"date":"2017-01-11T16:26:55","date_gmt":"2017-01-11T18:26:55","guid":{"rendered":"http:\/\/www.coopatrigo.com.br\/site\/?p=3112"},"modified":"2018-04-15T23:03:52","modified_gmt":"2018-04-16T02:03:52","slug":"governado-antonio-sartori-confirma-presenca-na-abertura-da-colheita-do-milho-em-sao-nicolau","status":"publish","type":"post","link":"https:\/\/www.coopatrigo.com.br\/novo\/2017\/01\/11\/governado-antonio-sartori-confirma-presenca-na-abertura-da-colheita-do-milho-em-sao-nicolau\/","title":{"rendered":"Governador Jos\u00e9 Ivo Sartori confirma presen\u00e7a na abertura da colheita do milho em S\u00e3o Nicolau"},"content":{"rendered":"<div id=\"dslc-theme-content\"><div id=\"dslc-theme-content-inner\"><p>Uma comitiva da regi\u00e3o que \u00e9 respons\u00e1vel pela organiza\u00e7\u00e3o e realiza\u00e7\u00e3o da 6\u00aa Abertura Oficial da Colheita do Milho no Rio Grande do Sul que acontecer\u00e1 nos dias 27 e 28 de janeiro nos munic\u00edpios de S\u00e3o Luiz Gonzaga e S\u00e3o Nicolau esteve na \u00faltima ter\u00e7a-feira na capital do estado oficializando o convite para o governador Jos\u00e9 Ivo Sartori participar deste evento.<\/p>\n<p>Estiveram em Porto Alegre o prefeito de S\u00e3o Luiz Gonzaga, Sidnei Brondani, o prefeito de S\u00e3o Nicolau, Ricardo Klein, o Coordenador Regional da Agricultura, Antonio Cezar Portela, o presidente da Coopatrigo Ivo Batista e o empres\u00e1rio Valdinei Donato. O grupo tamb\u00e9m recebeu o apoio na audi\u00eancia do presidente da Fecoagro, Paulo Pires e o Assessor Jur\u00eddico da Farsul, Luiz Fernando Pires.<\/p>\n<p>O grupo foi recebido pelo governador Jos\u00e9 Ivo\u00a0Sartori e o vice-governador, Jos\u00e9 Paulo Cairoli, que estavam acompanhados do Secret\u00e1rio de Desenvolvimento Rural e Cooperativismo, Tarcisio Minetto, o Secret\u00e1rio Seguran\u00e7a, Cezar Schirmer, o Secret\u00e1rio Adjunto da Agricultura, Andr\u00e9 Petry, o presidente da Emater, Clair Kuhn, entre outros membros do governo do estado.<\/p>\n<p>Jos\u00e9 Ivo\u00a0Sartori disse que a cultura do milho \u00e9 muito importante para o Rio Grande do Sul e precisa ser mais cultivada pelos agricultores e por este motivo j\u00e1 confirmou a sua presen\u00e7a no evento. Sartori inclusive adiantou aos prefeitos que est\u00e1 acertando com o Secret\u00e1rio dos Transportes, Pedro Westphalen para realizar no dia 27 um ato de inaugura\u00e7\u00e3o das melhorias realizadas na RS 168 e tamb\u00e9m na RS 561 que liga S\u00e3o Nicolau.<\/p>\n<p>A comitiva ficou satisfeita com os contatos realizados em Porto Alegre pois confirmaram presen\u00e7a tamb\u00e9m os secret\u00e1rios Tarcisio Minetto, Erani Polo, \u00a0Pedro Westphalen e Ana Pellini.<\/p>\n<p>A Abertura Oficial da Colheita do Milho \u00e9 uma realiza\u00e7\u00e3o da APROMILHO \u2013 Associa\u00e7\u00e3o dos Produtores de Milho do RS e ter\u00e1 a coordena\u00e7\u00e3o na regi\u00e3o da Coopatrigo e Sementes Camba\u00ed. O evento ter\u00e1 dois momentos, no dia 27 \u00e0 noite na AFCoopatrigo haver\u00e1 um jantar com palestra do ex-ministro da Agricultura e presidente da Associa\u00e7\u00e3o Nacional dos Produtores de Milho, Alysson Paulinelli e no dia 28 a partir das 10hs, na Fazenda da Lagoa de Valdinei Donato, localizada no Rinc\u00e3o S\u00e3o Ger\u00f4nimo, munic\u00edpio de S\u00e3o Nicolau haver\u00e1 o ato de abertura da colheita, seguida do pronunciamento das autoridades.<\/p>\n<p>O presidente da Coopatrigo Ivo Batista disse que aceitou este desafio de organizar o evento juntamente com o empres\u00e1rio Valdinei Donato para que a regi\u00e3o seja mais valorizada pelos avan\u00e7os que ocorreram na nossa agricultura, citando que atualmente a regi\u00e3o \u00e9 um dos principais polos de irriga\u00e7\u00e3o do Rio Grande do Sul e a Coopatrigo vem incentivando o plantio de milho que vem aumentando significativamente, melhorando a qualidade das nossas lavouras.<\/p>\n<\/div><\/div>","protected":false},"excerpt":{"rendered":"<p>Uma comitiva da regi\u00e3o que \u00e9 respons\u00e1vel pela organiza\u00e7\u00e3o e realiza\u00e7\u00e3o da 6\u00aa Abertura Oficial da Colheita do Milho no Rio Grande do Sul que acontecer\u00e1 nos dias 27 e 28 de janeiro nos munic\u00edpios de S\u00e3o Luiz Gonzaga e S\u00e3o Nicolau esteve na \u00faltima ter\u00e7a-feira na capital do estado oficializando o convite para o [&hellip;]<\/p>\n","protected":false},"author":1,"featured_media":3121,"comment_status":"open","ping_status":"open","sticky":false,"template":"","format":"standard","meta":{"_acf_changed":false,"footnotes":""},"categories":[1],"tags":[],"class_list":["post-3112","post","type-post","status-publish","format-standard","has-post-thumbnail","hentry","category-noticias"],"acf":[],"_links":{"self":[{"href":"https:\/\/www.coopatrigo.com.br\/novo\/wp-json\/wp\/v2\/posts\/3112","targetHints":{"allow":["GET"]}}],"collection":[{"href":"https:\/\/www.coopatrigo.com.br\/novo\/wp-json\/wp\/v2\/posts"}],"about":[{"href":"https:\/\/www.coopatrigo.com.br\/novo\/wp-json\/wp\/v2\/types\/post"}],"author":[{"embeddable":true,"href":"https:\/\/www.coopatrigo.com.br\/novo\/wp-json\/wp\/v2\/users\/1"}],"replies":[{"embeddable":true,"href":"https:\/\/www.coopatrigo.com.br\/novo\/wp-json\/wp\/v2\/comments?post=3112"}],"version-history":[{"count":0,"href":"https:\/\/www.coopatrigo.com.br\/novo\/wp-json\/wp\/v2\/posts\/3112\/revisions"}],"wp:featuredmedia":[{"embeddable":true,"href":"https:\/\/www.coopatrigo.com.br\/novo\/wp-json\/"}],"wp:attachment":[{"href":"https:\/\/www.coopatrigo.com.br\/novo\/wp-json\/wp\/v2\/media?parent=3112"}],"wp:term":[{"taxonomy":"category","embeddable":true,"href":"https:\/\/www.coopatrigo.com.br\/novo\/wp-json\/wp\/v2\/categories?post=3112"},{"taxonomy":"post_tag","embeddable":true,"href":"https:\/\/www.coopatrigo.com.br\/novo\/wp-json\/wp\/v2\/tags?post=3112"}],"curies":[{"name":"wp","href":"https:\/\/api.w.org\/{rel}","templated":true}]}}