{"id":3126,"date":"2017-01-17T16:13:02","date_gmt":"2017-01-17T18:13:02","guid":{"rendered":"http:\/\/www.coopatrigo.com.br\/site\/?p=3126"},"modified":"2018-04-15T23:03:52","modified_gmt":"2018-04-16T02:03:52","slug":"coopatrigo-comeca-a-prestar-contas-aos-associados-nesta-quinta-feira","status":"publish","type":"post","link":"https:\/\/www.coopatrigo.com.br\/novo\/2017\/01\/17\/coopatrigo-comeca-a-prestar-contas-aos-associados-nesta-quinta-feira\/","title":{"rendered":"Coopatrigo come\u00e7a a prestar contas aos associados nesta quinta-feira"},"content":{"rendered":"<div id=\"dslc-theme-content\"><div id=\"dslc-theme-content-inner\"><p>A cooperativa inicia nesta quinta-feira dia 19 o seu tradicional processo de presta\u00e7\u00e3o de contas aos associados com a realiza\u00e7\u00e3o das suas Reuni\u00f5es Regionais. Os encontros deste ano tamb\u00e9m marcam o encerramento da gest\u00e3o 2013\/1016 e a defini\u00e7\u00e3o da chapa da situa\u00e7\u00e3o para elei\u00e7\u00e3o da nova diretoria.<\/p>\n<p>Reunido na ter\u00e7a-feira o Conselho de Administra\u00e7\u00e3o da Coopatrigo definiu por unanimidade a diretoria executiva, obedecendo o que diz o Regimente Interno que prev\u00ea a renova\u00e7\u00e3o de 1\/3 dos seus membros escolhendo Ivo Batista para presidente, Luiz Fl\u00e1vio Oliveira para vice-presidente e Paulo Cordenonsi para superintendente.<\/p>\n<p>Agora nas reuni\u00f5es regionais dever\u00e3o ser definidos os nomes para comporem o Conselho de Administra\u00e7\u00e3o e Fiscal da Coopatrigo que v\u00e3o integrar a chapa da lideran\u00e7a que ser\u00e1 apresentada aos associados na Assembleia Geral Ordin\u00e1ria que est\u00e1 programada para ser realizada no dia 10 de fevereiro.<\/p>\n<p>A Coopatrigo encerrou o seu balan\u00e7o 2016 com um faturamento bruto de R$913 milh\u00f5es e um resultado l\u00edquido de R$46 milh\u00f5es e j\u00e1 distribuiu para os associados R$23 milh\u00f5es, sendo que o restante do resultado ser\u00e1 levado \u00e0 Assembleia para ficar como capital de giro e investimento da cooperativa.<\/p>\n<p>As reuni\u00f5es regionais da Coopatrigo v\u00e3o acontecer nas seguintes datas e hor\u00e1rios:<\/p>\n<p>19\/01 \u2013 10:00hs- Dezesseis de Novembro \u2013 Sal\u00e3o Paroquail<\/p>\n<p>19\/01\u00a0 &#8211; 19:30hs- Mato Queimado\/Caibat\u00e9 \u2013 Esporte Clube S\u00e3o Luiz<\/p>\n<p>20\/01 \u2013 10:00hs- S\u00e3o Nicolau \u2013 Sal\u00e3o 3\u00aa Idade<\/p>\n<p>23\/01 \u2013 19:30hs- Cap\u00e3o do Cip\u00f3 \u2013 CTG Gumercindo Saraiva<\/p>\n<p>24\/01 \u2013 19:30hs- Santiago \u2013 CTG Tropeiros<\/p>\n<p>25\/01 &#8211; 19:30hs- Santo Ant\u00f4nio das Miss\u00f5es \u2013 Parque de Exposi\u00e7\u00f5es<\/p>\n<p>30\/01 \u2013 10:00hs- Bossoroca \u2013 Sal\u00e3o Paroquial<\/p>\n<p>30\/01 &#8211; 19:30hs- Rolador \u2013 Sal\u00e3o Paroquial<\/p>\n<p>31\/01 \u2013 10:00hs \u2013 Pirap\u00f3 \u2013 Sal\u00e3o Paroquial<\/p>\n<p>31\/01 &#8211; 19:30hs- S\u00e3o Louren\u00e7o \u2013 Sal\u00e3o Paroquial<\/p>\n<p>01\/02 \u2013 10:00hs \u2013 Garruchos \u2013 Sal\u00e3o Paroquial S\u00e3o Jos\u00e9 Velho<\/p>\n<p>01\/02 \u2013 19:30hs \u2013 S\u00e3o Luiz Gonzaga \u2013 AFCoopatrigo<\/p>\n<p>A dire\u00e7\u00e3o da Coopatrigo espera uma participa\u00e7\u00e3o expressiva dos associados em todos estes encontros.<\/p>\n<\/div><\/div>","protected":false},"excerpt":{"rendered":"<p>A cooperativa inicia nesta quinta-feira dia 19 o seu tradicional processo de presta\u00e7\u00e3o de contas aos associados com a realiza\u00e7\u00e3o das suas Reuni\u00f5es Regionais. Os encontros deste ano tamb\u00e9m marcam o encerramento da gest\u00e3o 2013\/1016 e a defini\u00e7\u00e3o da chapa da situa\u00e7\u00e3o para elei\u00e7\u00e3o da nova diretoria. Reunido na ter\u00e7a-feira o Conselho de Administra\u00e7\u00e3o da [&hellip;]<\/p>\n","protected":false},"author":1,"featured_media":3128,"comment_status":"open","ping_status":"open","sticky":false,"template":"","format":"standard","meta":{"_acf_changed":false,"footnotes":""},"categories":[1],"tags":[],"class_list":["post-3126","post","type-post","status-publish","format-standard","has-post-thumbnail","hentry","category-noticias"],"acf":[],"_links":{"self":[{"href":"https:\/\/www.coopatrigo.com.br\/novo\/wp-json\/wp\/v2\/posts\/3126","targetHints":{"allow":["GET"]}}],"collection":[{"href":"https:\/\/www.coopatrigo.com.br\/novo\/wp-json\/wp\/v2\/posts"}],"about":[{"href":"https:\/\/www.coopatrigo.com.br\/novo\/wp-json\/wp\/v2\/types\/post"}],"author":[{"embeddable":true,"href":"https:\/\/www.coopatrigo.com.br\/novo\/wp-json\/wp\/v2\/users\/1"}],"replies":[{"embeddable":true,"href":"https:\/\/www.coopatrigo.com.br\/novo\/wp-json\/wp\/v2\/comments?post=3126"}],"version-history":[{"count":0,"href":"https:\/\/www.coopatrigo.com.br\/novo\/wp-json\/wp\/v2\/posts\/3126\/revisions"}],"wp:featuredmedia":[{"embeddable":true,"href":"https:\/\/www.coopatrigo.com.br\/novo\/wp-json\/"}],"wp:attachment":[{"href":"https:\/\/www.coopatrigo.com.br\/novo\/wp-json\/wp\/v2\/media?parent=3126"}],"wp:term":[{"taxonomy":"category","embeddable":true,"href":"https:\/\/www.coopatrigo.com.br\/novo\/wp-json\/wp\/v2\/categories?post=3126"},{"taxonomy":"post_tag","embeddable":true,"href":"https:\/\/www.coopatrigo.com.br\/novo\/wp-json\/wp\/v2\/tags?post=3126"}],"curies":[{"name":"wp","href":"https:\/\/api.w.org\/{rel}","templated":true}]}}