{"id":3164,"date":"2017-02-10T17:25:35","date_gmt":"2017-02-10T19:25:35","guid":{"rendered":"http:\/\/www.coopatrigo.com.br\/site\/?p=3164"},"modified":"2018-04-15T23:03:53","modified_gmt":"2018-04-16T02:03:53","slug":"diretoria-da-gestao-20172021-da-coopatrigo-e-empossada","status":"publish","type":"post","link":"https:\/\/www.coopatrigo.com.br\/novo\/2017\/02\/10\/diretoria-da-gestao-20172021-da-coopatrigo-e-empossada\/","title":{"rendered":"Diretoria da gest\u00e3o 2017\/2021 da Coopatrigo \u00e9 empossada"},"content":{"rendered":"<div id=\"dslc-main\">\n\t\t<div  class=\"dslc-modules-section \" style=\"padding-bottom:30px;padding-top:30px;background-color:#16452c;background-image:url(https:\/\/www.coopatrigo.com.br\/novo\/wp-content\/uploads\/2021\/02\/bg.png);background-position:center center;\" data-section-id=\"74a23622ed4\">\n\t\t\t\t\n\t\t\t\t\n\t\t\t\t<div class=\"dslc-modules-section-wrapper dslc-clearfix\"><div class=\"dslc-modules-area dslc-col dslc-12-col dslc-last-col dslc-valign- \" data-size=\"12\" data-valign=\"\">\n\t\t<div id=\"dslc-module-24\" class=\"dslc-module-front dslc-module-DSLC_TP_Title dslc-in-viewport-check dslc-in-viewport-anim-none  dslc-col dslc-12-col dslc-last-col  dslc-module-handle-like-regular \" data-module-id=\"24\" data-module=\"DSLC_TP_Title\" data-dslc-module-size=\"12\" data-dslc-anim=\"none\" data-dslc-anim-delay=\"\" data-dslc-anim-duration=\"650\"  data-dslc-anim-easing=\"ease\" data-dslc-preset=\"none\" >\n\n\t\t\t\n\t\t\t\n\t\t\r\n\t\t\t\t<div class=\"dslc-tp-title\"><h1>Diretoria da gest\u00e3o 2017\/2021 da Coopatrigo \u00e9 empossada<\/h1><\/div>\r\n\r\n\t\t\t\n\t\t\t\t<\/div><!-- .dslc-module -->\n\t\t\n\t\t<div id=\"dslc-module-25\" class=\"dslc-module-front dslc-module-DSLC_TP_Meta dslc-in-viewport-check dslc-in-viewport-anim-none  dslc-col dslc-12-col dslc-last-col  dslc-module-handle-like-regular \" data-module-id=\"25\" data-module=\"DSLC_TP_Meta\" data-dslc-module-size=\"12\" data-dslc-anim=\"none\" data-dslc-anim-delay=\"\" data-dslc-anim-duration=\"650\"  data-dslc-anim-easing=\"ease\" data-dslc-preset=\"none\" >\n\n\t\t\t\n\t\t\t\n\t\t\r\n\t\t\t\t<div class=\"dslc-tp-meta dslc-tp-meta-horizontal\">\r\n\t\t\t\t\t<ul class=\"dslc-clearfix\">\r\n\r\n\t\t\t\t\t\t\t\t\t\t\t\t\t<li>10 de fevereiro de 2017<\/li>\r\n\t\t\t\t\t\t\r\n\t\t\t\t\t\t\r\n\t\t\t\t\t\t\r\n\t\t\t\t\t\t\r\n\t\t\t\t\t\t\r\n\t\t\t\t\t<\/ul>\r\n\t\t\t\t<\/div>\r\n\r\n\t\t\t\n\t\t\t\t<\/div><!-- .dslc-module -->\n\t\t<\/div><\/div><\/div>\n\t\t<div  class=\"dslc-modules-section \" style=\"padding-bottom:30px;padding-top:30px;background-color:rgba(230, 230, 230, 0);border-color:rgb(230, 230, 230);border-top-style: hidden; border-right-style: hidden; border-bottom-style: hidden; border-left-style: hidden; \" data-section-id=\"2b557989cda\">\n\t\t\t\t\n\t\t\t\t\n\t\t\t\t<div class=\"dslc-modules-section-wrapper dslc-clearfix\"><div class=\"dslc-modules-area dslc-col dslc-1-col dslc-first-col dslc-valign-undefined \" data-size=\"1\" data-valign=\"undefined\"><\/div><div class=\"dslc-modules-area dslc-col dslc-10-col  dslc-valign- \" data-size=\"10\" data-valign=\"\">\n\t\t<div id=\"dslc-module-a7d04abcf7f\" class=\"dslc-module-front dslc-module-DSLC_TP_Thumbnail dslc-in-viewport-check dslc-in-viewport-anim-none  dslc-col dslc-12-col dslc-last-col  dslc-module-handle-like-regular \" data-module-id=\"a7d04abcf7f\" data-module=\"DSLC_TP_Thumbnail\" data-dslc-module-size=\"12\" data-dslc-anim=\"none\" data-dslc-anim-delay=\"\" data-dslc-anim-duration=\"650\"  data-dslc-anim-easing=\"ease\" data-dslc-preset=\"none\" >\n\n\t\t\t\n\t\t\t\n\t\t\n\t\t\t\t<\/div><!-- .dslc-module -->\n\t\t\n\t\t<div id=\"dslc-module-26\" class=\"dslc-module-front dslc-module-DSLC_TP_Content dslc-in-viewport-check dslc-in-viewport-anim-none  dslc-col dslc-12-col dslc-last-col  dslc-module-handle-like-regular \" data-module-id=\"26\" data-module=\"DSLC_TP_Content\" data-dslc-module-size=\"12\" data-dslc-anim=\"none\" data-dslc-anim-delay=\"\" data-dslc-anim-duration=\"650\"  data-dslc-anim-easing=\"ease\" data-dslc-preset=\"none\" >\n\n\t\t\t\n\t\t\t\n\t\t<div class=\"dslc-tp-content\"><div id=\"dslc-theme-content\"><div id=\"dslc-theme-content-inner\"><p>A Coopatrigo realizou na manh\u00e3 desta sexta-feira, dia 10 de fevereiro, a sua Assembl\u00e9ia Geral Ordin\u00e1ria onde al\u00e9m da presta\u00e7\u00e3o de contas que \u00e9 feita anualmente aos associados foi eleita a nova diretoria executiva, Conselho de Administra\u00e7\u00e3o e Fiscal da cooperativa.<\/p>\n<p>Nos itens da presta\u00e7\u00e3o de contas todos foram aprovados por unanimidade como j\u00e1 havia ocorrido nas reuni\u00f5es regionais realizadas pela Coopatrigo. Neste balan\u00e7o cont\u00e1bil do exerc\u00edcio 2016 a Coopatrigo fechou o ano com um faturamento bruto de R$913 milh\u00f5es, obtendo um resultado de R$46 milh\u00f5es, sendo que 50% deste valor j\u00e1 foi distribu\u00eddo para os associados at\u00e9 o dia 31 de dezembro passado e a outra parte, ou seja, R$23 milh\u00f5es foi destinado para capital de giro e investimento da cooperativa.<\/p>\n<p>Na elei\u00e7\u00e3o, foram colocadas urnas em todas as unidades da Coopatrigo e tamb\u00e9m na Assembl\u00e9ia, com a vota\u00e7\u00e3o encerrando as 11 horas da manh\u00e3, quando iniciou o escrut\u00ednio dos votos. Registrou-se uma participa\u00e7\u00e3o de 733 associados nesta vota\u00e7\u00e3o, sendo que 714 votaram pelo SIM na chapa \u00fanica, houve ainda 6 votos em branco e 13 votos N\u00c3O.<\/p>\n<p>Com o resultado divulgado foi feita a posse da diretoria executiva que tem como presidente Ivo Batista, vice-presidente Luiz Fl\u00e1vio Oliveira e Superintendente Paulo Cordenonsi. J\u00e1 os conselhos ficaram assim constitu\u00eddos:<\/p>\n<p>Conselho de Administra\u00e7\u00e3o<\/p>\n<p><u>S\u00e3o Luiz Gonzaga<\/u><\/p>\n<p>Luiz Jo\u00e3o Leitchtweis \u2013 Efetivo<\/p>\n<p>Marcos de Carli \u2013 Suplente<\/p>\n<p><u>Bossoroca<\/u><\/p>\n<p>Ant\u00f4nio Andress \u2013 Efetivo<\/p>\n<p>Henrique Cardinal Ristow \u2013 Suplente<\/p>\n<p><u>Santo Ant\u00f4nio das Miss\u00f5es<\/u><\/p>\n<p>Jos\u00e9 Olivio Berro Azzolin \u2013 Efetivo<\/p>\n<p>Orlando Banatto \u2013 Suplente<\/p>\n<p><u>Rolador<\/u><\/p>\n<p>Geraldo Tadeu Schneider \u2013 Efetivo<\/p>\n<p>Jo\u00e3o Alir Zavalha \u2013 Suplente<\/p>\n<p><u>Garruchos<\/u><\/p>\n<p>Cesar Piveta \u2013 Efetivo<\/p>\n<p>Nathan Gasparin \u2013 Suplente<\/p>\n<p><u>S\u00e3o Nicolau<\/u><\/p>\n<p>Ildomar Venske \u2013 Efetivo<\/p>\n<p>Edemar Maganha \u2013 Suplente<\/p>\n<p><u>S\u00e3o Louren\u00e7o<\/u><\/p>\n<p>Romar Pieniz \u2013 Efetivo<\/p>\n<p>Cleo Pieniz \u2013 Suplente<\/p>\n<p><u>Santiago\/Cap\u00e3o do Cip\u00f3<\/u><\/p>\n<p>Neomir Paulo Alcantara \u2013 Efetivo<\/p>\n<p>Augusto Zambeli \u2013 Suplente<\/p>\n<p><u>Caibat\u00e9\/Mato Queimado<\/u><\/p>\n<p>Julio Valdomiro Hippler \u2013 Efetivo<\/p>\n<p>Nic\u00e1sio Sibt \u2013 Suplente<\/p>\n<p><u>Pirap\u00f3<\/u><\/p>\n<p>Germano Kochhann \u2013 Efetivo<\/p>\n<p>Luiz Pletsch \u2013 Suplente<\/p>\n<p><u>Dezesseis de Novembro<\/u><\/p>\n<p>Eder Stallbaum \u2013 Efetivo<\/p>\n<p>Francisco Schneider Schorr \u2013 Suplente<\/p>\n<p><u>Conselho Fiscal<\/u><\/p>\n<p>Efetivos<\/p>\n<p>Adelindo Augusti \u2013 Bossoroca<\/p>\n<p>Jaqueline da Silva Ribeiro \u2013 S\u00e3o Nicolau<\/p>\n<p>Juarez Mainardi \u2013 Garruchos<\/p>\n<p>Suplentes<\/p>\n<p>Mateus Lemes Pereira \u2013 S\u00e3o Luiz Gonzaga<\/p>\n<p>Daniel Diel Schneider \u2013 Dezesseis de Novembro<\/p>\n<p>Jo\u00e3o Fernando Zimmermann \u2013 Santo Ant\u00f4nio das Miss\u00f5es<\/p>\n<p>Ap\u00f3s a posse nos assuntos gerais da Assembl\u00e9ia houve a entrega de um cheque \u00e0 Regional Miss\u00f5es II dos Sindicatos dos Trabalhadores Rurais correspondente a uma contribui\u00e7\u00e3o que a cooperativa d\u00e1 aos sindicatos referente \u00e0 comercializa\u00e7\u00e3o de soja para biodiesel oriundos da agricultura familiar. Houve manifesta\u00e7\u00f5es do presidente da Regional Miss\u00f5es II Aguinaldo Barcelos, do prefeito de S\u00e3o Luiz Gonzaga Sidnei Brondani e da vereadora Ana Barros.<\/p>\n<p>Por fim a presidente Ivo Batista agradeceu a participa\u00e7\u00e3o de todos na Assembl\u00e9ia e tamb\u00e9m na vota\u00e7\u00e3o que ocorreu na unidades, dizendo que o trabalho desenvolvido na gest\u00e3o encerrada ter\u00e1 continuidade para que a cooperativa continue o crescimento que vem apresentando nos \u00faltimos anos e para que isto ocorra espera que os associados continuem comprando seus insumos, entregando sua produ\u00e7\u00e3o e utilizando os servi\u00e7os da Coopatrigo.<\/p>\n<p>&nbsp;<\/p>\n<p>&nbsp;<\/p>\n<\/div><\/div><\/div>\n\t\t\t\t<\/div><!-- .dslc-module -->\n\t\t<\/div><\/div><\/div><\/div><input type=\"hidden\" id=\"dslca-post-data-thumb\" value=\"\" \/>","protected":false},"excerpt":{"rendered":"<p>Diretoria da gest\u00e3o 2017\/2021 da Coopatrigo \u00e9 empossada 10 de fevereiro de 2017 A Coopatrigo realizou na manh\u00e3 desta sexta-feira, dia 10 de fevereiro, a sua Assembl\u00e9ia Geral Ordin\u00e1ria onde al\u00e9m da presta\u00e7\u00e3o de contas que \u00e9 feita anualmente aos associados foi eleita a nova diretoria executiva, Conselho de Administra\u00e7\u00e3o e Fiscal da cooperativa. Nos [&hellip;]<\/p>\n","protected":false},"author":1,"featured_media":3166,"comment_status":"open","ping_status":"open","sticky":false,"template":"","format":"standard","meta":{"_acf_changed":false,"footnotes":""},"categories":[1],"tags":[],"class_list":["post-3164","post","type-post","status-publish","format-standard","has-post-thumbnail","hentry","category-noticias"],"acf":[],"_links":{"self":[{"href":"https:\/\/www.coopatrigo.com.br\/novo\/wp-json\/wp\/v2\/posts\/3164","targetHints":{"allow":["GET"]}}],"collection":[{"href":"https:\/\/www.coopatrigo.com.br\/novo\/wp-json\/wp\/v2\/posts"}],"about":[{"href":"https:\/\/www.coopatrigo.com.br\/novo\/wp-json\/wp\/v2\/types\/post"}],"author":[{"embeddable":true,"href":"https:\/\/www.coopatrigo.com.br\/novo\/wp-json\/wp\/v2\/users\/1"}],"replies":[{"embeddable":true,"href":"https:\/\/www.coopatrigo.com.br\/novo\/wp-json\/wp\/v2\/comments?post=3164"}],"version-history":[{"count":0,"href":"https:\/\/www.coopatrigo.com.br\/novo\/wp-json\/wp\/v2\/posts\/3164\/revisions"}],"wp:featuredmedia":[{"embeddable":true,"href":"https:\/\/www.coopatrigo.com.br\/novo\/wp-json\/"}],"wp:attachment":[{"href":"https:\/\/www.coopatrigo.com.br\/novo\/wp-json\/wp\/v2\/media?parent=3164"}],"wp:term":[{"taxonomy":"category","embeddable":true,"href":"https:\/\/www.coopatrigo.com.br\/novo\/wp-json\/wp\/v2\/categories?post=3164"},{"taxonomy":"post_tag","embeddable":true,"href":"https:\/\/www.coopatrigo.com.br\/novo\/wp-json\/wp\/v2\/tags?post=3164"}],"curies":[{"name":"wp","href":"https:\/\/api.w.org\/{rel}","templated":true}]}}