{"id":3179,"date":"2017-03-13T19:11:52","date_gmt":"2017-03-13T21:11:52","guid":{"rendered":"http:\/\/www.coopatrigo.com.br\/site\/?p=3179"},"modified":"2018-04-15T23:03:53","modified_gmt":"2018-04-16T02:03:53","slug":"dia-de-campo-soja-da-coopatrigo-ocorrera-dia-15-de-marco","status":"publish","type":"post","link":"https:\/\/www.coopatrigo.com.br\/novo\/2017\/03\/13\/dia-de-campo-soja-da-coopatrigo-ocorrera-dia-15-de-marco\/","title":{"rendered":"Dia de Campo soja da Coopatrigo ocorrer\u00e1 dia 15 de mar\u00e7o"},"content":{"rendered":"<div id=\"dslc-theme-content\"><div id=\"dslc-theme-content-inner\"><p>Fazendo parte das comemora\u00e7\u00f5es dos seus 60 anos de funda\u00e7\u00e3o a Coopatrigo realiza na pr\u00f3xima quarta-feira, dia 15 de mar\u00e7o o seu tradicional dia de campo de soja junto a lavoura experimental que \u00e9 mantida na Escola Cruzeiro do Sul.<\/p>\n<p>O evento vai apresentar as principais cultivares plantadas na regi\u00e3o e que ser\u00e3o disponibilizadas sementes atrav\u00e9s da Coopatrigo e tamb\u00e9m os principais parceiros na \u00e1rea de defensivos estar\u00e3o apresentando manejos e tratos culturais para o bom desenvolvimento da cultura.<\/p>\n<p>O Dia de campo soja da Coopatrigo vai ser desenvolvido durante todo o dia e as unidades foram divididas para que os associados possam participar com tranquilidade e acompanhar todas as informa\u00e7\u00f5es que foram repassadas.<\/p>\n<p>Pela parte da manh\u00e3 vai haver o credenciamento entre as 08:00hs e 09:00hs e logo ap\u00f3s a visita\u00e7\u00e3o \u00e0s esta\u00e7\u00f5es. Neste per\u00edodo v\u00e3o participar as unidades de S\u00e3o Luiz Gonzaga, S\u00e3o Louren\u00e7o, Bossoroca, Rolador, Caibat\u00e9, Mato Queimado, Vista Alegre, Santiago, Cap\u00e3o do Cip\u00f3 e Escola Cruzeiro do Sul.<\/p>\n<p>J\u00e1 no pelo per\u00edodo da tarde o credenciamento ocorrer\u00e1 entre as 13:30 hs e 14:30 hs e logo ap\u00f3s a visita\u00e7\u00e3o \u00e0s esta\u00e7\u00f5es. Neste per\u00edodo v\u00e3o participar as Unidades de Santo Ant\u00f4nio das Miss\u00f5es, S\u00e3o Greg\u00f3rio, Garruchos, S\u00e3o Jos\u00e9, Pirap\u00f3, Rinc\u00e3o Vermelho, Dezesseis de Novembro, S\u00e3o Nicolau e Uergs.<\/p>\n<p>A Coopatrigo convida todos os seus associados para prestigiar este grande evento, procurando vir no hor\u00e1rio que foi designado para a sua unidade de trabalho, beneficiando a organiza\u00e7\u00e3o do dia de campo.<\/p>\n<\/div><\/div>","protected":false},"excerpt":{"rendered":"<p>Fazendo parte das comemora\u00e7\u00f5es dos seus 60 anos de funda\u00e7\u00e3o a Coopatrigo realiza na pr\u00f3xima quarta-feira, dia 15 de mar\u00e7o o seu tradicional dia de campo de soja junto a lavoura experimental que \u00e9 mantida na Escola Cruzeiro do Sul. O evento vai apresentar as principais cultivares plantadas na regi\u00e3o e que ser\u00e3o disponibilizadas sementes [&hellip;]<\/p>\n","protected":false},"author":1,"featured_media":3181,"comment_status":"open","ping_status":"open","sticky":false,"template":"","format":"standard","meta":{"_acf_changed":false,"footnotes":""},"categories":[1],"tags":[],"class_list":["post-3179","post","type-post","status-publish","format-standard","has-post-thumbnail","hentry","category-noticias"],"acf":[],"_links":{"self":[{"href":"https:\/\/www.coopatrigo.com.br\/novo\/wp-json\/wp\/v2\/posts\/3179","targetHints":{"allow":["GET"]}}],"collection":[{"href":"https:\/\/www.coopatrigo.com.br\/novo\/wp-json\/wp\/v2\/posts"}],"about":[{"href":"https:\/\/www.coopatrigo.com.br\/novo\/wp-json\/wp\/v2\/types\/post"}],"author":[{"embeddable":true,"href":"https:\/\/www.coopatrigo.com.br\/novo\/wp-json\/wp\/v2\/users\/1"}],"replies":[{"embeddable":true,"href":"https:\/\/www.coopatrigo.com.br\/novo\/wp-json\/wp\/v2\/comments?post=3179"}],"version-history":[{"count":0,"href":"https:\/\/www.coopatrigo.com.br\/novo\/wp-json\/wp\/v2\/posts\/3179\/revisions"}],"wp:featuredmedia":[{"embeddable":true,"href":"https:\/\/www.coopatrigo.com.br\/novo\/wp-json\/"}],"wp:attachment":[{"href":"https:\/\/www.coopatrigo.com.br\/novo\/wp-json\/wp\/v2\/media?parent=3179"}],"wp:term":[{"taxonomy":"category","embeddable":true,"href":"https:\/\/www.coopatrigo.com.br\/novo\/wp-json\/wp\/v2\/categories?post=3179"},{"taxonomy":"post_tag","embeddable":true,"href":"https:\/\/www.coopatrigo.com.br\/novo\/wp-json\/wp\/v2\/tags?post=3179"}],"curies":[{"name":"wp","href":"https:\/\/api.w.org\/{rel}","templated":true}]}}