{"id":3202,"date":"2017-04-03T11:22:35","date_gmt":"2017-04-03T13:22:35","guid":{"rendered":"http:\/\/www.coopatrigo.com.br\/site\/?p=3202"},"modified":"2018-04-15T23:03:53","modified_gmt":"2018-04-16T02:03:53","slug":"radio-sao-luiz-desenvolve-projeto-para-marcar-os-60-anos-da-coopatrigo","status":"publish","type":"post","link":"https:\/\/www.coopatrigo.com.br\/novo\/2017\/04\/03\/radio-sao-luiz-desenvolve-projeto-para-marcar-os-60-anos-da-coopatrigo\/","title":{"rendered":"R\u00e1dio S\u00e3o Luiz desenvolve projeto para marcar os 60 anos da Coopatrigo"},"content":{"rendered":"<div id=\"dslc-theme-content\"><div id=\"dslc-theme-content-inner\"><p>A R\u00e1dio S\u00e3o Luiz iniciou na \u00faltima sexta-feira, dia 31 de mar\u00e7o a apresenta\u00e7\u00e3o de uma s\u00e9rie de programas especiais que marcar\u00e3o o transcurso dos 60 anos de funda\u00e7\u00e3o da Coopatrigo que ocorre em 2017.<\/p>\n<p>Dever\u00e3o ir ao \u201car\u201d 1 programa por m\u00eas no hor\u00e1rio das 07:00hs \u00e0s 09:30hs, sempre apresentado de um dos munic\u00edpios de abrang\u00eancia da cooperativa, abordando a import\u00e2ncia da Coopatrigo nestes 60 anos nestas comunidades.<\/p>\n<p>O primeiro programa foi gravado em Bossoroca com a participa\u00e7\u00e3o do prefeito Jos\u00e9 Moacir Fabr\u00edcio Dutra, o vice-prefeito e secret\u00e1rio da Agricultura Jos\u00e9 Alberto Ourique Nascimento; o presidente da c\u00e2mara de vereadores Eloi Andrade Batista; o presidente do Sindicato dos Trabalhadores Rurais Jo\u00e3o Sodr\u00e9, o produtor rural e ex-prefeito Ardi Jaeger; a dire\u00e7\u00e3o da Coopatrigo atrav\u00e9s do presidente Ivo de Souza Batista e o vice Luiz Fl\u00e1vio de Oliveira, o assessor de comunica\u00e7\u00e3o Roberto Marques, o gerente da Unidade de Bossoroca Giovani Anessi, os conselheiros de administra\u00e7\u00e3o Antonio Andres e fiscal Adelino Roque Augustin e o presidente do Conselho Central de Representantes (CCR) Fabiano Rossi.<\/p>\n<p>Tamb\u00e9m foram convidados os presidentes do Sindicato Rural e ACI que n\u00e3o puderam se fazer presente por motivo de for\u00e7a maior.<\/p>\n<p>Em abril o programa Olho Vivo ser\u00e1 gravado em Santiago com a participa\u00e7\u00e3o tamb\u00e9m de Cap\u00e3o do Cip\u00f3 e assim at\u00e9 chegar o dia 28 de setembro, quando ser\u00e1 feito um evento especial no estante da Coopatrigo durante a Expo S\u00e3o Luiz para encerrar este projeto.<\/p>\n<\/div><\/div>","protected":false},"excerpt":{"rendered":"<p>A R\u00e1dio S\u00e3o Luiz iniciou na \u00faltima sexta-feira, dia 31 de mar\u00e7o a apresenta\u00e7\u00e3o de uma s\u00e9rie de programas especiais que marcar\u00e3o o transcurso dos 60 anos de funda\u00e7\u00e3o da Coopatrigo que ocorre em 2017. Dever\u00e3o ir ao \u201car\u201d 1 programa por m\u00eas no hor\u00e1rio das 07:00hs \u00e0s 09:30hs, sempre apresentado de um dos munic\u00edpios [&hellip;]<\/p>\n","protected":false},"author":1,"featured_media":3204,"comment_status":"open","ping_status":"open","sticky":false,"template":"","format":"standard","meta":{"_acf_changed":false,"footnotes":""},"categories":[1],"tags":[],"class_list":["post-3202","post","type-post","status-publish","format-standard","has-post-thumbnail","hentry","category-noticias"],"acf":[],"_links":{"self":[{"href":"https:\/\/www.coopatrigo.com.br\/novo\/wp-json\/wp\/v2\/posts\/3202","targetHints":{"allow":["GET"]}}],"collection":[{"href":"https:\/\/www.coopatrigo.com.br\/novo\/wp-json\/wp\/v2\/posts"}],"about":[{"href":"https:\/\/www.coopatrigo.com.br\/novo\/wp-json\/wp\/v2\/types\/post"}],"author":[{"embeddable":true,"href":"https:\/\/www.coopatrigo.com.br\/novo\/wp-json\/wp\/v2\/users\/1"}],"replies":[{"embeddable":true,"href":"https:\/\/www.coopatrigo.com.br\/novo\/wp-json\/wp\/v2\/comments?post=3202"}],"version-history":[{"count":0,"href":"https:\/\/www.coopatrigo.com.br\/novo\/wp-json\/wp\/v2\/posts\/3202\/revisions"}],"wp:featuredmedia":[{"embeddable":true,"href":"https:\/\/www.coopatrigo.com.br\/novo\/wp-json\/"}],"wp:attachment":[{"href":"https:\/\/www.coopatrigo.com.br\/novo\/wp-json\/wp\/v2\/media?parent=3202"}],"wp:term":[{"taxonomy":"category","embeddable":true,"href":"https:\/\/www.coopatrigo.com.br\/novo\/wp-json\/wp\/v2\/categories?post=3202"},{"taxonomy":"post_tag","embeddable":true,"href":"https:\/\/www.coopatrigo.com.br\/novo\/wp-json\/wp\/v2\/tags?post=3202"}],"curies":[{"name":"wp","href":"https:\/\/api.w.org\/{rel}","templated":true}]}}