{"id":32637,"date":"2022-08-02T17:24:06","date_gmt":"2022-08-02T20:24:06","guid":{"rendered":"https:\/\/www.coopatrigo.com.br\/novo\/?p=32637"},"modified":"2022-08-02T17:24:06","modified_gmt":"2022-08-02T20:24:06","slug":"bayer-e-fecoagro-rs-dao-inicio-a-academia-de-jovens-lideres-do-agro","status":"publish","type":"post","link":"https:\/\/www.coopatrigo.com.br\/novo\/2022\/08\/02\/bayer-e-fecoagro-rs-dao-inicio-a-academia-de-jovens-lideres-do-agro\/","title":{"rendered":"Bayer e FecoAgro\/RS d\u00e3o in\u00edcio a Academia de Jovens L\u00edderes do Agro"},"content":{"rendered":"<div id=\"dslc-main\">\n\t\t<div  class=\"dslc-modules-section \" style=\"padding-bottom:30px;padding-top:30px;background-color:#16452c;background-image:url(https:\/\/www.coopatrigo.com.br\/novo\/wp-content\/uploads\/2021\/02\/bg.png);background-position:center center;\" data-section-id=\"74a23622ed4\">\n\t\t\t\t\n\t\t\t\t\n\t\t\t\t<div class=\"dslc-modules-section-wrapper dslc-clearfix\"><div class=\"dslc-modules-area dslc-col dslc-12-col dslc-last-col dslc-valign- \" data-size=\"12\" data-valign=\"\">\n\t\t<div id=\"dslc-module-24\" class=\"dslc-module-front dslc-module-DSLC_TP_Title dslc-in-viewport-check dslc-in-viewport-anim-none  dslc-col dslc-12-col dslc-last-col  dslc-module-handle-like-regular \" data-module-id=\"24\" data-module=\"DSLC_TP_Title\" data-dslc-module-size=\"12\" data-dslc-anim=\"none\" data-dslc-anim-delay=\"\" data-dslc-anim-duration=\"650\"  data-dslc-anim-easing=\"ease\" data-dslc-preset=\"none\" >\n\n\t\t\t\n\t\t\t\n\t\t\r\n\t\t\t\t<div class=\"dslc-tp-title\"><h1>Bayer e FecoAgro\/RS d\u00e3o in\u00edcio a Academia de Jovens L\u00edderes do Agro<\/h1><\/div>\r\n\r\n\t\t\t\n\t\t\t\t<\/div><!-- .dslc-module -->\n\t\t\n\t\t<div id=\"dslc-module-25\" class=\"dslc-module-front dslc-module-DSLC_TP_Meta dslc-in-viewport-check dslc-in-viewport-anim-none  dslc-col dslc-12-col dslc-last-col  dslc-module-handle-like-regular \" data-module-id=\"25\" data-module=\"DSLC_TP_Meta\" data-dslc-module-size=\"12\" data-dslc-anim=\"none\" data-dslc-anim-delay=\"\" data-dslc-anim-duration=\"650\"  data-dslc-anim-easing=\"ease\" data-dslc-preset=\"none\" >\n\n\t\t\t\n\t\t\t\n\t\t\r\n\t\t\t\t<div class=\"dslc-tp-meta dslc-tp-meta-horizontal\">\r\n\t\t\t\t\t<ul class=\"dslc-clearfix\">\r\n\r\n\t\t\t\t\t\t\t\t\t\t\t\t\t<li>2 de agosto de 2022<\/li>\r\n\t\t\t\t\t\t\r\n\t\t\t\t\t\t\r\n\t\t\t\t\t\t\r\n\t\t\t\t\t\t\r\n\t\t\t\t\t\t\r\n\t\t\t\t\t<\/ul>\r\n\t\t\t\t<\/div>\r\n\r\n\t\t\t\n\t\t\t\t<\/div><!-- .dslc-module -->\n\t\t<\/div><\/div><\/div>\n\t\t<div  class=\"dslc-modules-section \" style=\"padding-bottom:30px;padding-top:30px;background-color:rgba(230, 230, 230, 0);border-color:rgb(230, 230, 230);border-top-style: hidden; border-right-style: hidden; border-bottom-style: hidden; border-left-style: hidden; \" data-section-id=\"2b557989cda\">\n\t\t\t\t\n\t\t\t\t\n\t\t\t\t<div class=\"dslc-modules-section-wrapper dslc-clearfix\"><div class=\"dslc-modules-area dslc-col dslc-1-col dslc-first-col dslc-valign-undefined \" data-size=\"1\" data-valign=\"undefined\"><\/div><div class=\"dslc-modules-area dslc-col dslc-10-col  dslc-valign- \" data-size=\"10\" data-valign=\"\">\n\t\t<div id=\"dslc-module-a7d04abcf7f\" class=\"dslc-module-front dslc-module-DSLC_TP_Thumbnail dslc-in-viewport-check dslc-in-viewport-anim-none  dslc-col dslc-12-col dslc-last-col  dslc-module-handle-like-regular \" data-module-id=\"a7d04abcf7f\" data-module=\"DSLC_TP_Thumbnail\" data-dslc-module-size=\"12\" data-dslc-anim=\"none\" data-dslc-anim-delay=\"\" data-dslc-anim-duration=\"650\"  data-dslc-anim-easing=\"ease\" data-dslc-preset=\"none\" >\n\n\t\t\t\n\t\t\t\n\t\t\r\n\t\t\t<div class=\"dslc-tp-thumbnail\">\r\n\t\t\t\t\t\t\t\t\t\t\t\t\t\t\t<img width=\"1024\" height=\"696\" src=\"https:\/\/www.coopatrigo.com.br\/novo\/wp-content\/uploads\/2022\/08\/Academia-Jovens-Liderancas-Agro-Credito-Divulgacao.jpg\" class=\"attachment-full size-full wp-post-image\" alt=\"\" title=\"Academia Jovens Lideran\u00e7as Agro &#8211; Cr\u00e9dito Divulga\u00e7\u00e3o\" srcset=\"https:\/\/www.coopatrigo.com.br\/novo\/wp-content\/uploads\/2022\/08\/Academia-Jovens-Liderancas-Agro-Credito-Divulgacao.jpg 1024w, https:\/\/www.coopatrigo.com.br\/novo\/wp-content\/uploads\/2022\/08\/Academia-Jovens-Liderancas-Agro-Credito-Divulgacao-300x204.jpg 300w, https:\/\/www.coopatrigo.com.br\/novo\/wp-content\/uploads\/2022\/08\/Academia-Jovens-Liderancas-Agro-Credito-Divulgacao-768x522.jpg 768w\" sizes=\"(max-width: 1024px) 100vw, 1024px\" \/>\t\t\t\t\t\t\t\t\t\t\t\t<\/div>\r\n\r\n\t\t\r\n\t\t\n\t\t\t\t<\/div><!-- .dslc-module -->\n\t\t\n\t\t<div id=\"dslc-module-26\" class=\"dslc-module-front dslc-module-DSLC_TP_Content dslc-in-viewport-check dslc-in-viewport-anim-none  dslc-col dslc-12-col dslc-last-col  dslc-module-handle-like-regular \" data-module-id=\"26\" data-module=\"DSLC_TP_Content\" data-dslc-module-size=\"12\" data-dslc-anim=\"none\" data-dslc-anim-delay=\"\" data-dslc-anim-duration=\"650\"  data-dslc-anim-easing=\"ease\" data-dslc-preset=\"none\" >\n\n\t\t\t\n\t\t\t\n\t\t<div class=\"dslc-tp-content\"><div id=\"dslc-theme-content\"><div id=\"dslc-theme-content-inner\"><div>\n<div>Com a participa\u00e7\u00e3o de 42 jovens e 18 cooperativas agropecu\u00e1rias ga\u00fachas, foi dada a largada para a primeira edi\u00e7\u00e3o da Academia de Jovens L\u00edderes do Agro. A iniciativa da Bayer e da Federa\u00e7\u00e3o das Cooperativas Agropecu\u00e1rias do Estado do Rio Grande do Sul (FecoAgro\/RS) tem por objetivo incentivar a participa\u00e7\u00e3o dos jovens no dia a dia da propriedade rural, al\u00e9m das associa\u00e7\u00f5es e cooperativas, de forma a que este desenvolva compet\u00eancias na gest\u00e3o dos projetos e na tomada de decis\u00f5es.<br aria-hidden=\"true\" \/><br aria-hidden=\"true\" \/>O primeiro encontro ocorreu recentemente de forma presencial no Parque da Expodireto Cotrijal, em N\u00e3o-Me-Toque (RS). Ao longo do curso, os jovens cooperativistas participar\u00e3o de sess\u00f5es com um time de especialistas que v\u00e3o abordar temas relacionados \u00e0 lideran\u00e7a, desenvolvimento de equipes, inova\u00e7\u00e3o e transforma\u00e7\u00e3o digital. No total, ser\u00e3o tr\u00eas m\u00f3dulos com encontros virtuais ao longo do ano.<br aria-hidden=\"true\" \/><br aria-hidden=\"true\" \/>Para o presidente da FecoAgro\/RS, Paulo Pires, desenvolver novas lideran\u00e7as torna-se hoje condi\u00e7\u00e3o essencial para a solu\u00e7\u00e3o de desafios complexos que n\u00e3o se pode mais deixar de enfrentar. &#8220;A quest\u00e3o \u00e9 se estamos \u00e0 altura dos desafios atuais, onde os movimentos de transforma\u00e7\u00e3o est\u00e3o acontecendo de forma consistente ao redor do mundo. Entendemos que a colabora\u00e7\u00e3o entre empresas parceiras e cooperativas, como nesse curso, contribuir\u00e1 de forma assertiva para esse enfrentamento&#8221;, destaca.<br aria-hidden=\"true\" \/><br aria-hidden=\"true\" \/>Os jovens ter\u00e3o tamb\u00e9m uma mentoria para desenvolvimento e gest\u00e3o de um projeto. Ao final os grupos apresentar\u00e3o estas propostas em uma banca formada por representantes da FecoAgro\/RS e de representantes das cooperativas e o grupo do melhor projeto avaliado ser\u00e1 premiado com uma visita \u00e0 fazenda modelo em sustentabilidade do programa Bayer Foward Farming no Brasil e um curso de agricultura digital da Universidade FieldView, bra\u00e7o de capacita\u00e7\u00e3o da plataforma de agronomia digital da Bayer.<\/div>\n<\/div>\n<div><\/div>\n<div>\n<div><i>Foto: Divulga\u00e7\u00e3o<br aria-hidden=\"true\" \/>Texto: Nestor Tipa J\u00fanior\/AgroEffective<\/i><\/div>\n<\/div>\n<\/div><\/div><\/div>\n\t\t\t\t<\/div><!-- .dslc-module -->\n\t\t<\/div><\/div><\/div><\/div><input type=\"hidden\" id=\"dslca-post-data-thumb\" value=\"https:\/\/www.coopatrigo.com.br\/novo\/wp-content\/uploads\/2022\/08\/Academia-Jovens-Liderancas-Agro-Credito-Divulgacao.jpg\" \/>","protected":false},"excerpt":{"rendered":"<p>Bayer e FecoAgro\/RS d\u00e3o in\u00edcio a Academia de Jovens L\u00edderes do Agro 2 de agosto de 2022 Com a participa\u00e7\u00e3o de 42 jovens e 18 cooperativas agropecu\u00e1rias ga\u00fachas, foi dada a largada para a primeira edi\u00e7\u00e3o da Academia de Jovens L\u00edderes do Agro. A iniciativa da Bayer e da Federa\u00e7\u00e3o das Cooperativas Agropecu\u00e1rias do Estado [&hellip;]<\/p>\n","protected":false},"author":5,"featured_media":32638,"comment_status":"open","ping_status":"open","sticky":false,"template":"","format":"standard","meta":{"_acf_changed":false,"footnotes":""},"categories":[1],"tags":[],"class_list":["post-32637","post","type-post","status-publish","format-standard","has-post-thumbnail","hentry","category-noticias"],"acf":[],"_links":{"self":[{"href":"https:\/\/www.coopatrigo.com.br\/novo\/wp-json\/wp\/v2\/posts\/32637","targetHints":{"allow":["GET"]}}],"collection":[{"href":"https:\/\/www.coopatrigo.com.br\/novo\/wp-json\/wp\/v2\/posts"}],"about":[{"href":"https:\/\/www.coopatrigo.com.br\/novo\/wp-json\/wp\/v2\/types\/post"}],"author":[{"embeddable":true,"href":"https:\/\/www.coopatrigo.com.br\/novo\/wp-json\/wp\/v2\/users\/5"}],"replies":[{"embeddable":true,"href":"https:\/\/www.coopatrigo.com.br\/novo\/wp-json\/wp\/v2\/comments?post=32637"}],"version-history":[{"count":0,"href":"https:\/\/www.coopatrigo.com.br\/novo\/wp-json\/wp\/v2\/posts\/32637\/revisions"}],"wp:featuredmedia":[{"embeddable":true,"href":"https:\/\/www.coopatrigo.com.br\/novo\/wp-json\/wp\/v2\/media\/32638"}],"wp:attachment":[{"href":"https:\/\/www.coopatrigo.com.br\/novo\/wp-json\/wp\/v2\/media?parent=32637"}],"wp:term":[{"taxonomy":"category","embeddable":true,"href":"https:\/\/www.coopatrigo.com.br\/novo\/wp-json\/wp\/v2\/categories?post=32637"},{"taxonomy":"post_tag","embeddable":true,"href":"https:\/\/www.coopatrigo.com.br\/novo\/wp-json\/wp\/v2\/tags?post=32637"}],"curies":[{"name":"wp","href":"https:\/\/api.w.org\/{rel}","templated":true}]}}