{"id":32661,"date":"2022-08-03T12:03:02","date_gmt":"2022-08-03T15:03:02","guid":{"rendered":"https:\/\/www.coopatrigo.com.br\/novo\/?p=32661"},"modified":"2022-08-03T12:03:02","modified_gmt":"2022-08-03T15:03:02","slug":"paulo-pires-participa-de-audiencia-com-o-governador-do-estado-ranolfo-vieira-junior","status":"publish","type":"post","link":"https:\/\/www.coopatrigo.com.br\/novo\/2022\/08\/03\/paulo-pires-participa-de-audiencia-com-o-governador-do-estado-ranolfo-vieira-junior\/","title":{"rendered":"Paulo Pires participa de audi\u00eancia com o Governador do Estado Ranolfo Vieira Junior"},"content":{"rendered":"<div id=\"dslc-main\">\n\t\t<div  class=\"dslc-modules-section \" style=\"padding-bottom:30px;padding-top:30px;background-color:#16452c;background-image:url(https:\/\/www.coopatrigo.com.br\/novo\/wp-content\/uploads\/2021\/02\/bg.png);background-position:center center;\" data-section-id=\"74a23622ed4\">\n\t\t\t\t\n\t\t\t\t\n\t\t\t\t<div class=\"dslc-modules-section-wrapper dslc-clearfix\"><div class=\"dslc-modules-area dslc-col dslc-12-col dslc-last-col dslc-valign- \" data-size=\"12\" data-valign=\"\">\n\t\t<div id=\"dslc-module-24\" class=\"dslc-module-front dslc-module-DSLC_TP_Title dslc-in-viewport-check dslc-in-viewport-anim-none  dslc-col dslc-12-col dslc-last-col  dslc-module-handle-like-regular \" data-module-id=\"24\" data-module=\"DSLC_TP_Title\" data-dslc-module-size=\"12\" data-dslc-anim=\"none\" data-dslc-anim-delay=\"\" data-dslc-anim-duration=\"650\"  data-dslc-anim-easing=\"ease\" data-dslc-preset=\"none\" >\n\n\t\t\t\n\t\t\t\n\t\t\r\n\t\t\t\t<div class=\"dslc-tp-title\"><h1>Paulo Pires participa de audi\u00eancia com o Governador do Estado Ranolfo Vieira Junior<\/h1><\/div>\r\n\r\n\t\t\t\n\t\t\t\t<\/div><!-- .dslc-module -->\n\t\t\n\t\t<div id=\"dslc-module-25\" class=\"dslc-module-front dslc-module-DSLC_TP_Meta dslc-in-viewport-check dslc-in-viewport-anim-none  dslc-col dslc-12-col dslc-last-col  dslc-module-handle-like-regular \" data-module-id=\"25\" data-module=\"DSLC_TP_Meta\" data-dslc-module-size=\"12\" data-dslc-anim=\"none\" data-dslc-anim-delay=\"\" data-dslc-anim-duration=\"650\"  data-dslc-anim-easing=\"ease\" data-dslc-preset=\"none\" >\n\n\t\t\t\n\t\t\t\n\t\t\r\n\t\t\t\t<div class=\"dslc-tp-meta dslc-tp-meta-horizontal\">\r\n\t\t\t\t\t<ul class=\"dslc-clearfix\">\r\n\r\n\t\t\t\t\t\t\t\t\t\t\t\t\t<li>3 de agosto de 2022<\/li>\r\n\t\t\t\t\t\t\r\n\t\t\t\t\t\t\r\n\t\t\t\t\t\t\r\n\t\t\t\t\t\t\r\n\t\t\t\t\t\t\r\n\t\t\t\t\t<\/ul>\r\n\t\t\t\t<\/div>\r\n\r\n\t\t\t\n\t\t\t\t<\/div><!-- .dslc-module -->\n\t\t<\/div><\/div><\/div>\n\t\t<div  class=\"dslc-modules-section \" style=\"padding-bottom:30px;padding-top:30px;background-color:rgba(230, 230, 230, 0);border-color:rgb(230, 230, 230);border-top-style: hidden; border-right-style: hidden; border-bottom-style: hidden; border-left-style: hidden; \" data-section-id=\"2b557989cda\">\n\t\t\t\t\n\t\t\t\t\n\t\t\t\t<div class=\"dslc-modules-section-wrapper dslc-clearfix\"><div class=\"dslc-modules-area dslc-col dslc-1-col dslc-first-col dslc-valign-undefined \" data-size=\"1\" data-valign=\"undefined\"><\/div><div class=\"dslc-modules-area dslc-col dslc-10-col  dslc-valign- \" data-size=\"10\" data-valign=\"\">\n\t\t<div id=\"dslc-module-a7d04abcf7f\" class=\"dslc-module-front dslc-module-DSLC_TP_Thumbnail dslc-in-viewport-check dslc-in-viewport-anim-none  dslc-col dslc-12-col dslc-last-col  dslc-module-handle-like-regular \" data-module-id=\"a7d04abcf7f\" data-module=\"DSLC_TP_Thumbnail\" data-dslc-module-size=\"12\" data-dslc-anim=\"none\" data-dslc-anim-delay=\"\" data-dslc-anim-duration=\"650\"  data-dslc-anim-easing=\"ease\" data-dslc-preset=\"none\" >\n\n\t\t\t\n\t\t\t\n\t\t\r\n\t\t\t<div class=\"dslc-tp-thumbnail\">\r\n\t\t\t\t\t\t\t\t\t\t\t\t\t\t\t<img width=\"768\" height=\"1024\" src=\"https:\/\/www.coopatrigo.com.br\/novo\/wp-content\/uploads\/2022\/08\/WhatsApp-Image-2022-08-03-at-11.17.39.jpeg\" class=\"attachment-full size-full wp-post-image\" alt=\"\" title=\"WhatsApp Image 2022-08-03 at 11.17.39\" srcset=\"https:\/\/www.coopatrigo.com.br\/novo\/wp-content\/uploads\/2022\/08\/WhatsApp-Image-2022-08-03-at-11.17.39.jpeg 768w, https:\/\/www.coopatrigo.com.br\/novo\/wp-content\/uploads\/2022\/08\/WhatsApp-Image-2022-08-03-at-11.17.39-225x300.jpeg 225w\" sizes=\"(max-width: 768px) 100vw, 768px\" \/>\t\t\t\t\t\t\t\t\t\t\t\t<\/div>\r\n\r\n\t\t\r\n\t\t\n\t\t\t\t<\/div><!-- .dslc-module -->\n\t\t\n\t\t<div id=\"dslc-module-26\" class=\"dslc-module-front dslc-module-DSLC_TP_Content dslc-in-viewport-check dslc-in-viewport-anim-none  dslc-col dslc-12-col dslc-last-col  dslc-module-handle-like-regular \" data-module-id=\"26\" data-module=\"DSLC_TP_Content\" data-dslc-module-size=\"12\" data-dslc-anim=\"none\" data-dslc-anim-delay=\"\" data-dslc-anim-duration=\"650\"  data-dslc-anim-easing=\"ease\" data-dslc-preset=\"none\" >\n\n\t\t\t\n\t\t\t\n\t\t<div class=\"dslc-tp-content\"><div id=\"dslc-theme-content\"><div id=\"dslc-theme-content-inner\"><p>O Presidente da Coopatrigo Paulo Pires esteve participando na manh\u00e3 desta ter\u00e7a-feira de uma importante audi\u00eancia no Pal\u00e1cio Piratini com o Governador do Estado Ranolfo Vieira Junior e o Chefe da Casa Civil Artur Lemos Junior, compondo uma comitiva das Cooperativas Agropecu\u00e1rias do Rio Grande do Sul que foram refor\u00e7ar ao Governo ga\u00facho sobre a import\u00e2ncia das obras de amplia\u00e7\u00e3o do Porto de Rio Grande.<\/p>\n<p>Participaram da audi\u00eancia, al\u00e9m de Paulo Pires que tamb\u00e9m preside a Fecoagro\/RS, o presidente do Sistema Ocergs\/Sescoop\/RS Darci Hartmann, o Presidente da CCGL Caio Viana e os representantes das Cooperativas Cotrijal, Cotripal e Cotrisal.<\/p>\n<p>Paulo Pires relatou que a amplia\u00e7\u00e3o do Porto de Rio Grande \u00e9 uma obra estrat\u00e9gica n\u00e3o somente para as Cooperativas Agropecu\u00e1rias, mas para toda a produ\u00e7\u00e3o do Rio Grande do Sul. \u201cO principal foco das Cooperativa \u00e9 aumentar a produtividade dos seus associados, mas no lado da infraestrutura \u00e9 importante termos capacidade de exporta\u00e7\u00e3o para o escoamento desta produ\u00e7\u00e3o para os pa\u00edses compradores\u201d, justificou o Presidente da Fecoagro e da Coopatrigo Paulo Pires, acrescentando que por este motivo esta audi\u00eancia foi marcada e ele fez quest\u00e3o de estar presente para a sensibiliza\u00e7\u00e3o do Governo do Estado sobre a import\u00e2ncia desta obra.<\/p>\n<p>Roberto Marques<\/p>\n<p>Assessor de Comunica\u00e7\u00e3o Coopatrigo<\/p>\n<\/div><\/div><\/div>\n\t\t\t\t<\/div><!-- .dslc-module -->\n\t\t<\/div><\/div><\/div><\/div><input type=\"hidden\" id=\"dslca-post-data-thumb\" value=\"https:\/\/www.coopatrigo.com.br\/novo\/wp-content\/uploads\/2022\/08\/WhatsApp-Image-2022-08-03-at-11.17.39.jpeg\" \/>","protected":false},"excerpt":{"rendered":"<p>Paulo Pires participa de audi\u00eancia com o Governador do Estado Ranolfo Vieira Junior 3 de agosto de 2022 O Presidente da Coopatrigo Paulo Pires esteve participando na manh\u00e3 desta ter\u00e7a-feira de uma importante audi\u00eancia no Pal\u00e1cio Piratini com o Governador do Estado Ranolfo Vieira Junior e o Chefe da Casa Civil Artur Lemos Junior, compondo [&hellip;]<\/p>\n","protected":false},"author":5,"featured_media":32662,"comment_status":"open","ping_status":"open","sticky":false,"template":"","format":"standard","meta":{"_acf_changed":false,"footnotes":""},"categories":[1],"tags":[],"class_list":["post-32661","post","type-post","status-publish","format-standard","has-post-thumbnail","hentry","category-noticias"],"acf":[],"_links":{"self":[{"href":"https:\/\/www.coopatrigo.com.br\/novo\/wp-json\/wp\/v2\/posts\/32661","targetHints":{"allow":["GET"]}}],"collection":[{"href":"https:\/\/www.coopatrigo.com.br\/novo\/wp-json\/wp\/v2\/posts"}],"about":[{"href":"https:\/\/www.coopatrigo.com.br\/novo\/wp-json\/wp\/v2\/types\/post"}],"author":[{"embeddable":true,"href":"https:\/\/www.coopatrigo.com.br\/novo\/wp-json\/wp\/v2\/users\/5"}],"replies":[{"embeddable":true,"href":"https:\/\/www.coopatrigo.com.br\/novo\/wp-json\/wp\/v2\/comments?post=32661"}],"version-history":[{"count":0,"href":"https:\/\/www.coopatrigo.com.br\/novo\/wp-json\/wp\/v2\/posts\/32661\/revisions"}],"wp:featuredmedia":[{"embeddable":true,"href":"https:\/\/www.coopatrigo.com.br\/novo\/wp-json\/wp\/v2\/media\/32662"}],"wp:attachment":[{"href":"https:\/\/www.coopatrigo.com.br\/novo\/wp-json\/wp\/v2\/media?parent=32661"}],"wp:term":[{"taxonomy":"category","embeddable":true,"href":"https:\/\/www.coopatrigo.com.br\/novo\/wp-json\/wp\/v2\/categories?post=32661"},{"taxonomy":"post_tag","embeddable":true,"href":"https:\/\/www.coopatrigo.com.br\/novo\/wp-json\/wp\/v2\/tags?post=32661"}],"curies":[{"name":"wp","href":"https:\/\/api.w.org\/{rel}","templated":true}]}}