{"id":32982,"date":"2022-08-17T10:07:37","date_gmt":"2022-08-17T13:07:37","guid":{"rendered":"https:\/\/www.coopatrigo.com.br\/novo\/?p=32982"},"modified":"2022-08-17T10:07:37","modified_gmt":"2022-08-17T13:07:37","slug":"inscricoes-abertas-para-a-2a-jornada-tecnica-rtc","status":"publish","type":"post","link":"https:\/\/www.coopatrigo.com.br\/novo\/2022\/08\/17\/inscricoes-abertas-para-a-2a-jornada-tecnica-rtc\/","title":{"rendered":"Inscri\u00e7\u00f5es abertas para a 2\u00aa Jornada T\u00e9cnica RTC"},"content":{"rendered":"<div id=\"dslc-main\">\n\t\t<div  class=\"dslc-modules-section \" style=\"padding-bottom:30px;padding-top:30px;background-color:#16452c;background-image:url(https:\/\/www.coopatrigo.com.br\/novo\/wp-content\/uploads\/2021\/02\/bg.png);background-position:center center;\" data-section-id=\"74a23622ed4\">\n\t\t\t\t\n\t\t\t\t\n\t\t\t\t<div class=\"dslc-modules-section-wrapper dslc-clearfix\"><div class=\"dslc-modules-area dslc-col dslc-12-col dslc-last-col dslc-valign- \" data-size=\"12\" data-valign=\"\">\n\t\t<div id=\"dslc-module-24\" class=\"dslc-module-front dslc-module-DSLC_TP_Title dslc-in-viewport-check dslc-in-viewport-anim-none  dslc-col dslc-12-col dslc-last-col  dslc-module-handle-like-regular \" data-module-id=\"24\" data-module=\"DSLC_TP_Title\" data-dslc-module-size=\"12\" data-dslc-anim=\"none\" data-dslc-anim-delay=\"\" data-dslc-anim-duration=\"650\"  data-dslc-anim-easing=\"ease\" data-dslc-preset=\"none\" >\n\n\t\t\t\n\t\t\t\n\t\t\r\n\t\t\t\t<div class=\"dslc-tp-title\"><h1>Inscri\u00e7\u00f5es abertas para a 2\u00aa Jornada T\u00e9cnica RTC<\/h1><\/div>\r\n\r\n\t\t\t\n\t\t\t\t<\/div><!-- .dslc-module -->\n\t\t\n\t\t<div id=\"dslc-module-25\" class=\"dslc-module-front dslc-module-DSLC_TP_Meta dslc-in-viewport-check dslc-in-viewport-anim-none  dslc-col dslc-12-col dslc-last-col  dslc-module-handle-like-regular \" data-module-id=\"25\" data-module=\"DSLC_TP_Meta\" data-dslc-module-size=\"12\" data-dslc-anim=\"none\" data-dslc-anim-delay=\"\" data-dslc-anim-duration=\"650\"  data-dslc-anim-easing=\"ease\" data-dslc-preset=\"none\" >\n\n\t\t\t\n\t\t\t\n\t\t\r\n\t\t\t\t<div class=\"dslc-tp-meta dslc-tp-meta-horizontal\">\r\n\t\t\t\t\t<ul class=\"dslc-clearfix\">\r\n\r\n\t\t\t\t\t\t\t\t\t\t\t\t\t<li>17 de agosto de 2022<\/li>\r\n\t\t\t\t\t\t\r\n\t\t\t\t\t\t\r\n\t\t\t\t\t\t\r\n\t\t\t\t\t\t\r\n\t\t\t\t\t\t\r\n\t\t\t\t\t<\/ul>\r\n\t\t\t\t<\/div>\r\n\r\n\t\t\t\n\t\t\t\t<\/div><!-- .dslc-module -->\n\t\t<\/div><\/div><\/div>\n\t\t<div  class=\"dslc-modules-section \" style=\"padding-bottom:30px;padding-top:30px;background-color:rgba(230, 230, 230, 0);border-color:rgb(230, 230, 230);border-top-style: hidden; border-right-style: hidden; border-bottom-style: hidden; border-left-style: hidden; \" data-section-id=\"2b557989cda\">\n\t\t\t\t\n\t\t\t\t\n\t\t\t\t<div class=\"dslc-modules-section-wrapper dslc-clearfix\"><div class=\"dslc-modules-area dslc-col dslc-1-col dslc-first-col dslc-valign-undefined \" data-size=\"1\" data-valign=\"undefined\"><\/div><div class=\"dslc-modules-area dslc-col dslc-10-col  dslc-valign- \" data-size=\"10\" data-valign=\"\">\n\t\t<div id=\"dslc-module-a7d04abcf7f\" class=\"dslc-module-front dslc-module-DSLC_TP_Thumbnail dslc-in-viewport-check dslc-in-viewport-anim-none  dslc-col dslc-12-col dslc-last-col  dslc-module-handle-like-regular \" data-module-id=\"a7d04abcf7f\" data-module=\"DSLC_TP_Thumbnail\" data-dslc-module-size=\"12\" data-dslc-anim=\"none\" data-dslc-anim-delay=\"\" data-dslc-anim-duration=\"650\"  data-dslc-anim-easing=\"ease\" data-dslc-preset=\"none\" >\n\n\t\t\t\n\t\t\t\n\t\t\r\n\t\t\t<div class=\"dslc-tp-thumbnail\">\r\n\t\t\t\t\t\t\t\t\t\t\t\t\t\t\t<img width=\"1024\" height=\"768\" src=\"https:\/\/www.coopatrigo.com.br\/novo\/wp-content\/uploads\/2022\/08\/foto1Igor-Adolfo-Wechwert-engenheiro-agronomo.jpeg\" class=\"attachment-full size-full wp-post-image\" alt=\"\" title=\"foto1Igor Adolfo Wechwert, engenheiro agr\u00f4nomo\" srcset=\"https:\/\/www.coopatrigo.com.br\/novo\/wp-content\/uploads\/2022\/08\/foto1Igor-Adolfo-Wechwert-engenheiro-agronomo.jpeg 1024w, https:\/\/www.coopatrigo.com.br\/novo\/wp-content\/uploads\/2022\/08\/foto1Igor-Adolfo-Wechwert-engenheiro-agronomo-300x225.jpeg 300w, https:\/\/www.coopatrigo.com.br\/novo\/wp-content\/uploads\/2022\/08\/foto1Igor-Adolfo-Wechwert-engenheiro-agronomo-768x576.jpeg 768w\" sizes=\"(max-width: 1024px) 100vw, 1024px\" \/>\t\t\t\t\t\t\t\t\t\t\t\t<\/div>\r\n\r\n\t\t\r\n\t\t\n\t\t\t\t<\/div><!-- .dslc-module -->\n\t\t\n\t\t<div id=\"dslc-module-26\" class=\"dslc-module-front dslc-module-DSLC_TP_Content dslc-in-viewport-check dslc-in-viewport-anim-none  dslc-col dslc-12-col dslc-last-col  dslc-module-handle-like-regular \" data-module-id=\"26\" data-module=\"DSLC_TP_Content\" data-dslc-module-size=\"12\" data-dslc-anim=\"none\" data-dslc-anim-delay=\"\" data-dslc-anim-duration=\"650\"  data-dslc-anim-easing=\"ease\" data-dslc-preset=\"none\" >\n\n\t\t\t\n\t\t\t\n\t\t<div class=\"dslc-tp-content\"><div id=\"dslc-theme-content\"><div id=\"dslc-theme-content-inner\"><p>A revolu\u00e7\u00e3o tecnol\u00f3gica que vem transformando as propriedades rurais ga\u00fachas ser\u00e1 o centro do debate da 2\u00aa edi\u00e7\u00e3o da Jornada T\u00e9cnica RTC. O evento, promovido pela Rede T\u00e9cnica Cooperativa (RTC), ocorrer\u00e1 nos dias 14, 15 e 16 de setembro no Wish Serrano Resort, em Gramado (RS). Palestrantes com atua\u00e7\u00e3o no agroneg\u00f3cio nacional e internacional trar\u00e3o para discuss\u00e3o os novos rumos para a produ\u00e7\u00e3o de alimentos e o futuro do setor. As inscri\u00e7\u00f5es j\u00e1 est\u00e3o abertas e devem ser realizadas pelo site\u00a0<a href=\"http:\/\/www.rtc.coop.br\/\" target=\"_blank\" rel=\"noopener noreferrer\" data-auth=\"NotApplicable\" data-linkindex=\"0\">www.rtc.coop.br<\/a>.<br aria-hidden=\"true\" \/><br aria-hidden=\"true\" \/>Segundo o coordenador de pesquisa da Rede T\u00e9cnica Cooperativa, Geomar Corassa, o agroneg\u00f3cio vem passando por in\u00fameras mudan\u00e7as, como a inclus\u00e3o de novas tecnologias e atualiza\u00e7\u00f5es profissionais, sendo essencial ter conhecimento sobre as adapta\u00e7\u00f5es necess\u00e1rias para que o setor atenda \u00e0s demandas de produ\u00e7\u00e3o de alimentos para o futuro. \u201cPor isso, a jornada ir\u00e1 permear por uma s\u00e9rie de tem\u00e1ticas, como o cen\u00e1rio econ\u00f4mico p\u00f3s-pandemia, o consumidor do futuro, a sustentabilidade na agricultura, a transforma\u00e7\u00e3o digital e a mudan\u00e7a na gest\u00e3o das propriedades\u201d, pondera. Uma das apresenta\u00e7\u00f5es mais esperadas \u00e9 do autor do best-seller sobre inova\u00e7\u00e3o \u2018Conveni\u00eancia \u00e9 o nome do Neg\u00f3cio\u2019, Arthur Igreja, da AAA Inova\u00e7\u00e3o. Ele abordar\u00e1 o perfil do profissional\/assistente t\u00e9cnico e das organiza\u00e7\u00f5es do futuro.<br aria-hidden=\"true\" \/><br aria-hidden=\"true\" \/>Diretor-presidente da CCGL, Caio Vianna, destaca que a ideia \u00e9 ampliar o conhecimento dos produtores e t\u00e9cnicos para que seja poss\u00edvel avan\u00e7ar rapidamente naquilo que o Brasil \u00e9 imbat\u00edvel: produzir alimentos de qualidade, em quantidade e contribuindo com o bem-estar das pessoas, com a gera\u00e7\u00e3o de empregos e com o ambiente. \u201cAs quest\u00f5es geopol\u00edticas, econ\u00f4micas e comportamentais mudaram os rumos p\u00f3s-pandemia e o agro hoje j\u00e1 n\u00e3o \u00e9 mais o mesmo. \u00c9 necess\u00e1rio produzir mais, com garantias de qualidade, seguran\u00e7a alimentar e sustentabilidade\u201d.<br aria-hidden=\"true\" \/><br aria-hidden=\"true\" \/>Na ocasi\u00e3o, ser\u00e1 entregue o pr\u00eamio Top Farmers RTC a produtores que, ao longo da safra 2021\/2022, alcan\u00e7aram elevada efici\u00eancia produtiva. A entrega do m\u00e9rito ser\u00e1 no dia 15 de setembro a partir das 13h30min.<br aria-hidden=\"true\" \/><br aria-hidden=\"true\" \/>A 2\u00ba Jornada T\u00e9cnica \u00e9 uma realiza\u00e7\u00e3o da CCGL e conta com o patroc\u00ednio dos terminais Termasa\/Tergrasa e com o apoio da Federa\u00e7\u00e3o das Cooperativas Agropecu\u00e1rias do RS (Fecoagro) e do Sistema Ocergs-Sescoop\/RS.<br aria-hidden=\"true\" \/><br aria-hidden=\"true\" \/><b>Quem \u00e9 a RTC<\/b><br aria-hidden=\"true\" \/>A Rede T\u00e9cnica das Cooperativas (RTC) foi criada em 2018 congregando as \u00e1reas t\u00e9cnicas de pesquisa e mercado de 30 cooperativas agropecu\u00e1rias ga\u00fachas. Seu foco \u00e9 criar um corpo de pesquisa integrado que d\u00ea suporte \u00e0s cooperativas, otimizando custos e a aplicabilidade dos estudos desenvolvidos e permitindo a troca de ideias e compartilhamento de informa\u00e7\u00f5es.<\/p>\n<p>Jardine Comunica\u00e7\u00e3o<\/p>\n<\/div><\/div><\/div>\n\t\t\t\t<\/div><!-- .dslc-module -->\n\t\t<\/div><\/div><\/div><\/div><input type=\"hidden\" id=\"dslca-post-data-thumb\" value=\"https:\/\/www.coopatrigo.com.br\/novo\/wp-content\/uploads\/2022\/08\/foto1Igor-Adolfo-Wechwert-engenheiro-agronomo.jpeg\" \/>","protected":false},"excerpt":{"rendered":"<p>Inscri\u00e7\u00f5es abertas para a 2\u00aa Jornada T\u00e9cnica RTC 17 de agosto de 2022 A revolu\u00e7\u00e3o tecnol\u00f3gica que vem transformando as propriedades rurais ga\u00fachas ser\u00e1 o centro do debate da 2\u00aa edi\u00e7\u00e3o da Jornada T\u00e9cnica RTC. O evento, promovido pela Rede T\u00e9cnica Cooperativa (RTC), ocorrer\u00e1 nos dias 14, 15 e 16 de setembro no Wish Serrano [&hellip;]<\/p>\n","protected":false},"author":5,"featured_media":32983,"comment_status":"open","ping_status":"open","sticky":false,"template":"","format":"standard","meta":{"_acf_changed":false,"footnotes":""},"categories":[1],"tags":[],"class_list":["post-32982","post","type-post","status-publish","format-standard","has-post-thumbnail","hentry","category-noticias"],"acf":[],"_links":{"self":[{"href":"https:\/\/www.coopatrigo.com.br\/novo\/wp-json\/wp\/v2\/posts\/32982","targetHints":{"allow":["GET"]}}],"collection":[{"href":"https:\/\/www.coopatrigo.com.br\/novo\/wp-json\/wp\/v2\/posts"}],"about":[{"href":"https:\/\/www.coopatrigo.com.br\/novo\/wp-json\/wp\/v2\/types\/post"}],"author":[{"embeddable":true,"href":"https:\/\/www.coopatrigo.com.br\/novo\/wp-json\/wp\/v2\/users\/5"}],"replies":[{"embeddable":true,"href":"https:\/\/www.coopatrigo.com.br\/novo\/wp-json\/wp\/v2\/comments?post=32982"}],"version-history":[{"count":0,"href":"https:\/\/www.coopatrigo.com.br\/novo\/wp-json\/wp\/v2\/posts\/32982\/revisions"}],"wp:featuredmedia":[{"embeddable":true,"href":"https:\/\/www.coopatrigo.com.br\/novo\/wp-json\/wp\/v2\/media\/32983"}],"wp:attachment":[{"href":"https:\/\/www.coopatrigo.com.br\/novo\/wp-json\/wp\/v2\/media?parent=32982"}],"wp:term":[{"taxonomy":"category","embeddable":true,"href":"https:\/\/www.coopatrigo.com.br\/novo\/wp-json\/wp\/v2\/categories?post=32982"},{"taxonomy":"post_tag","embeddable":true,"href":"https:\/\/www.coopatrigo.com.br\/novo\/wp-json\/wp\/v2\/tags?post=32982"}],"curies":[{"name":"wp","href":"https:\/\/api.w.org\/{rel}","templated":true}]}}