{"id":33327,"date":"2022-09-08T10:18:09","date_gmt":"2022-09-08T13:18:09","guid":{"rendered":"https:\/\/www.coopatrigo.com.br\/novo\/?p=33327"},"modified":"2022-09-08T10:18:09","modified_gmt":"2022-09-08T13:18:09","slug":"2a-jornada-tecnica-rtc-sera-de-14-a-16-de-setembro-em-gramado-rs","status":"publish","type":"post","link":"https:\/\/www.coopatrigo.com.br\/novo\/2022\/09\/08\/2a-jornada-tecnica-rtc-sera-de-14-a-16-de-setembro-em-gramado-rs\/","title":{"rendered":"2\u00aa Jornada T\u00e9cnica RTC ser\u00e1 de 14 a 16 de setembro em Gramado (RS)"},"content":{"rendered":"<div id=\"dslc-main\">\n\t\t<div  class=\"dslc-modules-section \" style=\"padding-bottom:30px;padding-top:30px;background-color:#16452c;background-image:url(https:\/\/www.coopatrigo.com.br\/novo\/wp-content\/uploads\/2021\/02\/bg.png);background-position:center center;\" data-section-id=\"74a23622ed4\">\n\t\t\t\t\n\t\t\t\t\n\t\t\t\t<div class=\"dslc-modules-section-wrapper dslc-clearfix\"><div class=\"dslc-modules-area dslc-col dslc-12-col dslc-last-col dslc-valign- \" data-size=\"12\" data-valign=\"\">\n\t\t<div id=\"dslc-module-24\" class=\"dslc-module-front dslc-module-DSLC_TP_Title dslc-in-viewport-check dslc-in-viewport-anim-none  dslc-col dslc-12-col dslc-last-col  dslc-module-handle-like-regular \" data-module-id=\"24\" data-module=\"DSLC_TP_Title\" data-dslc-module-size=\"12\" data-dslc-anim=\"none\" data-dslc-anim-delay=\"\" data-dslc-anim-duration=\"650\"  data-dslc-anim-easing=\"ease\" data-dslc-preset=\"none\" >\n\n\t\t\t\n\t\t\t\n\t\t\r\n\t\t\t\t<div class=\"dslc-tp-title\"><h1>2\u00aa Jornada T\u00e9cnica RTC ser\u00e1 de 14 a 16 de setembro em Gramado (RS)<\/h1><\/div>\r\n\r\n\t\t\t\n\t\t\t\t<\/div><!-- .dslc-module -->\n\t\t\n\t\t<div id=\"dslc-module-25\" class=\"dslc-module-front dslc-module-DSLC_TP_Meta dslc-in-viewport-check dslc-in-viewport-anim-none  dslc-col dslc-12-col dslc-last-col  dslc-module-handle-like-regular \" data-module-id=\"25\" data-module=\"DSLC_TP_Meta\" data-dslc-module-size=\"12\" data-dslc-anim=\"none\" data-dslc-anim-delay=\"\" data-dslc-anim-duration=\"650\"  data-dslc-anim-easing=\"ease\" data-dslc-preset=\"none\" >\n\n\t\t\t\n\t\t\t\n\t\t\r\n\t\t\t\t<div class=\"dslc-tp-meta dslc-tp-meta-horizontal\">\r\n\t\t\t\t\t<ul class=\"dslc-clearfix\">\r\n\r\n\t\t\t\t\t\t\t\t\t\t\t\t\t<li>8 de setembro de 2022<\/li>\r\n\t\t\t\t\t\t\r\n\t\t\t\t\t\t\r\n\t\t\t\t\t\t\r\n\t\t\t\t\t\t\r\n\t\t\t\t\t\t\r\n\t\t\t\t\t<\/ul>\r\n\t\t\t\t<\/div>\r\n\r\n\t\t\t\n\t\t\t\t<\/div><!-- .dslc-module -->\n\t\t<\/div><\/div><\/div>\n\t\t<div  class=\"dslc-modules-section \" style=\"padding-bottom:30px;padding-top:30px;background-color:rgba(230, 230, 230, 0);border-color:rgb(230, 230, 230);border-top-style: hidden; border-right-style: hidden; border-bottom-style: hidden; border-left-style: hidden; \" data-section-id=\"2b557989cda\">\n\t\t\t\t\n\t\t\t\t\n\t\t\t\t<div class=\"dslc-modules-section-wrapper dslc-clearfix\"><div class=\"dslc-modules-area dslc-col dslc-1-col dslc-first-col dslc-valign-undefined \" data-size=\"1\" data-valign=\"undefined\"><\/div><div class=\"dslc-modules-area dslc-col dslc-10-col  dslc-valign- \" data-size=\"10\" data-valign=\"\">\n\t\t<div id=\"dslc-module-a7d04abcf7f\" class=\"dslc-module-front dslc-module-DSLC_TP_Thumbnail dslc-in-viewport-check dslc-in-viewport-anim-none  dslc-col dslc-12-col dslc-last-col  dslc-module-handle-like-regular \" data-module-id=\"a7d04abcf7f\" data-module=\"DSLC_TP_Thumbnail\" data-dslc-module-size=\"12\" data-dslc-anim=\"none\" data-dslc-anim-delay=\"\" data-dslc-anim-duration=\"650\"  data-dslc-anim-easing=\"ease\" data-dslc-preset=\"none\" >\n\n\t\t\t\n\t\t\t\n\t\t\r\n\t\t\t<div class=\"dslc-tp-thumbnail\">\r\n\t\t\t\t\t\t\t\t\t\t\t\t\t\t\t<img width=\"1024\" height=\"1024\" src=\"https:\/\/www.coopatrigo.com.br\/novo\/wp-content\/uploads\/2022\/09\/2136d91c-e561-4a89-a42c-69d6d934fb4a.jpg\" class=\"attachment-full size-full wp-post-image\" alt=\"\" title=\"2136d91c-e561-4a89-a42c-69d6d934fb4a\" srcset=\"https:\/\/www.coopatrigo.com.br\/novo\/wp-content\/uploads\/2022\/09\/2136d91c-e561-4a89-a42c-69d6d934fb4a.jpg 1024w, https:\/\/www.coopatrigo.com.br\/novo\/wp-content\/uploads\/2022\/09\/2136d91c-e561-4a89-a42c-69d6d934fb4a-300x300.jpg 300w, https:\/\/www.coopatrigo.com.br\/novo\/wp-content\/uploads\/2022\/09\/2136d91c-e561-4a89-a42c-69d6d934fb4a-150x150.jpg 150w, https:\/\/www.coopatrigo.com.br\/novo\/wp-content\/uploads\/2022\/09\/2136d91c-e561-4a89-a42c-69d6d934fb4a-768x768.jpg 768w\" sizes=\"(max-width: 1024px) 100vw, 1024px\" \/>\t\t\t\t\t\t\t\t\t\t\t\t<\/div>\r\n\r\n\t\t\r\n\t\t\n\t\t\t\t<\/div><!-- .dslc-module -->\n\t\t\n\t\t<div id=\"dslc-module-26\" class=\"dslc-module-front dslc-module-DSLC_TP_Content dslc-in-viewport-check dslc-in-viewport-anim-none  dslc-col dslc-12-col dslc-last-col  dslc-module-handle-like-regular \" data-module-id=\"26\" data-module=\"DSLC_TP_Content\" data-dslc-module-size=\"12\" data-dslc-anim=\"none\" data-dslc-anim-delay=\"\" data-dslc-anim-duration=\"650\"  data-dslc-anim-easing=\"ease\" data-dslc-preset=\"none\" >\n\n\t\t\t\n\t\t\t\n\t\t<div class=\"dslc-tp-content\"><div id=\"dslc-theme-content\"><div id=\"dslc-theme-content-inner\"><p>Faltam poucos dias para o in\u00edcio do evento que vai reunir especialistas de diversas \u00e1reas para discutir a revolu\u00e7\u00e3o tecnol\u00f3gica que est\u00e1 transformando a rotina de propriedades rurais. Al\u00e9m de uma tend\u00eancia, a inova\u00e7\u00e3o que chega ao campo \u00e9 mais uma ferramenta de gest\u00e3o que leva agilidade e resultados para o produtor rural. As perspectivas do agro para os pr\u00f3ximos anos ser\u00e3o debatidas na 2\u00aa edi\u00e7\u00e3o da Jornada T\u00e9cnica RTC, em Gramado (RS). O evento ocorrer\u00e1 de 14 a 16 de setembro no Wish Serrano Resort, com renomados palestrantes nas \u00e1reas de mercado agr\u00edcola nacional e internacional, inova\u00e7\u00e3o, gest\u00e3o e clima. As inscri\u00e7\u00f5es devem ser feitas pelo site <a href=\"https:\/\/rtc.coop.br\/inscricao\">https:\/\/rtc.coop.br\/inscricao<\/a>.<\/p>\n<p>Com realiza\u00e7\u00e3o da CCGL, a Jornada T\u00e9cnica RTC antecipa as tend\u00eancias do agroneg\u00f3cio para os pr\u00f3ximos anos, oferecendo \u00e0s cooperativas uma oportunidade \u00fanica de conhecimento e troca de experi\u00eancias dentro do sistema cooperativo ga\u00facho e brasileiro.<\/p>\n<p>Palestrantes renomados nas \u00e1reas de solos, agroclimatologia, biotecnologia, produ\u00e7\u00e3o animal, inova\u00e7\u00e3o e mercado agr\u00edcola estar\u00e3o apresentando um panorama do agro para os pr\u00f3ximos anos, com o objetivo de oferecer \u00e0s cooperativas um momento \u00fanico, de elevada troca de conhecimento, demonstrando a for\u00e7a do sistema cooperativo. \u201cA geopol\u00edtica, a economia e o comportamento s\u00e3o outros nesse p\u00f3s-pandemia. Com o agro n\u00e3o foi diferente, por isso o nosso foco em debater a necessidade de se produzir mais e melhor, com seguran\u00e7a alimentar e sustentabilidade\u201d, destaca o diretor-presidente da CCGL, Caio Vianna.<\/p>\n<p>Para o coordenador de pesquisa da Rede T\u00e9cnica Cooperativa (RTC), Geomar Corassa, as transforma\u00e7\u00f5es pelas quais v\u00eam passando o agroneg\u00f3cio exigem conhecimento ao produtor para que ele possa fazer uma transi\u00e7\u00e3o tecnol\u00f3gica sem sobressaltos, ao mesmo tempo em que garante o fornecimento de produtos que atendam \u00e0s demandas do mercado. \u201cA Jornada RTC prop\u00f5e esse debate ao explorar uma s\u00e9rie de tem\u00e1ticas de grande relev\u00e2ncia neste momento\u201d, pontua.<\/p>\n<p>Entre os palestrantes confirmados est\u00e3o o analista de mercado Alexandre Mendon\u00e7a de Barros, engenheiro agr\u00f4nomo e Doutor em Economia, especialista em cen\u00e1rios para a produ\u00e7\u00e3o agr\u00edcola brasileira. Outro destaque da programa\u00e7\u00e3o \u00e9 Arthur Igreja, co-criador da plataforma AAA com Ricardo Amorim e autor do best-seller sobre inova\u00e7\u00e3o \u2018Conveni\u00eancia \u00e9 o nome do Neg\u00f3cio\u2019, que ter\u00e1 sua abordagem focada no profissional do futuro. Com viv\u00eancia no mercado que mais cresce no mundo, Larissa Wachholz \u00e9 outra palestrante confirmada. Ela falar\u00e1 sobre as estrat\u00e9gias que o Brasil precisa adotar para conquistar o potente mercado consumidor da \u00c1sia, em especial, o chin\u00eas.<\/p>\n<p>A 2\u00ba Jornada T\u00e9cnica \u00e9 uma realiza\u00e7\u00e3o da CCGL e conta com o patroc\u00ednio dos terminais Termasa\/Tergrasa e com o apoio da Federa\u00e7\u00e3o das Cooperativas Agropecu\u00e1rias do RS (Fecoagro) e do Sistema Ocergs-Sescoop\/RS.<\/p>\n<p><strong>Quem \u00e9 a RTC<\/strong><\/p>\n<p>A Rede T\u00e9cnica das Cooperativas (RTC) foi criada em 2018 congregando as \u00e1reas t\u00e9cnicas de pesquisa e mercado de 30 cooperativas agropecu\u00e1rias ga\u00fachas. Seu foco \u00e9 criar um corpo de pesquisa integrado que d\u00ea suporte \u00e0s cooperativas, otimizando custos e a aplicabilidade dos estudos desenvolvidos e permitindo a troca de ideias e compartilhamento de informa\u00e7\u00f5es.<\/p>\n<p>&nbsp;<\/p>\n<p><strong>Confira a programa\u00e7\u00e3o completa: <\/strong><br \/>\n<strong>14 de setembro <\/strong><\/p>\n<p><strong>18h \u2013 Recep\u00e7\u00e3o<\/strong><\/p>\n<p><strong>19h \u2013 Abertura oficial <\/strong><br \/>\n<strong>19h45min \u2013 Palestra de abertura \u2013 O Brasil frente ao cen\u00e1rio econ\u00f4mico global e de produ\u00e7\u00e3o de alimentos <\/strong><\/p>\n<p>Alexandre Mendon\u00e7a<\/p>\n<p>&nbsp;<\/p>\n<p><strong>15 de setembro<\/strong><br \/>\n<strong>8h \u2013 Demanda alimentar e sustentabilidade: O que esperar para as pr\u00f3ximas d\u00e9cadas?<\/strong><br \/>\nQuem s\u00e3o e o que desejam os consumidores do futuro?<br \/>\nPedro Fernandes e Sergio Canova<br \/>\nMcKinsey &amp; Company<br \/>\nSustentabilidade e mercado de carbono: desafios e oportunidades para o Agro<br \/>\nEduardo Bastos (My Carbon\/Minerva Foods)<br \/>\nModerador: M\u00e1rio de Conto<br \/>\n<strong>9h50min \u2013 Coffe break <\/strong><br \/>\n<strong>10h20min &#8211; Clima, manejo e gest\u00e3o na agricultura<\/strong><br \/>\nA propriedade do futuro: A gest\u00e3o Lean na fazenda<br \/>\nSandro Viechnieski (Agro+Lean)<br \/>\nRisco clim\u00e1tico na agricultura: Como mitigar?<br \/>\nRafael Battisti (UFG)<br \/>\nModerador: Luiz Keplin<br \/>\nDebate<br \/>\n<strong>12h \u2013 Almo\u00e7o <\/strong><br \/>\n<strong>13h30min &#8211; Produtores e sistemas de produ\u00e7\u00e3o: Aprendendo com os campe\u00f5es<\/strong><br \/>\nProdutores campe\u00f5es de produtividade: Como eles chegaram l\u00e1?<br \/>\nValdir Jacoby, Paulo Bonato e Laercio DallaVecchia<br \/>\nModerador: Giovani Stefani Fa\u00e9<br \/>\nPremia\u00e7\u00f5es Top Farmers RTC<br \/>\n<strong>15h45min \u2013 Coffe break <\/strong><br \/>\n<strong>16h15min &#8211; Transforma\u00e7\u00e3o digital na agricultura<\/strong><br \/>\nA mente do produtor rural e a ado\u00e7\u00e3o de tecnologias na era digital<br \/>\nJoana Colussi (University of Illinois)<br \/>\nO perfil do profissional\/assistente t\u00e9cnico e das organiza\u00e7\u00f5es do futuro: Mude ou desapare\u00e7a! Arthur Igreja (AAA Inova\u00e7\u00e3o)<\/p>\n<p>Moderadora: Cristina Orsolin Klingenberg \u2013 Unisinos<\/p>\n<p>&nbsp;<\/p>\n<p><strong>16 de setembro <\/strong><\/p>\n<p><strong>8h &#8211; \u00a0Governan\u00e7a nas organiza\u00e7\u00f5es e no sistema cooperativo do futuro<\/strong><br \/>\nTransforma\u00e7\u00f5es organizacionais e os modelos de neg\u00f3cio do futuro<br \/>\nAndr\u00e9 Souza (Futuro S\/A)<br \/>\nUma vis\u00e3o sobre as cooperativas do futuro<br \/>\nMateus Marino (Coopercitrus)<br \/>\nModera\u00e7\u00e3o: Marcio Lopes (OCB)<br \/>\n<strong>10h &#8211; Coffee break<\/strong><br \/>\n<strong>10h30min &#8211; \u00a0O futuro do consumo de alimentos em pa\u00edses asi\u00e1ticos a as novas oportunidades para o Agro<\/strong><br \/>\nLarrisa Wachholz (Vallya Agro)<br \/>\nModera\u00e7\u00e3o: T\u00e2nia Regina Zanella (OCB)<\/p>\n<p><strong>12h \u2013 Encerramento<\/strong><\/p>\n<p>Jardine Ag\u00eancia de Comunica\u00e7\u00e3o<\/p>\n<\/div><\/div><\/div>\n\t\t\t\t<\/div><!-- .dslc-module -->\n\t\t<\/div><\/div><\/div><\/div><input type=\"hidden\" id=\"dslca-post-data-thumb\" value=\"https:\/\/www.coopatrigo.com.br\/novo\/wp-content\/uploads\/2022\/09\/2136d91c-e561-4a89-a42c-69d6d934fb4a.jpg\" \/>","protected":false},"excerpt":{"rendered":"<p>2\u00aa Jornada T\u00e9cnica RTC ser\u00e1 de 14 a 16 de setembro em Gramado (RS) 8 de setembro de 2022 Faltam poucos dias para o in\u00edcio do evento que vai reunir especialistas de diversas \u00e1reas para discutir a revolu\u00e7\u00e3o tecnol\u00f3gica que est\u00e1 transformando a rotina de propriedades rurais. Al\u00e9m de uma tend\u00eancia, a inova\u00e7\u00e3o que chega [&hellip;]<\/p>\n","protected":false},"author":5,"featured_media":33328,"comment_status":"open","ping_status":"open","sticky":false,"template":"","format":"standard","meta":{"_acf_changed":false,"footnotes":""},"categories":[1],"tags":[],"class_list":["post-33327","post","type-post","status-publish","format-standard","has-post-thumbnail","hentry","category-noticias"],"acf":[],"_links":{"self":[{"href":"https:\/\/www.coopatrigo.com.br\/novo\/wp-json\/wp\/v2\/posts\/33327","targetHints":{"allow":["GET"]}}],"collection":[{"href":"https:\/\/www.coopatrigo.com.br\/novo\/wp-json\/wp\/v2\/posts"}],"about":[{"href":"https:\/\/www.coopatrigo.com.br\/novo\/wp-json\/wp\/v2\/types\/post"}],"author":[{"embeddable":true,"href":"https:\/\/www.coopatrigo.com.br\/novo\/wp-json\/wp\/v2\/users\/5"}],"replies":[{"embeddable":true,"href":"https:\/\/www.coopatrigo.com.br\/novo\/wp-json\/wp\/v2\/comments?post=33327"}],"version-history":[{"count":0,"href":"https:\/\/www.coopatrigo.com.br\/novo\/wp-json\/wp\/v2\/posts\/33327\/revisions"}],"wp:featuredmedia":[{"embeddable":true,"href":"https:\/\/www.coopatrigo.com.br\/novo\/wp-json\/wp\/v2\/media\/33328"}],"wp:attachment":[{"href":"https:\/\/www.coopatrigo.com.br\/novo\/wp-json\/wp\/v2\/media?parent=33327"}],"wp:term":[{"taxonomy":"category","embeddable":true,"href":"https:\/\/www.coopatrigo.com.br\/novo\/wp-json\/wp\/v2\/categories?post=33327"},{"taxonomy":"post_tag","embeddable":true,"href":"https:\/\/www.coopatrigo.com.br\/novo\/wp-json\/wp\/v2\/tags?post=33327"}],"curies":[{"name":"wp","href":"https:\/\/api.w.org\/{rel}","templated":true}]}}