{"id":33415,"date":"2022-09-15T11:42:20","date_gmt":"2022-09-15T14:42:20","guid":{"rendered":"https:\/\/www.coopatrigo.com.br\/novo\/?p=33415"},"modified":"2022-09-15T11:42:20","modified_gmt":"2022-09-15T14:42:20","slug":"cooperativas-gauchas-realizam-jornada-tecnica-em-gramado","status":"publish","type":"post","link":"https:\/\/www.coopatrigo.com.br\/novo\/2022\/09\/15\/cooperativas-gauchas-realizam-jornada-tecnica-em-gramado\/","title":{"rendered":"Cooperativas Ga\u00fachas realizam Jornada T\u00e9cnica em Gramado"},"content":{"rendered":"<div id=\"dslc-main\">\n\t\t<div  class=\"dslc-modules-section \" style=\"padding-bottom:30px;padding-top:30px;background-color:#16452c;background-image:url(https:\/\/www.coopatrigo.com.br\/novo\/wp-content\/uploads\/2021\/02\/bg.png);background-position:center center;\" data-section-id=\"74a23622ed4\">\n\t\t\t\t\n\t\t\t\t\n\t\t\t\t<div class=\"dslc-modules-section-wrapper dslc-clearfix\"><div class=\"dslc-modules-area dslc-col dslc-12-col dslc-last-col dslc-valign- \" data-size=\"12\" data-valign=\"\">\n\t\t<div id=\"dslc-module-24\" class=\"dslc-module-front dslc-module-DSLC_TP_Title dslc-in-viewport-check dslc-in-viewport-anim-none  dslc-col dslc-12-col dslc-last-col  dslc-module-handle-like-regular \" data-module-id=\"24\" data-module=\"DSLC_TP_Title\" data-dslc-module-size=\"12\" data-dslc-anim=\"none\" data-dslc-anim-delay=\"\" data-dslc-anim-duration=\"650\"  data-dslc-anim-easing=\"ease\" data-dslc-preset=\"none\" >\n\n\t\t\t\n\t\t\t\n\t\t\r\n\t\t\t\t<div class=\"dslc-tp-title\"><h1>Cooperativas Ga\u00fachas realizam Jornada T\u00e9cnica em Gramado<\/h1><\/div>\r\n\r\n\t\t\t\n\t\t\t\t<\/div><!-- .dslc-module -->\n\t\t\n\t\t<div id=\"dslc-module-25\" class=\"dslc-module-front dslc-module-DSLC_TP_Meta dslc-in-viewport-check dslc-in-viewport-anim-none  dslc-col dslc-12-col dslc-last-col  dslc-module-handle-like-regular \" data-module-id=\"25\" data-module=\"DSLC_TP_Meta\" data-dslc-module-size=\"12\" data-dslc-anim=\"none\" data-dslc-anim-delay=\"\" data-dslc-anim-duration=\"650\"  data-dslc-anim-easing=\"ease\" data-dslc-preset=\"none\" >\n\n\t\t\t\n\t\t\t\n\t\t\r\n\t\t\t\t<div class=\"dslc-tp-meta dslc-tp-meta-horizontal\">\r\n\t\t\t\t\t<ul class=\"dslc-clearfix\">\r\n\r\n\t\t\t\t\t\t\t\t\t\t\t\t\t<li>15 de setembro de 2022<\/li>\r\n\t\t\t\t\t\t\r\n\t\t\t\t\t\t\r\n\t\t\t\t\t\t\r\n\t\t\t\t\t\t\r\n\t\t\t\t\t\t\r\n\t\t\t\t\t<\/ul>\r\n\t\t\t\t<\/div>\r\n\r\n\t\t\t\n\t\t\t\t<\/div><!-- .dslc-module -->\n\t\t<\/div><\/div><\/div>\n\t\t<div  class=\"dslc-modules-section \" style=\"padding-bottom:30px;padding-top:30px;background-color:rgba(230, 230, 230, 0);border-color:rgb(230, 230, 230);border-top-style: hidden; border-right-style: hidden; border-bottom-style: hidden; border-left-style: hidden; \" data-section-id=\"2b557989cda\">\n\t\t\t\t\n\t\t\t\t\n\t\t\t\t<div class=\"dslc-modules-section-wrapper dslc-clearfix\"><div class=\"dslc-modules-area dslc-col dslc-1-col dslc-first-col dslc-valign-undefined \" data-size=\"1\" data-valign=\"undefined\"><\/div><div class=\"dslc-modules-area dslc-col dslc-10-col  dslc-valign- \" data-size=\"10\" data-valign=\"\">\n\t\t<div id=\"dslc-module-a7d04abcf7f\" class=\"dslc-module-front dslc-module-DSLC_TP_Thumbnail dslc-in-viewport-check dslc-in-viewport-anim-none  dslc-col dslc-12-col dslc-last-col  dslc-module-handle-like-regular \" data-module-id=\"a7d04abcf7f\" data-module=\"DSLC_TP_Thumbnail\" data-dslc-module-size=\"12\" data-dslc-anim=\"none\" data-dslc-anim-delay=\"\" data-dslc-anim-duration=\"650\"  data-dslc-anim-easing=\"ease\" data-dslc-preset=\"none\" >\n\n\t\t\t\n\t\t\t\n\t\t\r\n\t\t\t<div class=\"dslc-tp-thumbnail\">\r\n\t\t\t\t\t\t\t\t\t\t\t\t\t\t\t<img width=\"1024\" height=\"768\" src=\"https:\/\/www.coopatrigo.com.br\/novo\/wp-content\/uploads\/2022\/09\/f14f51c9-3ddf-43ec-bd77-fbce562f674f.jpg\" class=\"attachment-full size-full wp-post-image\" alt=\"\" title=\"f14f51c9-3ddf-43ec-bd77-fbce562f674f\" srcset=\"https:\/\/www.coopatrigo.com.br\/novo\/wp-content\/uploads\/2022\/09\/f14f51c9-3ddf-43ec-bd77-fbce562f674f.jpg 1024w, https:\/\/www.coopatrigo.com.br\/novo\/wp-content\/uploads\/2022\/09\/f14f51c9-3ddf-43ec-bd77-fbce562f674f-300x225.jpg 300w, https:\/\/www.coopatrigo.com.br\/novo\/wp-content\/uploads\/2022\/09\/f14f51c9-3ddf-43ec-bd77-fbce562f674f-768x576.jpg 768w\" sizes=\"(max-width: 1024px) 100vw, 1024px\" \/>\t\t\t\t\t\t\t\t\t\t\t\t<\/div>\r\n\r\n\t\t\r\n\t\t\n\t\t\t\t<\/div><!-- .dslc-module -->\n\t\t\n\t\t<div id=\"dslc-module-26\" class=\"dslc-module-front dslc-module-DSLC_TP_Content dslc-in-viewport-check dslc-in-viewport-anim-none  dslc-col dslc-12-col dslc-last-col  dslc-module-handle-like-regular \" data-module-id=\"26\" data-module=\"DSLC_TP_Content\" data-dslc-module-size=\"12\" data-dslc-anim=\"none\" data-dslc-anim-delay=\"\" data-dslc-anim-duration=\"650\"  data-dslc-anim-easing=\"ease\" data-dslc-preset=\"none\" >\n\n\t\t\t\n\t\t\t\n\t\t<div class=\"dslc-tp-content\"><div id=\"dslc-theme-content\"><div id=\"dslc-theme-content-inner\"><p>Iniciou ontem \u00e0 noite e se estende at\u00e9 a sexta-feira em Gramado a 2\u00aa Jornada T\u00e9cnica RTC que envolve todas as Cooperativas Agropecu\u00e1rias do Rio Grande do Sul. O evento faz um chamamento para os participantes conectarem-se com o novo Agro, pois os avan\u00e7os est\u00e3o revolucionando e impactando o dia a dia do setor agr\u00edcola e o encontro foi planejado para fomentar a atualiza\u00e7\u00e3o profissional sobre as tend\u00eancias e novas tecnologias do mercado.<\/p>\n<p>O Presidente da Coopatrigo Paulo Pires, que tamb\u00e9m preside a Fecoagro\/RS que \u00e9 um dos apoiadores da 2\u00aa Jornada T\u00e9cnica RTC esteve participando da abertura do evento, destacando a import\u00e2ncia do mesmo para o Cooperativismo Agropecu\u00e1rio, j\u00e1 que a assist\u00eancia t\u00e9cnica de ponta \u00e9 dos pilares do atendimento das necessidades dos associados.<\/p>\n<p>A primeira atra\u00e7\u00e3o da 2\u00aa Jornada T\u00e9cnica RTC foi uma palestra com o Economista Alexandre Mendon\u00e7a de Barros, o qual destacou que o Brasil aumentou em 14 vezes o super\u00e1vit da balan\u00e7a comercial agr\u00edcola nos \u00faltimos 30 anos. Ele acrescentou ainda que o pa\u00eds passou de uma balan\u00e7a superavit\u00e1ria de US$ 7,1 bilh\u00f5es, em 1990, para US$ 81 bilh\u00f5es em 2020 e, neste ano, deve atingir a casa dos US$ 100 bilh\u00f5es. \u201cO Brasil precisa ser inteligente e abrir com\u00e9rcio com os diferentes blocos que ir\u00e3o surgir. \u00c9 necess\u00e1rio ter habilidade diplom\u00e1tica de conversar com russos, chineses e europeus e nos tornarmos relevantes para todos eles. As cooperativas precisam ter tamanho para conversar com todos esses mercados\u201d, frisou o painelista.<\/p>\n<p>Ao defender uma a\u00e7\u00e3o diplom\u00e1tica pela abertura de mercados, Mendon\u00e7a de Barros, lembrou que o Brasil j\u00e1 assumiu um papel relevante no cen\u00e1rio internacional nas \u00faltimas tr\u00eas d\u00e9cadas e que, em cerca de 30 anos, o super\u00e1vit da balan\u00e7a comercial pode chegar a US$ 200 bilh\u00f5es. \u201cPara isso, precisamos de envergadura log\u00edstica, escala competitiva e ganhar musculatura para enfrentar as oscila\u00e7\u00f5es no mercado\u201d.<\/p>\n<p>Para o economista, a tend\u00eancia \u00e9 que aumente a depend\u00eancia entre mercados, e que na\u00e7\u00f5es desenvolvidas se tornem compradoras de pa\u00edses como o Brasil como forma de garantir a soberania alimentar. \u201cPrecisamos dizer ao mundo que estamos aqui e transmitir confian\u00e7a. Nosso destino \u00e9 alimentar o mundo, independentemente de eventuais conflitos que venham se formar\u201d.<\/p>\n<p>Mendon\u00e7a de Barros ainda ressaltou que a economia mundial deve desacelerar nos pr\u00f3ximos anos, o que n\u00e3o significa impacto direto nos pre\u00e7os, uma vez que o mercado de alimentos segue demandador. Ele citou as recentes quebras nas safras dos Estados Unidos e da Europa, e lembrou que os modelos de previs\u00e3o para 2022\/23 indicam uma colheita de 149 milh\u00f5es de toneladas de soja e 126 milh\u00f5es de toneladas de milho para o Brasil, indicadores que, segundo ele, ainda n\u00e3o consideram o impacto do La Ni\u00f1a.<\/p>\n<p>Segundo o economista e analista de mercado, dentro de quatro semanas, a aten\u00e7\u00e3o do mercado internacional de gr\u00e3os deve se concentrar no Brasil tendo em vista a previs\u00e3o de ocorr\u00eancia de La Ni\u00f1a na Am\u00e9rica do Sul. Apesar de n\u00e3o acreditar em uma quebra expressiva da safra a ser colhida, o profissional projeta redu\u00e7\u00e3o em rela\u00e7\u00e3o \u00e0 estimativa inicial. \u201cO mercado segue em um quadro nervoso. Mas a import\u00e2ncia do Brasil no quadro internacional s\u00f3 cresce\u201d.<\/p>\n<p>A 2\u00aa Jornada T\u00e9cnica RC vai at\u00e9 sexta-feira (16\/9) e reunir\u00e1 palestrantes com atua\u00e7\u00e3o no agroneg\u00f3cio nacional e internacional em Gramado (RS). O evento \u00e9 uma realiza\u00e7\u00e3o da CCGL e conta com o patroc\u00ednio do terminal Termasa e com o apoio da Fecoagro e do Sistema Ocergs-Sescoop\/RS.<\/p>\n<p>&nbsp;<\/p>\n<p>Conte\u00fado\/Fotos<\/p>\n<p>ASCOM RTCR \u2013 Jardine Comunica\u00e7\u00f5es<\/p>\n<p>Roberto Marques \u2013 Assessor de Comunica\u00e7\u00e3o Coopatrigo<\/p>\n<\/div><\/div><\/div>\n\t\t\t\t<\/div><!-- .dslc-module -->\n\t\t<\/div><\/div><\/div><\/div><input type=\"hidden\" id=\"dslca-post-data-thumb\" value=\"https:\/\/www.coopatrigo.com.br\/novo\/wp-content\/uploads\/2022\/09\/f14f51c9-3ddf-43ec-bd77-fbce562f674f.jpg\" \/>","protected":false},"excerpt":{"rendered":"<p>Cooperativas Ga\u00fachas realizam Jornada T\u00e9cnica em Gramado 15 de setembro de 2022 Iniciou ontem \u00e0 noite e se estende at\u00e9 a sexta-feira em Gramado a 2\u00aa Jornada T\u00e9cnica RTC que envolve todas as Cooperativas Agropecu\u00e1rias do Rio Grande do Sul. O evento faz um chamamento para os participantes conectarem-se com o novo Agro, pois os [&hellip;]<\/p>\n","protected":false},"author":5,"featured_media":33416,"comment_status":"open","ping_status":"open","sticky":false,"template":"","format":"standard","meta":{"_acf_changed":false,"footnotes":""},"categories":[1],"tags":[],"class_list":["post-33415","post","type-post","status-publish","format-standard","has-post-thumbnail","hentry","category-noticias"],"acf":[],"_links":{"self":[{"href":"https:\/\/www.coopatrigo.com.br\/novo\/wp-json\/wp\/v2\/posts\/33415","targetHints":{"allow":["GET"]}}],"collection":[{"href":"https:\/\/www.coopatrigo.com.br\/novo\/wp-json\/wp\/v2\/posts"}],"about":[{"href":"https:\/\/www.coopatrigo.com.br\/novo\/wp-json\/wp\/v2\/types\/post"}],"author":[{"embeddable":true,"href":"https:\/\/www.coopatrigo.com.br\/novo\/wp-json\/wp\/v2\/users\/5"}],"replies":[{"embeddable":true,"href":"https:\/\/www.coopatrigo.com.br\/novo\/wp-json\/wp\/v2\/comments?post=33415"}],"version-history":[{"count":0,"href":"https:\/\/www.coopatrigo.com.br\/novo\/wp-json\/wp\/v2\/posts\/33415\/revisions"}],"wp:featuredmedia":[{"embeddable":true,"href":"https:\/\/www.coopatrigo.com.br\/novo\/wp-json\/wp\/v2\/media\/33416"}],"wp:attachment":[{"href":"https:\/\/www.coopatrigo.com.br\/novo\/wp-json\/wp\/v2\/media?parent=33415"}],"wp:term":[{"taxonomy":"category","embeddable":true,"href":"https:\/\/www.coopatrigo.com.br\/novo\/wp-json\/wp\/v2\/categories?post=33415"},{"taxonomy":"post_tag","embeddable":true,"href":"https:\/\/www.coopatrigo.com.br\/novo\/wp-json\/wp\/v2\/tags?post=33415"}],"curies":[{"name":"wp","href":"https:\/\/api.w.org\/{rel}","templated":true}]}}