{"id":34022,"date":"2022-10-19T09:33:25","date_gmt":"2022-10-19T12:33:25","guid":{"rendered":"https:\/\/www.coopatrigo.com.br\/novo\/?p=34022"},"modified":"2022-10-19T11:09:55","modified_gmt":"2022-10-19T14:09:55","slug":"conselheiro-da-coopatrigo-participa-do-projeto-academia-de-jovens-lideres-do-agro","status":"publish","type":"post","link":"https:\/\/www.coopatrigo.com.br\/novo\/2022\/10\/19\/conselheiro-da-coopatrigo-participa-do-projeto-academia-de-jovens-lideres-do-agro\/","title":{"rendered":"Conselheiro da Coopatrigo participa do Projeto Academia de Jovens L\u00edderes do Agro"},"content":{"rendered":"<div id=\"dslc-theme-content\"><div id=\"dslc-theme-content-inner\"><p>O Conselheiro de Administra\u00e7\u00e3o da Coopatrigo que representa as regi\u00f5es de Roque Gonzales e Dezesseis de Novembro, Francisco Schneider Schorr esteve concluindo nesta semana a capacita\u00e7\u00e3o em um importante Projeto da Fecoagro\/RS que \u00e9 a Academia de Jovens L\u00edderes do Agro que teve a participa\u00e7\u00e3o de representantes de 18 Cooperativas Agropecu\u00e1rias do Rio Grande do Sul e contou com o apoio da multinacional Bayer.<\/p>\n<p>O objetivo da iniciativa foi o de incentivar a participa\u00e7\u00e3o dos jovens no dia a dia da propriedade rural, al\u00e9m das associa\u00e7\u00f5es e cooperativas, de forma a que este desenvolva compet\u00eancias na gest\u00e3o dos projetos e na tomada de decis\u00f5es.<\/p>\n<p>O Presidente da Coopatrigo que tamb\u00e9m preside a FecoAgro\/RS, Paulo Pires ao comentar a realiza\u00e7\u00e3o do Academia de Jovens L\u00edderes do Agro disse que desenvolver novas lideran\u00e7as torna-se hoje condi\u00e7\u00e3o essencial para a solu\u00e7\u00e3o de desafios complexos que n\u00e3o se pode mais deixar de enfrentar. \u201cA quest\u00e3o \u00e9 se estamos \u00e0 altura dos desafios atuais, onde os movimentos de transforma\u00e7\u00e3o est\u00e3o acontecendo de forma consistente ao redor do mundo. Entendemos que a colabora\u00e7\u00e3o entre empresas parceiras e cooperativas, como nesse curso, contribuir\u00e1 de forma assertiva para esse enfrentamento\u201d, concluir o dirigente.<\/p>\n<p>&nbsp;<\/p>\n<p>Roberto Marques<\/p>\n<p>Assessor de Comunica\u00e7\u00e3o Coopatrigo<\/p>\n<\/div><\/div>","protected":false},"excerpt":{"rendered":"<p>O Conselheiro de Administra\u00e7\u00e3o da Coopatrigo que representa as regi\u00f5es de Roque Gonzales e Dezesseis de Novembro, Francisco Schneider Schorr esteve concluindo nesta semana a capacita\u00e7\u00e3o em um importante Projeto da Fecoagro\/RS que \u00e9 a Academia de Jovens L\u00edderes do Agro que teve a participa\u00e7\u00e3o de representantes de 18 Cooperativas Agropecu\u00e1rias do Rio Grande do [&hellip;]<\/p>\n","protected":false},"author":5,"featured_media":34023,"comment_status":"open","ping_status":"open","sticky":false,"template":"","format":"standard","meta":{"_acf_changed":false,"footnotes":""},"categories":[1],"tags":[],"class_list":["post-34022","post","type-post","status-publish","format-standard","has-post-thumbnail","hentry","category-noticias"],"acf":[],"_links":{"self":[{"href":"https:\/\/www.coopatrigo.com.br\/novo\/wp-json\/wp\/v2\/posts\/34022","targetHints":{"allow":["GET"]}}],"collection":[{"href":"https:\/\/www.coopatrigo.com.br\/novo\/wp-json\/wp\/v2\/posts"}],"about":[{"href":"https:\/\/www.coopatrigo.com.br\/novo\/wp-json\/wp\/v2\/types\/post"}],"author":[{"embeddable":true,"href":"https:\/\/www.coopatrigo.com.br\/novo\/wp-json\/wp\/v2\/users\/5"}],"replies":[{"embeddable":true,"href":"https:\/\/www.coopatrigo.com.br\/novo\/wp-json\/wp\/v2\/comments?post=34022"}],"version-history":[{"count":0,"href":"https:\/\/www.coopatrigo.com.br\/novo\/wp-json\/wp\/v2\/posts\/34022\/revisions"}],"wp:featuredmedia":[{"embeddable":true,"href":"https:\/\/www.coopatrigo.com.br\/novo\/wp-json\/wp\/v2\/media\/34023"}],"wp:attachment":[{"href":"https:\/\/www.coopatrigo.com.br\/novo\/wp-json\/wp\/v2\/media?parent=34022"}],"wp:term":[{"taxonomy":"category","embeddable":true,"href":"https:\/\/www.coopatrigo.com.br\/novo\/wp-json\/wp\/v2\/categories?post=34022"},{"taxonomy":"post_tag","embeddable":true,"href":"https:\/\/www.coopatrigo.com.br\/novo\/wp-json\/wp\/v2\/tags?post=34022"}],"curies":[{"name":"wp","href":"https:\/\/api.w.org\/{rel}","templated":true}]}}