{"id":34117,"date":"2022-10-21T09:48:01","date_gmt":"2022-10-21T12:48:01","guid":{"rendered":"https:\/\/www.coopatrigo.com.br\/novo\/?p=34117"},"modified":"2022-10-21T09:48:01","modified_gmt":"2022-10-21T12:48:01","slug":"evento-da-coopatrigo-destaca-informacoes-otimistas-para-a-safra-de-soja-2022-2023","status":"publish","type":"post","link":"https:\/\/www.coopatrigo.com.br\/novo\/2022\/10\/21\/evento-da-coopatrigo-destaca-informacoes-otimistas-para-a-safra-de-soja-2022-2023\/","title":{"rendered":"Evento da Coopatrigo destaca informa\u00e7\u00f5es otimistas para a Safra de Soja 2022\/2023"},"content":{"rendered":"<div id=\"dslc-theme-content\"><div id=\"dslc-theme-content-inner\"><p>As informa\u00e7\u00f5es repassadas aos associados da Coopatrigo nos dois encontros realizados de planejamento da safra de soja 2022\/2023 foram bastante otimistas e visualizam uma perspectiva de uma boa safra na regi\u00e3o da Coopatrigo.<\/p>\n<p>Nos dois encontros realizados que contou com o apoio da Multinacional UPL, um na quarta-feira em Santo Ant\u00f4nio das Miss\u00f5es e outro na quinta-feira em S\u00e3o Luiz Gonzaga a Coopatrigo reuniu em torno de 600 pessoas para assistirem as palestras do Agrometeorologista da Rural Clima, Marco Ant\u00f4nio dos Santos e o Pesquisador da RTC, Tiago H\u00f6rbe.<\/p>\n<p>Marco Ant\u00f4nio dos Santos destacou que o fen\u00f4meno LaNina vem enfraquecendo e a tend\u00eancia \u00e9 de ele sumir no ver\u00e3o, mas isso n\u00e3o significa que vai chover de forma abundante. \u201cTeremos chuvas razo\u00e1veis em novembro, o que \u00e9 bom para o milho e tamb\u00e9m plantio da soja e n\u00e3o traz maiores complica\u00e7\u00f5es para a colheita do trigo\u201d, afirmou o Agrometeorologista acrescentando que o dezembro dever\u00e1 ser o m\u00eas mais complicado com poucas chuvas, mas isso \u00e9 uma situa\u00e7\u00e3o que tradicionalmente ocorre e o produtor pode se planejar para que as suas lavouras n\u00e3o estejam em est\u00e1gios cr\u00edticos neste per\u00edodo.<\/p>\n<p>Outra informa\u00e7\u00e3o destacada por Marco Ant\u00f4nio dos Santos \u00e9 sobre o Oceano Atl\u00e2ntico que dever\u00e1 estar mais aquecido e isso \u00e9 um fator positivo para a ocorr\u00eancia de chuvas na regi\u00e3o da Coopatrigo.<\/p>\n<p>O Pesquisador da Rede T\u00e9cnica Cooperativa Tiago H\u00f6rbe destacou aos associados da Coopatrigo que o produtor com um bom planejamento e posicionamento de cultivares pode fazer o enfrentamento a situa\u00e7\u00f5es adversas de clima. \u201cNossos trabalhos mostram que mesmo em anos ruins como na \u00faltima safra um posicionamento correto, respeitando as caracter\u00edsticas e o per\u00edodo do ciclo pode se obter boas produtividades na cultura da soja\u201d, afirmou o pesquisador.<\/p>\n<p>O presidente da Coopatrigo Paulo Pires disse que neste ano a Coopatrigo se organizou para fazer encontros de planejamento das principais culturas trabalhadas com os seus associados, destacando que foi assim na Canola, no Trigo, no Milho e agora na soja. \u201cEsse \u00e9 um dos trabalhos de uma Cooperativa focada no seu associado, oportunizando informa\u00e7\u00f5es importantes que v\u00e3o proporcionar um planejamento dos principais cultivos dos nossos associados\u201d, afirmou o Presidente da Coopatrigo nos dois encontros realizados nesta semana.<\/p>\n<p>Roberto Marques<\/p>\n<p>Assessor de Comunica\u00e7\u00e3o Coopatrigo<\/p>\n\n\t\t<style type=\"text\/css\">\n\t\t\t#gallery-1 {\n\t\t\t\tmargin: auto;\n\t\t\t}\n\t\t\t#gallery-1 .gallery-item {\n\t\t\t\tfloat: left;\n\t\t\t\tmargin-top: 10px;\n\t\t\t\ttext-align: center;\n\t\t\t\twidth: 33%;\n\t\t\t}\n\t\t\t#gallery-1 img {\n\t\t\t\tborder: 2px solid #cfcfcf;\n\t\t\t}\n\t\t\t#gallery-1 .gallery-caption {\n\t\t\t\tmargin-left: 0;\n\t\t\t}\n\t\t\t\/* see gallery_shortcode() in wp-includes\/media.php *\/\n\t\t<\/style>\n\t\t<div id='gallery-1' class='gallery galleryid-34117 gallery-columns-3 gallery-size-thumbnail'><dl class='gallery-item'>\n\t\t\t<dt class='gallery-icon landscape'>\n\t\t\t\t<a href='https:\/\/www.coopatrigo.com.br\/novo\/2022\/10\/21\/evento-da-coopatrigo-destaca-informacoes-otimistas-para-a-safra-de-soja-2022-2023\/img-20221021-wa0008\/'><img loading=\"lazy\" decoding=\"async\" width=\"150\" height=\"150\" src=\"https:\/\/www.coopatrigo.com.br\/novo\/wp-content\/uploads\/2022\/10\/IMG-20221021-WA0008-150x150.jpg\" class=\"attachment-thumbnail size-thumbnail\" alt=\"\" \/><\/a>\n\t\t\t<\/dt><\/dl><dl class='gallery-item'>\n\t\t\t<dt class='gallery-icon landscape'>\n\t\t\t\t<a href='https:\/\/www.coopatrigo.com.br\/novo\/2022\/10\/21\/evento-da-coopatrigo-destaca-informacoes-otimistas-para-a-safra-de-soja-2022-2023\/img-20221021-wa0011\/'><img loading=\"lazy\" decoding=\"async\" width=\"150\" height=\"150\" src=\"https:\/\/www.coopatrigo.com.br\/novo\/wp-content\/uploads\/2022\/10\/IMG-20221021-WA0011-150x150.jpg\" class=\"attachment-thumbnail size-thumbnail\" alt=\"\" \/><\/a>\n\t\t\t<\/dt><\/dl><dl class='gallery-item'>\n\t\t\t<dt class='gallery-icon landscape'>\n\t\t\t\t<a href='https:\/\/www.coopatrigo.com.br\/novo\/2022\/10\/21\/evento-da-coopatrigo-destaca-informacoes-otimistas-para-a-safra-de-soja-2022-2023\/20221020_205141\/'><img loading=\"lazy\" decoding=\"async\" width=\"150\" height=\"150\" src=\"https:\/\/www.coopatrigo.com.br\/novo\/wp-content\/uploads\/2022\/10\/20221020_205141-150x150.jpg\" class=\"attachment-thumbnail size-thumbnail\" alt=\"\" \/><\/a>\n\t\t\t<\/dt><\/dl><br style=\"clear: both\" \/><dl class='gallery-item'>\n\t\t\t<dt class='gallery-icon landscape'>\n\t\t\t\t<a href='https:\/\/www.coopatrigo.com.br\/novo\/2022\/10\/21\/evento-da-coopatrigo-destaca-informacoes-otimistas-para-a-safra-de-soja-2022-2023\/20221020_195812\/'><img loading=\"lazy\" decoding=\"async\" width=\"150\" height=\"150\" src=\"https:\/\/www.coopatrigo.com.br\/novo\/wp-content\/uploads\/2022\/10\/20221020_195812-150x150.jpg\" class=\"attachment-thumbnail size-thumbnail\" alt=\"\" \/><\/a>\n\t\t\t<\/dt><\/dl><dl class='gallery-item'>\n\t\t\t<dt class='gallery-icon landscape'>\n\t\t\t\t<a href='https:\/\/www.coopatrigo.com.br\/novo\/2022\/10\/21\/evento-da-coopatrigo-destaca-informacoes-otimistas-para-a-safra-de-soja-2022-2023\/20221020_205513\/'><img loading=\"lazy\" decoding=\"async\" width=\"150\" height=\"150\" src=\"https:\/\/www.coopatrigo.com.br\/novo\/wp-content\/uploads\/2022\/10\/20221020_205513-150x150.jpg\" class=\"attachment-thumbnail size-thumbnail\" alt=\"\" \/><\/a>\n\t\t\t<\/dt><\/dl><dl class='gallery-item'>\n\t\t\t<dt class='gallery-icon landscape'>\n\t\t\t\t<a href='https:\/\/www.coopatrigo.com.br\/novo\/2022\/10\/21\/evento-da-coopatrigo-destaca-informacoes-otimistas-para-a-safra-de-soja-2022-2023\/ee74d6ee-ea33-4f81-8ce1-700a67b16a8a\/'><img loading=\"lazy\" decoding=\"async\" width=\"150\" height=\"150\" src=\"https:\/\/www.coopatrigo.com.br\/novo\/wp-content\/uploads\/2022\/10\/ee74d6ee-ea33-4f81-8ce1-700a67b16a8a-150x150.jpg\" class=\"attachment-thumbnail size-thumbnail\" alt=\"\" \/><\/a>\n\t\t\t<\/dt><\/dl><br style=\"clear: both\" \/>\n\t\t<\/div>\n\n<\/div><\/div>","protected":false},"excerpt":{"rendered":"<p>As informa\u00e7\u00f5es repassadas aos associados da Coopatrigo nos dois encontros realizados de planejamento da safra de soja 2022\/2023 foram bastante otimistas e visualizam uma perspectiva de uma boa safra na regi\u00e3o da Coopatrigo. Nos dois encontros realizados que contou com o apoio da Multinacional UPL, um na quarta-feira em Santo Ant\u00f4nio das Miss\u00f5es e outro [&hellip;]<\/p>\n","protected":false},"author":5,"featured_media":34118,"comment_status":"open","ping_status":"open","sticky":false,"template":"","format":"standard","meta":{"_acf_changed":false,"footnotes":""},"categories":[1],"tags":[],"class_list":["post-34117","post","type-post","status-publish","format-standard","has-post-thumbnail","hentry","category-noticias"],"acf":[],"_links":{"self":[{"href":"https:\/\/www.coopatrigo.com.br\/novo\/wp-json\/wp\/v2\/posts\/34117","targetHints":{"allow":["GET"]}}],"collection":[{"href":"https:\/\/www.coopatrigo.com.br\/novo\/wp-json\/wp\/v2\/posts"}],"about":[{"href":"https:\/\/www.coopatrigo.com.br\/novo\/wp-json\/wp\/v2\/types\/post"}],"author":[{"embeddable":true,"href":"https:\/\/www.coopatrigo.com.br\/novo\/wp-json\/wp\/v2\/users\/5"}],"replies":[{"embeddable":true,"href":"https:\/\/www.coopatrigo.com.br\/novo\/wp-json\/wp\/v2\/comments?post=34117"}],"version-history":[{"count":0,"href":"https:\/\/www.coopatrigo.com.br\/novo\/wp-json\/wp\/v2\/posts\/34117\/revisions"}],"wp:featuredmedia":[{"embeddable":true,"href":"https:\/\/www.coopatrigo.com.br\/novo\/wp-json\/wp\/v2\/media\/34118"}],"wp:attachment":[{"href":"https:\/\/www.coopatrigo.com.br\/novo\/wp-json\/wp\/v2\/media?parent=34117"}],"wp:term":[{"taxonomy":"category","embeddable":true,"href":"https:\/\/www.coopatrigo.com.br\/novo\/wp-json\/wp\/v2\/categories?post=34117"},{"taxonomy":"post_tag","embeddable":true,"href":"https:\/\/www.coopatrigo.com.br\/novo\/wp-json\/wp\/v2\/tags?post=34117"}],"curies":[{"name":"wp","href":"https:\/\/api.w.org\/{rel}","templated":true}]}}