{"id":34570,"date":"2022-11-08T10:55:45","date_gmt":"2022-11-08T13:55:45","guid":{"rendered":"https:\/\/www.coopatrigo.com.br\/novo\/?p=34570"},"modified":"2022-11-08T10:55:45","modified_gmt":"2022-11-08T13:55:45","slug":"coopatrigo-e-adama-instalam-12-estacoes-meteorologicas-na-regiao","status":"publish","type":"post","link":"https:\/\/www.coopatrigo.com.br\/novo\/2022\/11\/08\/coopatrigo-e-adama-instalam-12-estacoes-meteorologicas-na-regiao\/","title":{"rendered":"Coopatrigo e Adama instalam 12 Esta\u00e7\u00f5es Meteorol\u00f3gicas na regi\u00e3o"},"content":{"rendered":"<div id=\"dslc-main\">\n\t\t<div  class=\"dslc-modules-section \" style=\"padding-bottom:30px;padding-top:30px;background-color:#16452c;background-image:url(https:\/\/www.coopatrigo.com.br\/novo\/wp-content\/uploads\/2021\/02\/bg.png);background-position:center center;\" data-section-id=\"74a23622ed4\">\n\t\t\t\t\n\t\t\t\t\n\t\t\t\t<div class=\"dslc-modules-section-wrapper dslc-clearfix\"><div class=\"dslc-modules-area dslc-col dslc-12-col dslc-last-col dslc-valign- \" data-size=\"12\" data-valign=\"\">\n\t\t<div id=\"dslc-module-24\" class=\"dslc-module-front dslc-module-DSLC_TP_Title dslc-in-viewport-check dslc-in-viewport-anim-none  dslc-col dslc-12-col dslc-last-col  dslc-module-handle-like-regular \" data-module-id=\"24\" data-module=\"DSLC_TP_Title\" data-dslc-module-size=\"12\" data-dslc-anim=\"none\" data-dslc-anim-delay=\"\" data-dslc-anim-duration=\"650\"  data-dslc-anim-easing=\"ease\" data-dslc-preset=\"none\" >\n\n\t\t\t\n\t\t\t\n\t\t\r\n\t\t\t\t<div class=\"dslc-tp-title\"><h1>Coopatrigo e Adama instalam 12 Esta\u00e7\u00f5es Meteorol\u00f3gicas na regi\u00e3o<\/h1><\/div>\r\n\r\n\t\t\t\n\t\t\t\t<\/div><!-- .dslc-module -->\n\t\t\n\t\t<div id=\"dslc-module-25\" class=\"dslc-module-front dslc-module-DSLC_TP_Meta dslc-in-viewport-check dslc-in-viewport-anim-none  dslc-col dslc-12-col dslc-last-col  dslc-module-handle-like-regular \" data-module-id=\"25\" data-module=\"DSLC_TP_Meta\" data-dslc-module-size=\"12\" data-dslc-anim=\"none\" data-dslc-anim-delay=\"\" data-dslc-anim-duration=\"650\"  data-dslc-anim-easing=\"ease\" data-dslc-preset=\"none\" >\n\n\t\t\t\n\t\t\t\n\t\t\r\n\t\t\t\t<div class=\"dslc-tp-meta dslc-tp-meta-horizontal\">\r\n\t\t\t\t\t<ul class=\"dslc-clearfix\">\r\n\r\n\t\t\t\t\t\t\t\t\t\t\t\t\t<li>8 de novembro de 2022<\/li>\r\n\t\t\t\t\t\t\r\n\t\t\t\t\t\t\r\n\t\t\t\t\t\t\r\n\t\t\t\t\t\t\r\n\t\t\t\t\t\t\r\n\t\t\t\t\t<\/ul>\r\n\t\t\t\t<\/div>\r\n\r\n\t\t\t\n\t\t\t\t<\/div><!-- .dslc-module -->\n\t\t<\/div><\/div><\/div>\n\t\t<div  class=\"dslc-modules-section \" style=\"padding-bottom:30px;padding-top:30px;background-color:rgba(230, 230, 230, 0);border-color:rgb(230, 230, 230);border-top-style: hidden; border-right-style: hidden; border-bottom-style: hidden; border-left-style: hidden; \" data-section-id=\"2b557989cda\">\n\t\t\t\t\n\t\t\t\t\n\t\t\t\t<div class=\"dslc-modules-section-wrapper dslc-clearfix\"><div class=\"dslc-modules-area dslc-col dslc-1-col dslc-first-col dslc-valign-undefined \" data-size=\"1\" data-valign=\"undefined\"><\/div><div class=\"dslc-modules-area dslc-col dslc-10-col  dslc-valign- \" data-size=\"10\" data-valign=\"\">\n\t\t<div id=\"dslc-module-a7d04abcf7f\" class=\"dslc-module-front dslc-module-DSLC_TP_Thumbnail dslc-in-viewport-check dslc-in-viewport-anim-none  dslc-col dslc-12-col dslc-last-col  dslc-module-handle-like-regular \" data-module-id=\"a7d04abcf7f\" data-module=\"DSLC_TP_Thumbnail\" data-dslc-module-size=\"12\" data-dslc-anim=\"none\" data-dslc-anim-delay=\"\" data-dslc-anim-duration=\"650\"  data-dslc-anim-easing=\"ease\" data-dslc-preset=\"none\" >\n\n\t\t\t\n\t\t\t\n\t\t\r\n\t\t\t<div class=\"dslc-tp-thumbnail\">\r\n\t\t\t\t\t\t\t\t\t\t\t\t\t\t\t<img width=\"1280\" height=\"622\" src=\"https:\/\/www.coopatrigo.com.br\/novo\/wp-content\/uploads\/2022\/11\/thumbnail_20220511_165210.jpg\" class=\"attachment-full size-full wp-post-image\" alt=\"\" title=\"thumbnail_20220511_165210\" srcset=\"https:\/\/www.coopatrigo.com.br\/novo\/wp-content\/uploads\/2022\/11\/thumbnail_20220511_165210.jpg 1280w, https:\/\/www.coopatrigo.com.br\/novo\/wp-content\/uploads\/2022\/11\/thumbnail_20220511_165210-300x146.jpg 300w, https:\/\/www.coopatrigo.com.br\/novo\/wp-content\/uploads\/2022\/11\/thumbnail_20220511_165210-1024x498.jpg 1024w, https:\/\/www.coopatrigo.com.br\/novo\/wp-content\/uploads\/2022\/11\/thumbnail_20220511_165210-768x373.jpg 768w\" sizes=\"(max-width: 1280px) 100vw, 1280px\" \/>\t\t\t\t\t\t\t\t\t\t\t\t<\/div>\r\n\r\n\t\t\r\n\t\t\n\t\t\t\t<\/div><!-- .dslc-module -->\n\t\t\n\t\t<div id=\"dslc-module-26\" class=\"dslc-module-front dslc-module-DSLC_TP_Content dslc-in-viewport-check dslc-in-viewport-anim-none  dslc-col dslc-12-col dslc-last-col  dslc-module-handle-like-regular \" data-module-id=\"26\" data-module=\"DSLC_TP_Content\" data-dslc-module-size=\"12\" data-dslc-anim=\"none\" data-dslc-anim-delay=\"\" data-dslc-anim-duration=\"650\"  data-dslc-anim-easing=\"ease\" data-dslc-preset=\"none\" >\n\n\t\t\t\n\t\t\t\n\t\t<div class=\"dslc-tp-content\"><div id=\"dslc-theme-content\"><div id=\"dslc-theme-content-inner\"><p>A Coopatrigo e a Adama que j\u00e1 possuem uma parceria atrav\u00e9s da Adama Clima com um Totem Digital para acesso as informa\u00e7\u00f5es Clim\u00e1ticas na Sede Administrativa em S\u00e3o Luiz Gonzaga, est\u00e3o ampliando o n\u00famero de Esta\u00e7\u00f5es Meteorol\u00f3gicas instaladas na regi\u00e3o de atua\u00e7\u00e3o da cooperativa a fim de fornecer informa\u00e7\u00f5es mais precisas aos associados como temperatura, umidade relativa do ar, volume de chuvas e previs\u00e3o clim\u00e1tica para cada um destes locais.<\/p>\n<p>Para facilitar o acesso \u00e0 estas informa\u00e7\u00f5es as 12 Esta\u00e7\u00f5es Meteorol\u00f3gicas foram inseridas na Plataforma Smartcoop que \u00e9 o aplicativo das Cooperativas Agropecu\u00e1rias do Rio Grande do Sul. O produtor associado deve se cadastrar na sua Unidade de Trabalho e a partir da\u00ed pode acessar essas informa\u00e7\u00f5es diretamente no seu telefone ou computador, al\u00e9m de usufruir das demais fun\u00e7\u00f5es que existem na Plataforma Smartcoop.<\/p>\n<p>As Esta\u00e7\u00f5es foram instaladas em v\u00e1rios pontos da regi\u00e3o permitindo que os associados tenham informa\u00e7\u00f5es mais precisas para as suas propriedades e est\u00e3o localizadas em S\u00e3o Luiz Gonzaga, Rolador, Caibat\u00e9, S\u00e3o Louren\u00e7o, Santiago, Bossoroca, Santo Ant\u00f4nio das Miss\u00f5es, S\u00e3o Greg\u00f3rio, S\u00e3o Borja, Garruchos, S\u00e3o Nicolau e Roque Gonzales.<\/p>\n<p>A \u00e1rea t\u00e9cnica da Coopatrigo destaca que alguns manejos necessitam de informa\u00e7\u00f5es mais precisas de umidade relativa do ar, temperaturas e velocidade dos ventos para que eles tenham o efeito desejado nas lavouras. \u201cOs custos de produ\u00e7\u00e3o est\u00e3o cada vez mais elevados e n\u00e3o podemos desperdi\u00e7ar produtos defensivos pela leitura errada de algumas dessas informa\u00e7\u00f5es que constam nas Esta\u00e7\u00f5es Meteorol\u00f3gicas\u201d, relatou o Presidente da Coopatrigo Paulo Pires ao receber do RTV da Adama Gerson Portela um destes equipamentos, juntamente com o Coordenador T\u00e9cnico Bento Butenbender.<\/p>\n<p>Nestes \u00faltimos meses a Coopatrigo tem intensificado o trabalho de inser\u00e7\u00e3o dos seus associados na Plataforma Smartcoop e todos os Consultores T\u00e9cnicos e Agr\u00f4nomos est\u00e3o aptos a realizarem o cadastro dos associados assistidos para que eles possam se beneficiar desta nova ferramenta para as suas atividades na propriedade.<\/p>\n<p>Na plataforma Smartcoop, o produtor lan\u00e7a as informa\u00e7\u00f5es produtivas da rotina de sua propriedade rural, consulta previs\u00e3o do tempo, recebe alertas sobre suas atividades, consulta sua produ\u00e7\u00e3o entregue na Cooperativa, avalia os indicadores de desempenho de seu neg\u00f3cio e muito mais.<\/p>\n<p>Roberto Marques<\/p>\n<p>Assessor de Comunica\u00e7\u00e3o Coopatrigo<\/p>\n<\/div><\/div><\/div>\n\t\t\t\t<\/div><!-- .dslc-module -->\n\t\t<\/div><\/div><\/div><\/div><input type=\"hidden\" id=\"dslca-post-data-thumb\" value=\"https:\/\/www.coopatrigo.com.br\/novo\/wp-content\/uploads\/2022\/11\/thumbnail_20220511_165210.jpg\" \/>","protected":false},"excerpt":{"rendered":"<p>Coopatrigo e Adama instalam 12 Esta\u00e7\u00f5es Meteorol\u00f3gicas na regi\u00e3o 8 de novembro de 2022 A Coopatrigo e a Adama que j\u00e1 possuem uma parceria atrav\u00e9s da Adama Clima com um Totem Digital para acesso as informa\u00e7\u00f5es Clim\u00e1ticas na Sede Administrativa em S\u00e3o Luiz Gonzaga, est\u00e3o ampliando o n\u00famero de Esta\u00e7\u00f5es Meteorol\u00f3gicas instaladas na regi\u00e3o de [&hellip;]<\/p>\n","protected":false},"author":5,"featured_media":34572,"comment_status":"open","ping_status":"open","sticky":false,"template":"","format":"standard","meta":{"_acf_changed":false,"footnotes":""},"categories":[1],"tags":[],"class_list":["post-34570","post","type-post","status-publish","format-standard","has-post-thumbnail","hentry","category-noticias"],"acf":[],"_links":{"self":[{"href":"https:\/\/www.coopatrigo.com.br\/novo\/wp-json\/wp\/v2\/posts\/34570","targetHints":{"allow":["GET"]}}],"collection":[{"href":"https:\/\/www.coopatrigo.com.br\/novo\/wp-json\/wp\/v2\/posts"}],"about":[{"href":"https:\/\/www.coopatrigo.com.br\/novo\/wp-json\/wp\/v2\/types\/post"}],"author":[{"embeddable":true,"href":"https:\/\/www.coopatrigo.com.br\/novo\/wp-json\/wp\/v2\/users\/5"}],"replies":[{"embeddable":true,"href":"https:\/\/www.coopatrigo.com.br\/novo\/wp-json\/wp\/v2\/comments?post=34570"}],"version-history":[{"count":0,"href":"https:\/\/www.coopatrigo.com.br\/novo\/wp-json\/wp\/v2\/posts\/34570\/revisions"}],"wp:featuredmedia":[{"embeddable":true,"href":"https:\/\/www.coopatrigo.com.br\/novo\/wp-json\/wp\/v2\/media\/34572"}],"wp:attachment":[{"href":"https:\/\/www.coopatrigo.com.br\/novo\/wp-json\/wp\/v2\/media?parent=34570"}],"wp:term":[{"taxonomy":"category","embeddable":true,"href":"https:\/\/www.coopatrigo.com.br\/novo\/wp-json\/wp\/v2\/categories?post=34570"},{"taxonomy":"post_tag","embeddable":true,"href":"https:\/\/www.coopatrigo.com.br\/novo\/wp-json\/wp\/v2\/tags?post=34570"}],"curies":[{"name":"wp","href":"https:\/\/api.w.org\/{rel}","templated":true}]}}