{"id":34706,"date":"2022-11-18T08:17:02","date_gmt":"2022-11-18T11:17:02","guid":{"rendered":"https:\/\/www.coopatrigo.com.br\/novo\/?p=34706"},"modified":"2022-11-18T08:26:55","modified_gmt":"2022-11-18T11:26:55","slug":"coopatrigo-inicia-planejamento-da-safra-de-inverno-2023","status":"publish","type":"post","link":"https:\/\/www.coopatrigo.com.br\/novo\/2022\/11\/18\/coopatrigo-inicia-planejamento-da-safra-de-inverno-2023\/","title":{"rendered":"Coopatrigo inicia planejamento da safra de inverno 2023"},"content":{"rendered":"<div id=\"dslc-theme-content\"><div id=\"dslc-theme-content-inner\"><p>O Presidente da Coopatrigo Paulo Pires esteve ocupando o espa\u00e7o do Programa Informativo Coopatrigo na manh\u00e3 desta quinta-feira relatando a satisfa\u00e7\u00e3o que a cooperativa est\u00e1 tendo com a colheita de duas importantes culturas de inverno que s\u00e3o a canola e o trigo, as quais est\u00e3o tendo excelentes produtividades e tamb\u00e9m liquidez de comercializa\u00e7\u00e3o.<\/p>\n<p>\u201cComo Presidente da empresa em que o associado \u00e9 o dono registramos esta satisfa\u00e7\u00e3o de uma boa safra nestas duas culturas, trazendo um al\u00edvio aos produtores ap\u00f3s a maior frustra\u00e7\u00e3o na soja registrada em nossa regi\u00e3o na safra 2021\/2022\u201d, registrou Paulo Pires acrescentando que esse sucesso se deve a uma conjuntura de fatores que inicia com a resili\u00eancia dos associados, o uso de tecnologias proporcionadas pela Assist\u00eancia T\u00e9cnica da Coopatrigo e condi\u00e7\u00f5es favor\u00e1veis de clima.<\/p>\n<p>Paulo Pires anunciou que mesmo ainda sem ter encerrado a atual safra destas duas culturas, o planejamento da safra de inverno 2023 j\u00e1 est\u00e1 iniciando na Coopatrigo e na cultura da canola j\u00e1 est\u00e3o abertas as inscri\u00e7\u00f5es dos associados que desejam fazer parte do Programa Canola Coopatrigo 2023.<\/p>\n<p>Os associados que planejam plantar canola na pr\u00f3xima safra dever\u00e3o efetuar a sua inscri\u00e7\u00e3o junto a equipe t\u00e9cnica da Coopatrigo informando a \u00e1rea a ser cultivada e assinando termo de compromisso do pacote completo: insumos para o cultivo, assist\u00eancia t\u00e9cnica da Coopatrigo, entrega da produ\u00e7\u00e3o nos locais pr\u00e9-estabelecidos e tendo o comprometimento da Cooperativa de comprar a safra atrav\u00e9s do conv\u00eanio com a Selena Alimentos.<\/p>\n<p>J\u00e1 com rela\u00e7\u00e3o ao trigo, Paulo Pires anunciou que na segunda-feira dia 21 de novembro a Coopatrigo ir\u00e1 iniciar o troca troca de trigo ind\u00fastria por Sementes Certificadas para o pr\u00f3ximo plantio, com o associado podendo garantir o principal insumo para a forma\u00e7\u00e3o da pr\u00f3xima lavoura que \u00e9 a semente. \u201cOs associados atingiram excelentes produtividades na atual safra e o troca troca da Coopatrigo ser\u00e1 uma grande oportunidade para fixa\u00e7\u00e3o dos custos de produ\u00e7\u00e3o do pr\u00f3ximo plantio\u201d, afirmou Paulo Pires acrescentando que o troca troca do trigo permanece aberto durante 30 dias.<\/p>\n<p>Encerrando a sua manifesta\u00e7\u00e3o Paulo Pires ainda informou que nesta semana o Conselho de Administra\u00e7\u00e3o esteve reunido e analisou o desempenho da cooperativa nos 10 meses de 2022 e que para a satisfa\u00e7\u00e3o de todos o resultado da Coopatrigo est\u00e1 sendo muito bom. \u201cEstamos com um resultado melhor que em 2021 e resultado na cooperativa significa \u201cretorno\u201d para o associado e participa\u00e7\u00e3o nos resultados para os colaboradores\u201d, finalizou o Presidente da Coopatrigo.<\/p>\n<p>&nbsp;<\/p>\n<p>Roberto Marques<\/p>\n<p>Assessor de Comunica\u00e7\u00e3o Coopatrigo<\/p>\n<\/div><\/div>","protected":false},"excerpt":{"rendered":"<p>O Presidente da Coopatrigo Paulo Pires esteve ocupando o espa\u00e7o do Programa Informativo Coopatrigo na manh\u00e3 desta quinta-feira relatando a satisfa\u00e7\u00e3o que a cooperativa est\u00e1 tendo com a colheita de duas importantes culturas de inverno que s\u00e3o a canola e o trigo, as quais est\u00e3o tendo excelentes produtividades e tamb\u00e9m liquidez de comercializa\u00e7\u00e3o. \u201cComo Presidente [&hellip;]<\/p>\n","protected":false},"author":5,"featured_media":34707,"comment_status":"open","ping_status":"open","sticky":false,"template":"","format":"standard","meta":{"_acf_changed":false,"footnotes":""},"categories":[1],"tags":[],"class_list":["post-34706","post","type-post","status-publish","format-standard","has-post-thumbnail","hentry","category-noticias"],"acf":[],"_links":{"self":[{"href":"https:\/\/www.coopatrigo.com.br\/novo\/wp-json\/wp\/v2\/posts\/34706","targetHints":{"allow":["GET"]}}],"collection":[{"href":"https:\/\/www.coopatrigo.com.br\/novo\/wp-json\/wp\/v2\/posts"}],"about":[{"href":"https:\/\/www.coopatrigo.com.br\/novo\/wp-json\/wp\/v2\/types\/post"}],"author":[{"embeddable":true,"href":"https:\/\/www.coopatrigo.com.br\/novo\/wp-json\/wp\/v2\/users\/5"}],"replies":[{"embeddable":true,"href":"https:\/\/www.coopatrigo.com.br\/novo\/wp-json\/wp\/v2\/comments?post=34706"}],"version-history":[{"count":0,"href":"https:\/\/www.coopatrigo.com.br\/novo\/wp-json\/wp\/v2\/posts\/34706\/revisions"}],"wp:featuredmedia":[{"embeddable":true,"href":"https:\/\/www.coopatrigo.com.br\/novo\/wp-json\/wp\/v2\/media\/34707"}],"wp:attachment":[{"href":"https:\/\/www.coopatrigo.com.br\/novo\/wp-json\/wp\/v2\/media?parent=34706"}],"wp:term":[{"taxonomy":"category","embeddable":true,"href":"https:\/\/www.coopatrigo.com.br\/novo\/wp-json\/wp\/v2\/categories?post=34706"},{"taxonomy":"post_tag","embeddable":true,"href":"https:\/\/www.coopatrigo.com.br\/novo\/wp-json\/wp\/v2\/tags?post=34706"}],"curies":[{"name":"wp","href":"https:\/\/api.w.org\/{rel}","templated":true}]}}