{"id":34809,"date":"2022-11-23T09:33:44","date_gmt":"2022-11-23T12:33:44","guid":{"rendered":"https:\/\/www.coopatrigo.com.br\/novo\/?p=34809"},"modified":"2022-11-23T09:36:52","modified_gmt":"2022-11-23T12:36:52","slug":"coopatrigo-recebe-visita-do-presidente-da-fetag-rs","status":"publish","type":"post","link":"https:\/\/www.coopatrigo.com.br\/novo\/2022\/11\/23\/coopatrigo-recebe-visita-do-presidente-da-fetag-rs\/","title":{"rendered":"Coopatrigo recebe visita do Presidente da Fetag-RS"},"content":{"rendered":"<div id=\"dslc-theme-content\"><div id=\"dslc-theme-content-inner\"><p>Na \u00faltima sexta-feira a Diretoria da Coopatrigo esteve recebendo a visita do Presidente da Federa\u00e7\u00e3o dos Trabalhadores na Agricultura do Rio Grande do Sul, Carlos Joel da Silva, o qual esteve participando de um evento promovido pelos Sindicatos Patronal e dos Trabalhadores com o apoio do Senar em S\u00e3o Luiz Gonzaga e aproveitou para realizar uma visita \u00e0 Cooperativa.<\/p>\n<p>A recep\u00e7\u00e3o na Coopatrigo foi realizada pelos tr\u00eas Diretores, Paulo Pires, Luiz Fl\u00e1vio Oliveira e Marcos Pilecco e na oportunidade foram debatidos v\u00e1rios assuntos de interesse comum entre a Cooperativa e os agricultores familiares.<\/p>\n<p>Carlos Joel da Silva destacou que o Cooperativismo e o Associativismo trabalham de forma conjunta porque a \u00fanica maneira do agricultor familiar ser competitivo \u00e9 atrav\u00e9s da sua Cooperativa. \u201cAqui na regi\u00e3o da Coopatrigo existe uma afinidade muito grande com os Sindicatos de Trabalhadores Rurais e isto tem a nossa admira\u00e7\u00e3o junto a Federa\u00e7\u00e3o\u201d, destacou o presidente da Fetag-RS.<\/p>\n<p>O Presidente da Coopatrigo Paulo Pires tamb\u00e9m refor\u00e7ou a import\u00e2ncia desta afinidade com as lideran\u00e7as sindicais j\u00e1 que a Coopatrigo tem a maioria dos seus associados oriundos da agricultura familiar. \u201cInteresses da Coopatrigo e dos Sindicatos acabam sendo os mesmos e uma agricultura familiar forte tamb\u00e9m fortalece a Cooperativa\u201d, ressaltou Paulo Pires.<\/p>\n<p>Um dos temas em destaque nos debates foi a irriga\u00e7\u00e3o e principalmente a reivindica\u00e7\u00e3o que existe para que os agricultores possam fazer o armazenamento de \u00e1gua em APPs, o que hoje n\u00e3o \u00e9 permitido.<\/p>\n<p>O Presidente da Coopatrigo Paulo Pires vem defendendo essa libera\u00e7\u00e3o h\u00e1 muito tempo, afirmando que a irriga\u00e7\u00e3o somente vai avan\u00e7ar no Rio Grande do Sul se houver a mudan\u00e7a na legisla\u00e7\u00e3o ambiental e os produtores conseguirem fazer seus reservat\u00f3rios em \u00e1reas de preserva\u00e7\u00e3o permanente, o que vai contribuir para as propriedades e a produ\u00e7\u00e3o rural n\u00e3o ficarem \u00e0 merc\u00ea dos problemas clim\u00e1ticos e conseguirem enfrentar situa\u00e7\u00f5es adversas como ocorreu no \u00faltimo ver\u00e3o.<\/p>\n<p>Por fim Coopatrigo e Fetag-RS conclu\u00edram que existem muitos desafios pela frente, mas que a uni\u00e3o de Cooperativismo e Associativismo ser\u00e3o muito importantes para que o setor prim\u00e1rio avance e supere obst\u00e1culos que acabam travando o desenvolvimento.<\/p>\n<p>&nbsp;<\/p>\n<p>Roberto Marques<\/p>\n<p>Assessor de Comunica\u00e7\u00e3o Coopatrigo<\/p>\n<\/div><\/div>","protected":false},"excerpt":{"rendered":"<p>Na \u00faltima sexta-feira a Diretoria da Coopatrigo esteve recebendo a visita do Presidente da Federa\u00e7\u00e3o dos Trabalhadores na Agricultura do Rio Grande do Sul, Carlos Joel da Silva, o qual esteve participando de um evento promovido pelos Sindicatos Patronal e dos Trabalhadores com o apoio do Senar em S\u00e3o Luiz Gonzaga e aproveitou para realizar [&hellip;]<\/p>\n","protected":false},"author":5,"featured_media":34815,"comment_status":"open","ping_status":"open","sticky":false,"template":"","format":"standard","meta":{"_acf_changed":false,"footnotes":""},"categories":[1],"tags":[],"class_list":["post-34809","post","type-post","status-publish","format-standard","has-post-thumbnail","hentry","category-noticias"],"acf":[],"_links":{"self":[{"href":"https:\/\/www.coopatrigo.com.br\/novo\/wp-json\/wp\/v2\/posts\/34809","targetHints":{"allow":["GET"]}}],"collection":[{"href":"https:\/\/www.coopatrigo.com.br\/novo\/wp-json\/wp\/v2\/posts"}],"about":[{"href":"https:\/\/www.coopatrigo.com.br\/novo\/wp-json\/wp\/v2\/types\/post"}],"author":[{"embeddable":true,"href":"https:\/\/www.coopatrigo.com.br\/novo\/wp-json\/wp\/v2\/users\/5"}],"replies":[{"embeddable":true,"href":"https:\/\/www.coopatrigo.com.br\/novo\/wp-json\/wp\/v2\/comments?post=34809"}],"version-history":[{"count":0,"href":"https:\/\/www.coopatrigo.com.br\/novo\/wp-json\/wp\/v2\/posts\/34809\/revisions"}],"wp:featuredmedia":[{"embeddable":true,"href":"https:\/\/www.coopatrigo.com.br\/novo\/wp-json\/wp\/v2\/media\/34815"}],"wp:attachment":[{"href":"https:\/\/www.coopatrigo.com.br\/novo\/wp-json\/wp\/v2\/media?parent=34809"}],"wp:term":[{"taxonomy":"category","embeddable":true,"href":"https:\/\/www.coopatrigo.com.br\/novo\/wp-json\/wp\/v2\/categories?post=34809"},{"taxonomy":"post_tag","embeddable":true,"href":"https:\/\/www.coopatrigo.com.br\/novo\/wp-json\/wp\/v2\/tags?post=34809"}],"curies":[{"name":"wp","href":"https:\/\/api.w.org\/{rel}","templated":true}]}}