{"id":35086,"date":"2022-12-14T10:31:06","date_gmt":"2022-12-14T13:31:06","guid":{"rendered":"https:\/\/www.coopatrigo.com.br\/novo\/?p=35086"},"modified":"2022-12-14T10:31:06","modified_gmt":"2022-12-14T13:31:06","slug":"rio-grande-do-sul-vive-super-safra-de-trigo-e-perdas-nas-culturas-de-verao-em-2022","status":"publish","type":"post","link":"https:\/\/www.coopatrigo.com.br\/novo\/2022\/12\/14\/rio-grande-do-sul-vive-super-safra-de-trigo-e-perdas-nas-culturas-de-verao-em-2022\/","title":{"rendered":"Rio Grande do Sul vive super safra de trigo e perdas nas culturas de ver\u00e3o em 2022"},"content":{"rendered":"<div id=\"dslc-main\">\n\t\t<div  class=\"dslc-modules-section \" style=\"padding-bottom:30px;padding-top:30px;background-color:#16452c;background-image:url(https:\/\/www.coopatrigo.com.br\/novo\/wp-content\/uploads\/2021\/02\/bg.png);background-position:center center;\" data-section-id=\"74a23622ed4\">\n\t\t\t\t\n\t\t\t\t\n\t\t\t\t<div class=\"dslc-modules-section-wrapper dslc-clearfix\"><div class=\"dslc-modules-area dslc-col dslc-12-col dslc-last-col dslc-valign- \" data-size=\"12\" data-valign=\"\">\n\t\t<div id=\"dslc-module-24\" class=\"dslc-module-front dslc-module-DSLC_TP_Title dslc-in-viewport-check dslc-in-viewport-anim-none  dslc-col dslc-12-col dslc-last-col  dslc-module-handle-like-regular \" data-module-id=\"24\" data-module=\"DSLC_TP_Title\" data-dslc-module-size=\"12\" data-dslc-anim=\"none\" data-dslc-anim-delay=\"\" data-dslc-anim-duration=\"650\"  data-dslc-anim-easing=\"ease\" data-dslc-preset=\"none\" >\n\n\t\t\t\n\t\t\t\n\t\t\r\n\t\t\t\t<div class=\"dslc-tp-title\"><h1>Rio Grande do Sul vive super safra de trigo e perdas nas culturas de ver\u00e3o em 2022<\/h1><\/div>\r\n\r\n\t\t\t\n\t\t\t\t<\/div><!-- .dslc-module -->\n\t\t\n\t\t<div id=\"dslc-module-25\" class=\"dslc-module-front dslc-module-DSLC_TP_Meta dslc-in-viewport-check dslc-in-viewport-anim-none  dslc-col dslc-12-col dslc-last-col  dslc-module-handle-like-regular \" data-module-id=\"25\" data-module=\"DSLC_TP_Meta\" data-dslc-module-size=\"12\" data-dslc-anim=\"none\" data-dslc-anim-delay=\"\" data-dslc-anim-duration=\"650\"  data-dslc-anim-easing=\"ease\" data-dslc-preset=\"none\" >\n\n\t\t\t\n\t\t\t\n\t\t\r\n\t\t\t\t<div class=\"dslc-tp-meta dslc-tp-meta-horizontal\">\r\n\t\t\t\t\t<ul class=\"dslc-clearfix\">\r\n\r\n\t\t\t\t\t\t\t\t\t\t\t\t\t<li>14 de dezembro de 2022<\/li>\r\n\t\t\t\t\t\t\r\n\t\t\t\t\t\t\r\n\t\t\t\t\t\t\r\n\t\t\t\t\t\t\r\n\t\t\t\t\t\t\r\n\t\t\t\t\t<\/ul>\r\n\t\t\t\t<\/div>\r\n\r\n\t\t\t\n\t\t\t\t<\/div><!-- .dslc-module -->\n\t\t<\/div><\/div><\/div>\n\t\t<div  class=\"dslc-modules-section \" style=\"padding-bottom:30px;padding-top:30px;background-color:rgba(230, 230, 230, 0);border-color:rgb(230, 230, 230);border-top-style: hidden; border-right-style: hidden; border-bottom-style: hidden; border-left-style: hidden; \" data-section-id=\"2b557989cda\">\n\t\t\t\t\n\t\t\t\t\n\t\t\t\t<div class=\"dslc-modules-section-wrapper dslc-clearfix\"><div class=\"dslc-modules-area dslc-col dslc-1-col dslc-first-col dslc-valign-undefined \" data-size=\"1\" data-valign=\"undefined\"><\/div><div class=\"dslc-modules-area dslc-col dslc-10-col  dslc-valign- \" data-size=\"10\" data-valign=\"\">\n\t\t<div id=\"dslc-module-a7d04abcf7f\" class=\"dslc-module-front dslc-module-DSLC_TP_Thumbnail dslc-in-viewport-check dslc-in-viewport-anim-none  dslc-col dslc-12-col dslc-last-col  dslc-module-handle-like-regular \" data-module-id=\"a7d04abcf7f\" data-module=\"DSLC_TP_Thumbnail\" data-dslc-module-size=\"12\" data-dslc-anim=\"none\" data-dslc-anim-delay=\"\" data-dslc-anim-duration=\"650\"  data-dslc-anim-easing=\"ease\" data-dslc-preset=\"none\" >\n\n\t\t\t\n\t\t\t\n\t\t\r\n\t\t\t<div class=\"dslc-tp-thumbnail\">\r\n\t\t\t\t\t\t\t\t\t\t\t\t\t\t\t<img width=\"2500\" height=\"1700\" src=\"https:\/\/www.coopatrigo.com.br\/novo\/wp-content\/uploads\/2022\/12\/Paulo-Pires-Credito-Nestor-Tipa-Junior-AgroEffective-Divulgacao.jpg\" class=\"attachment-full size-full wp-post-image\" alt=\"\" title=\"Paulo Pires &#8211; Cr\u00e9dito Nestor Tipa J\u00fanior AgroEffective Divulga\u00e7\u00e3o\" srcset=\"https:\/\/www.coopatrigo.com.br\/novo\/wp-content\/uploads\/2022\/12\/Paulo-Pires-Credito-Nestor-Tipa-Junior-AgroEffective-Divulgacao.jpg 2500w, https:\/\/www.coopatrigo.com.br\/novo\/wp-content\/uploads\/2022\/12\/Paulo-Pires-Credito-Nestor-Tipa-Junior-AgroEffective-Divulgacao-300x204.jpg 300w, https:\/\/www.coopatrigo.com.br\/novo\/wp-content\/uploads\/2022\/12\/Paulo-Pires-Credito-Nestor-Tipa-Junior-AgroEffective-Divulgacao-1024x696.jpg 1024w, https:\/\/www.coopatrigo.com.br\/novo\/wp-content\/uploads\/2022\/12\/Paulo-Pires-Credito-Nestor-Tipa-Junior-AgroEffective-Divulgacao-768x522.jpg 768w, https:\/\/www.coopatrigo.com.br\/novo\/wp-content\/uploads\/2022\/12\/Paulo-Pires-Credito-Nestor-Tipa-Junior-AgroEffective-Divulgacao-1536x1044.jpg 1536w, https:\/\/www.coopatrigo.com.br\/novo\/wp-content\/uploads\/2022\/12\/Paulo-Pires-Credito-Nestor-Tipa-Junior-AgroEffective-Divulgacao-2048x1393.jpg 2048w\" sizes=\"(max-width: 2500px) 100vw, 2500px\" \/>\t\t\t\t\t\t\t\t\t\t\t\t<\/div>\r\n\r\n\t\t\r\n\t\t\n\t\t\t\t<\/div><!-- .dslc-module -->\n\t\t\n\t\t<div id=\"dslc-module-26\" class=\"dslc-module-front dslc-module-DSLC_TP_Content dslc-in-viewport-check dslc-in-viewport-anim-none  dslc-col dslc-12-col dslc-last-col  dslc-module-handle-like-regular \" data-module-id=\"26\" data-module=\"DSLC_TP_Content\" data-dslc-module-size=\"12\" data-dslc-anim=\"none\" data-dslc-anim-delay=\"\" data-dslc-anim-duration=\"650\"  data-dslc-anim-easing=\"ease\" data-dslc-preset=\"none\" >\n\n\t\t\t\n\t\t\t\n\t\t<div class=\"dslc-tp-content\"><div id=\"dslc-theme-content\"><div id=\"dslc-theme-content-inner\"><div>Estiagem com impacto negativo hist\u00f3rico no milho e na soja e uma super safra de trigo foram os principais destaques colocados pela Federa\u00e7\u00e3o das Cooperativas Agropecu\u00e1rias do Estado do Rio Grande do Sul (FecoAgro\/RS), ao fazer um balan\u00e7o do ano de 2022.\u00a0 Investimentos, Smartcoop e relacionamento com o novo governo federal eleito foram outros temas abordados durante a coletiva de imprensa virtual promovida pela entidade nesta ter\u00e7a-feira, dia 13 de dezembro.<br aria-hidden=\"true\" \/><br aria-hidden=\"true\" \/>Conforme o presidente da FecoAgro\/RS, Paulo Pires, a estiagem nas culturas de ver\u00e3o foi uma das mais graves da hist\u00f3ria da agricultura contempor\u00e2nea com grande impacto na produ\u00e7\u00e3o. Salientou que os produtores associados das cooperativas foram diretamente afetados e, consequentemente, tamb\u00e9m as cooperativas. \u201cTivemos uma audi\u00eancia em janeiro deste ano com a ent\u00e3o ministra da Agricultura, Teresa Cristina, em Santo \u00a0ngelo (RS), e pedimos uma prorroga\u00e7\u00e3o das d\u00edvidas para depois da safra, mas infelizmente n\u00e3o aconteceu e o cr\u00e9dito em 2022 \u00a0foi muito escasso\u201d, observou.<br aria-hidden=\"true\" \/><br aria-hidden=\"true\" \/>O grande fato positivo neste ano, segundo informou Pires, foi o trigo. Disse que apesar das perdas o produtor acreditou na cultura, foi resiliente e vislumbrou a possibilidade de renda mais r\u00e1pida com as culturas de inverno. \u201cO produtor acreditou, aumentou a \u00a0\u00e1rea e tivemos um desenho clim\u00e1tico e de plantio excepcional. Temos uma colheita que supera as 5 milh\u00f5es de toneladas. J\u00e1 estamos falando em uma produtividade m\u00e9dia no Estado acima de 3 mil quilos por hectare. Alguns produtores conseguiram acima disso\u201d, informou, apontando outro fator que tamb\u00e9m impulsionou o plantio da cultura, que foi o pre\u00e7o atrativo. \u201cN\u00f3s tivemos, em determinado momento, R$ 115,00 pago ao produtor. Hoje ele voltou ao patamar de janeiro de 2022, que \u00e9 de R$ 84,00\u201d.<br aria-hidden=\"true\" \/><br aria-hidden=\"true\" \/>Pires falou tamb\u00e9m sobre a quest\u00e3o da comercializa\u00e7\u00e3o. \u201cHoje n\u00f3s temos 55% do trigo comercializado e 65% da produ\u00e7\u00e3o ga\u00facha, ou seja, 3,2 milh\u00f5es de toneladas, est\u00e3o nas cooperativas. E isso nos preocupa porque temos um curto espa\u00e7o de tempo para realizar \u00a0essa venda que, principalmente, se apresenta at\u00e9 como uma consequ\u00eancia do trabalho liderado pela FecoAgro e a Embrapa, que \u00e9 a exporta\u00e7\u00e3o\u201d, enfatizou, complementando que no ano passado cerca de 70% das 3,5 milh\u00f5es de toneladas colhidas foram exportadas. \u201cVendemos para v\u00e1rios pa\u00edses e a exporta\u00e7\u00e3o consolidou uma grande liquidez do trigo ga\u00facho\u201d.<br aria-hidden=\"true\" \/><br aria-hidden=\"true\" \/>O presidente da FecoAgro\/RS deixou claro que o trigo hoje se apresenta como uma alternativa interessante no inverno. \u201cAt\u00e9 para falarmos em 2023, n\u00f3s vislumbramos um aumento de \u00e1rea de trigo, mas queremos externar um pouco de preocupa\u00e7\u00e3o neste momento quanto \u00e0 comercializa\u00e7\u00e3o. A safra est\u00e1 colhida, o produto est\u00e1 depositado nos armaz\u00e9ns, mas infelizmente n\u00f3s n\u00e3o temos uma clareza de comercializa\u00e7\u00e3o\u201d, enfatizou.<br aria-hidden=\"true\" \/><br aria-hidden=\"true\" \/>Paulo Pires tamb\u00e9m apontou durante o balan\u00e7o do ano que o faturamento do cooperativismo do Rio Grande do Sul, conforme levantamento feito no acumulado at\u00e9 outubro e comparado com o mesmo per\u00edodo de 2021, vai se manter nos n\u00fameros do ano passado. \u201cPelas proje\u00e7\u00f5es que temos, o faturamento do cooperativismo ga\u00facho \u00e9 de R$ 32 bilh\u00f5es mantendo igual marca para o mesmo per\u00edodo de 2021. Os fatores soja e milho pesaram bastante nessa conta O fato positivo \u00e9 a quest\u00e3o das sobras, onde temos um crescimento de 6,7% at\u00e9 outubro e que pode sofrer ajustes mais para frente. A margem bruta cresceu 18% e a margem l\u00edquida aumentou 9%\u201d, afirmou. Segundo ele, as cooperativas tamb\u00e9m tiveram um aumento muito significativo nos seus custos, principalmente por causa do aumento dos combust\u00edveis e, por isso, a margem l\u00edquida cresceu menos que a bruta.<br aria-hidden=\"true\" \/><br aria-hidden=\"true\" \/>Sobre a plataforma de neg\u00f3cios das cooperativas, Smartcoop, o dirigente colocou que \u00e9 um sucesso. \u201cS\u00e3o 29 cooperativas \u00a0com 7.577 usu\u00e1rios ativos, o que representa uma \u00e1rea total de mais de 800 mil hectares, passando a ter 10% da \u00e1rea de agricultura no Estado\u201d, pontuou. Pires tamb\u00e9m falou sobre investimentos que as cooperativas est\u00e3o fazendo, principalmente na quest\u00e3o da armazenagem, mas ressaltou que o sistema cooperativo ga\u00facho come\u00e7a a dar passos importantes na quest\u00e3o da industrializa\u00e7\u00e3o. Ainda na parte de investimento, Pires falou sobre ampliar em 2023 a capacita\u00e7\u00e3o de gestores, t\u00e9cnicos, com apoio da Ocergs e do Sescoop.<br aria-hidden=\"true\" \/><br aria-hidden=\"true\" \/>Em rela\u00e7\u00e3o ao novo governo federal que assume em 2023, Pires salientou que o setor torce para que haja um bom relacionamento e que as cooperativas devem seguir se posicionando. \u201cA elei\u00e7\u00e3o passou e hoje estamos todos juntos em um pa\u00eds e os nossos interesses devem ser \u00a0convergentes. Nada problem\u00e1tico de que algumas coisas se pense diferente, e as cooperativas devem seguir se posicionando\u201d, concluiu.<\/div>\n<div><\/div>\n<div>\n<div><i>Foto: AgroEffective\/Divulga\u00e7\u00e3o<br aria-hidden=\"true\" \/>Texto: Rejane Costa\/AgroEffective<\/i><\/div>\n<\/div>\n<\/div><\/div><\/div>\n\t\t\t\t<\/div><!-- .dslc-module -->\n\t\t<\/div><\/div><\/div><\/div><input type=\"hidden\" id=\"dslca-post-data-thumb\" value=\"https:\/\/www.coopatrigo.com.br\/novo\/wp-content\/uploads\/2022\/12\/Paulo-Pires-Credito-Nestor-Tipa-Junior-AgroEffective-Divulgacao.jpg\" \/>","protected":false},"excerpt":{"rendered":"<p>Rio Grande do Sul vive super safra de trigo e perdas nas culturas de ver\u00e3o em 2022 14 de dezembro de 2022 Estiagem com impacto negativo hist\u00f3rico no milho e na soja e uma super safra de trigo foram os principais destaques colocados pela Federa\u00e7\u00e3o das Cooperativas Agropecu\u00e1rias do Estado do Rio Grande do Sul [&hellip;]<\/p>\n","protected":false},"author":5,"featured_media":35087,"comment_status":"open","ping_status":"open","sticky":false,"template":"","format":"standard","meta":{"_acf_changed":false,"footnotes":""},"categories":[1],"tags":[],"class_list":["post-35086","post","type-post","status-publish","format-standard","has-post-thumbnail","hentry","category-noticias"],"acf":[],"_links":{"self":[{"href":"https:\/\/www.coopatrigo.com.br\/novo\/wp-json\/wp\/v2\/posts\/35086","targetHints":{"allow":["GET"]}}],"collection":[{"href":"https:\/\/www.coopatrigo.com.br\/novo\/wp-json\/wp\/v2\/posts"}],"about":[{"href":"https:\/\/www.coopatrigo.com.br\/novo\/wp-json\/wp\/v2\/types\/post"}],"author":[{"embeddable":true,"href":"https:\/\/www.coopatrigo.com.br\/novo\/wp-json\/wp\/v2\/users\/5"}],"replies":[{"embeddable":true,"href":"https:\/\/www.coopatrigo.com.br\/novo\/wp-json\/wp\/v2\/comments?post=35086"}],"version-history":[{"count":0,"href":"https:\/\/www.coopatrigo.com.br\/novo\/wp-json\/wp\/v2\/posts\/35086\/revisions"}],"wp:featuredmedia":[{"embeddable":true,"href":"https:\/\/www.coopatrigo.com.br\/novo\/wp-json\/wp\/v2\/media\/35087"}],"wp:attachment":[{"href":"https:\/\/www.coopatrigo.com.br\/novo\/wp-json\/wp\/v2\/media?parent=35086"}],"wp:term":[{"taxonomy":"category","embeddable":true,"href":"https:\/\/www.coopatrigo.com.br\/novo\/wp-json\/wp\/v2\/categories?post=35086"},{"taxonomy":"post_tag","embeddable":true,"href":"https:\/\/www.coopatrigo.com.br\/novo\/wp-json\/wp\/v2\/tags?post=35086"}],"curies":[{"name":"wp","href":"https:\/\/api.w.org\/{rel}","templated":true}]}}