{"id":35144,"date":"2022-12-22T18:00:07","date_gmt":"2022-12-22T21:00:07","guid":{"rendered":"https:\/\/www.coopatrigo.com.br\/novo\/?p=35144"},"modified":"2022-12-22T18:00:07","modified_gmt":"2022-12-22T21:00:07","slug":"rtc-ccgl-estima-perdas-significativas-na-safra-de-milho-do-r","status":"publish","type":"post","link":"https:\/\/www.coopatrigo.com.br\/novo\/2022\/12\/22\/rtc-ccgl-estima-perdas-significativas-na-safra-de-milho-do-r\/","title":{"rendered":"RTC\/CCGL estima perdas significativas na safra de milho do R"},"content":{"rendered":"<div id=\"dslc-main\">\n\t\t<div  class=\"dslc-modules-section \" style=\"padding-bottom:30px;padding-top:30px;background-color:#16452c;background-image:url(https:\/\/www.coopatrigo.com.br\/novo\/wp-content\/uploads\/2021\/02\/bg.png);background-position:center center;\" data-section-id=\"74a23622ed4\">\n\t\t\t\t\n\t\t\t\t\n\t\t\t\t<div class=\"dslc-modules-section-wrapper dslc-clearfix\"><div class=\"dslc-modules-area dslc-col dslc-12-col dslc-last-col dslc-valign- \" data-size=\"12\" data-valign=\"\">\n\t\t<div id=\"dslc-module-24\" class=\"dslc-module-front dslc-module-DSLC_TP_Title dslc-in-viewport-check dslc-in-viewport-anim-none  dslc-col dslc-12-col dslc-last-col  dslc-module-handle-like-regular \" data-module-id=\"24\" data-module=\"DSLC_TP_Title\" data-dslc-module-size=\"12\" data-dslc-anim=\"none\" data-dslc-anim-delay=\"\" data-dslc-anim-duration=\"650\"  data-dslc-anim-easing=\"ease\" data-dslc-preset=\"none\" >\n\n\t\t\t\n\t\t\t\n\t\t\r\n\t\t\t\t<div class=\"dslc-tp-title\"><h1>RTC\/CCGL estima perdas significativas na safra de milho do R<\/h1><\/div>\r\n\r\n\t\t\t\n\t\t\t\t<\/div><!-- .dslc-module -->\n\t\t\n\t\t<div id=\"dslc-module-25\" class=\"dslc-module-front dslc-module-DSLC_TP_Meta dslc-in-viewport-check dslc-in-viewport-anim-none  dslc-col dslc-12-col dslc-last-col  dslc-module-handle-like-regular \" data-module-id=\"25\" data-module=\"DSLC_TP_Meta\" data-dslc-module-size=\"12\" data-dslc-anim=\"none\" data-dslc-anim-delay=\"\" data-dslc-anim-duration=\"650\"  data-dslc-anim-easing=\"ease\" data-dslc-preset=\"none\" >\n\n\t\t\t\n\t\t\t\n\t\t\r\n\t\t\t\t<div class=\"dslc-tp-meta dslc-tp-meta-horizontal\">\r\n\t\t\t\t\t<ul class=\"dslc-clearfix\">\r\n\r\n\t\t\t\t\t\t\t\t\t\t\t\t\t<li>22 de dezembro de 2022<\/li>\r\n\t\t\t\t\t\t\r\n\t\t\t\t\t\t\r\n\t\t\t\t\t\t\r\n\t\t\t\t\t\t\r\n\t\t\t\t\t\t\r\n\t\t\t\t\t<\/ul>\r\n\t\t\t\t<\/div>\r\n\r\n\t\t\t\n\t\t\t\t<\/div><!-- .dslc-module -->\n\t\t<\/div><\/div><\/div>\n\t\t<div  class=\"dslc-modules-section \" style=\"padding-bottom:30px;padding-top:30px;background-color:rgba(230, 230, 230, 0);border-color:rgb(230, 230, 230);border-top-style: hidden; border-right-style: hidden; border-bottom-style: hidden; border-left-style: hidden; \" data-section-id=\"2b557989cda\">\n\t\t\t\t\n\t\t\t\t\n\t\t\t\t<div class=\"dslc-modules-section-wrapper dslc-clearfix\"><div class=\"dslc-modules-area dslc-col dslc-1-col dslc-first-col dslc-valign-undefined \" data-size=\"1\" data-valign=\"undefined\"><\/div><div class=\"dslc-modules-area dslc-col dslc-10-col  dslc-valign- \" data-size=\"10\" data-valign=\"\">\n\t\t<div id=\"dslc-module-a7d04abcf7f\" class=\"dslc-module-front dslc-module-DSLC_TP_Thumbnail dslc-in-viewport-check dslc-in-viewport-anim-none  dslc-col dslc-12-col dslc-last-col  dslc-module-handle-like-regular \" data-module-id=\"a7d04abcf7f\" data-module=\"DSLC_TP_Thumbnail\" data-dslc-module-size=\"12\" data-dslc-anim=\"none\" data-dslc-anim-delay=\"\" data-dslc-anim-duration=\"650\"  data-dslc-anim-easing=\"ease\" data-dslc-preset=\"none\" >\n\n\t\t\t\n\t\t\t\n\t\t\r\n\t\t\t<div class=\"dslc-tp-thumbnail\">\r\n\t\t\t\t\t\t\t\t\t\t\t\t\t\t\t<img width=\"801\" height=\"507\" src=\"https:\/\/www.coopatrigo.com.br\/novo\/wp-content\/uploads\/2022\/12\/thumbnail_Lavoura-de-milho-acometida-pela-estiagem.-Safra-2022-2023.png\" class=\"attachment-full size-full wp-post-image\" alt=\"\" title=\"thumbnail_Lavoura de milho acometida pela estiagem. Safra 2022-2023\" srcset=\"https:\/\/www.coopatrigo.com.br\/novo\/wp-content\/uploads\/2022\/12\/thumbnail_Lavoura-de-milho-acometida-pela-estiagem.-Safra-2022-2023.png 801w, https:\/\/www.coopatrigo.com.br\/novo\/wp-content\/uploads\/2022\/12\/thumbnail_Lavoura-de-milho-acometida-pela-estiagem.-Safra-2022-2023-300x190.png 300w, https:\/\/www.coopatrigo.com.br\/novo\/wp-content\/uploads\/2022\/12\/thumbnail_Lavoura-de-milho-acometida-pela-estiagem.-Safra-2022-2023-768x486.png 768w\" sizes=\"(max-width: 801px) 100vw, 801px\" \/>\t\t\t\t\t\t\t\t\t\t\t\t<\/div>\r\n\r\n\t\t\r\n\t\t\n\t\t\t\t<\/div><!-- .dslc-module -->\n\t\t\n\t\t<div id=\"dslc-module-26\" class=\"dslc-module-front dslc-module-DSLC_TP_Content dslc-in-viewport-check dslc-in-viewport-anim-none  dslc-col dslc-12-col dslc-last-col  dslc-module-handle-like-regular \" data-module-id=\"26\" data-module=\"DSLC_TP_Content\" data-dslc-module-size=\"12\" data-dslc-anim=\"none\" data-dslc-anim-delay=\"\" data-dslc-anim-duration=\"650\"  data-dslc-anim-easing=\"ease\" data-dslc-preset=\"none\" >\n\n\t\t\t\n\t\t\t\n\t\t<div class=\"dslc-tp-content\"><div id=\"dslc-theme-content\"><div id=\"dslc-theme-content-inner\"><p>A safra de milho 2022, no Rio Grande do Sul, vem sendo acometida por mais uma estiagem. Em algumas regi\u00f5es do Estado, j\u00e1 \u00e9 a quarta consecutiva. Uma estimativa realizada pela Rede T\u00e9cnica Cooperativa (RTC\/CCGL) e divulgada nesta segunda-feira (19\/12), estima que em \u00e1reas de milho sequeiro (sem uso de irriga\u00e7\u00e3o), em m\u00e9dia, os preju\u00edzos relacionados \u00e0 quebra de safra j\u00e1 alcan\u00e7am 42% em rela\u00e7\u00e3o \u00e0 expectativa de produ\u00e7\u00e3o inicialmente tra\u00e7ada pelas cooperativas. Devido \u00e0s altas temperaturas e \u00e0 aus\u00eancia de chuvas, especialmente durante os meses de novembro e dezembro, v\u00e1rias regi\u00f5es j\u00e1 contabilizam perdas superiores a 70%. Os dados foram coletados em 20 cooperativas ligadas \u00e0 RTC\/CCGL e, destas, metade j\u00e1 consolidam perdas superiores a 50%.<\/p>\n<p>A estiagem tamb\u00e9m j\u00e1 come\u00e7a a causar interfer\u00eancia sobre a cultura da soja. At\u00e9 o momento, na \u00e1rea de atua\u00e7\u00e3o das cooperativas, 11% da \u00e1rea destinada \u00e0 soja ainda n\u00e3o foi semeada, enquanto que, da \u00e1rea semeada, 15% ainda n\u00e3o est\u00e1 emergida. Este panorama tamb\u00e9m \u00e9 um reflexo da falta de chuvas, que resulta em umidade do solo inadequada para a semeadura, estabelecimento e desenvolvimento da cultura.<\/p>\n<p>Fernando Batista<\/p>\n<p>Auxiliar Marketing CCGL\u00c7}<\/p>\n<\/div><\/div><\/div>\n\t\t\t\t<\/div><!-- .dslc-module -->\n\t\t<\/div><\/div><\/div><\/div><input type=\"hidden\" id=\"dslca-post-data-thumb\" value=\"https:\/\/www.coopatrigo.com.br\/novo\/wp-content\/uploads\/2022\/12\/thumbnail_Lavoura-de-milho-acometida-pela-estiagem.-Safra-2022-2023.png\" \/>","protected":false},"excerpt":{"rendered":"<p>RTC\/CCGL estima perdas significativas na safra de milho do R 22 de dezembro de 2022 A safra de milho 2022, no Rio Grande do Sul, vem sendo acometida por mais uma estiagem. Em algumas regi\u00f5es do Estado, j\u00e1 \u00e9 a quarta consecutiva. Uma estimativa realizada pela Rede T\u00e9cnica Cooperativa (RTC\/CCGL) e divulgada nesta segunda-feira (19\/12), [&hellip;]<\/p>\n","protected":false},"author":5,"featured_media":35145,"comment_status":"open","ping_status":"open","sticky":false,"template":"","format":"standard","meta":{"_acf_changed":false,"footnotes":""},"categories":[1],"tags":[],"class_list":["post-35144","post","type-post","status-publish","format-standard","has-post-thumbnail","hentry","category-noticias"],"acf":[],"_links":{"self":[{"href":"https:\/\/www.coopatrigo.com.br\/novo\/wp-json\/wp\/v2\/posts\/35144","targetHints":{"allow":["GET"]}}],"collection":[{"href":"https:\/\/www.coopatrigo.com.br\/novo\/wp-json\/wp\/v2\/posts"}],"about":[{"href":"https:\/\/www.coopatrigo.com.br\/novo\/wp-json\/wp\/v2\/types\/post"}],"author":[{"embeddable":true,"href":"https:\/\/www.coopatrigo.com.br\/novo\/wp-json\/wp\/v2\/users\/5"}],"replies":[{"embeddable":true,"href":"https:\/\/www.coopatrigo.com.br\/novo\/wp-json\/wp\/v2\/comments?post=35144"}],"version-history":[{"count":0,"href":"https:\/\/www.coopatrigo.com.br\/novo\/wp-json\/wp\/v2\/posts\/35144\/revisions"}],"wp:featuredmedia":[{"embeddable":true,"href":"https:\/\/www.coopatrigo.com.br\/novo\/wp-json\/wp\/v2\/media\/35145"}],"wp:attachment":[{"href":"https:\/\/www.coopatrigo.com.br\/novo\/wp-json\/wp\/v2\/media?parent=35144"}],"wp:term":[{"taxonomy":"category","embeddable":true,"href":"https:\/\/www.coopatrigo.com.br\/novo\/wp-json\/wp\/v2\/categories?post=35144"},{"taxonomy":"post_tag","embeddable":true,"href":"https:\/\/www.coopatrigo.com.br\/novo\/wp-json\/wp\/v2\/tags?post=35144"}],"curies":[{"name":"wp","href":"https:\/\/api.w.org\/{rel}","templated":true}]}}