{"id":35461,"date":"2023-01-17T15:36:58","date_gmt":"2023-01-17T18:36:58","guid":{"rendered":"https:\/\/www.coopatrigo.com.br\/novo\/?p=35461"},"modified":"2023-01-17T15:36:58","modified_gmt":"2023-01-17T18:36:58","slug":"estiagem-e-tema-de-entrevista-do-presidente-da-coopatrigo-paulo-pires","status":"publish","type":"post","link":"https:\/\/www.coopatrigo.com.br\/novo\/2023\/01\/17\/estiagem-e-tema-de-entrevista-do-presidente-da-coopatrigo-paulo-pires\/","title":{"rendered":"Estiagem \u00e9 tema de entrevista do Presidente da Coopatrigo Paulo Pires"},"content":{"rendered":"<div id=\"dslc-theme-content\"><div id=\"dslc-theme-content-inner\"><p>Nesta ter\u00e7a-feira o Presidente da Coopatrigo Paulo Pires, que tamb\u00e9m preside a Fecoagro esteve concedendo uma entrevista no programa matinal Jornal da Manh\u00e3 da R\u00e1dio Missioneira, abordando alguns assuntos do momento que s\u00e3o relevantes para os associados da Coopatrigo e a comunidade, em geral.<\/p>\n<p>O primeiro assunto abordado foi a estiagem que mais uma vez assola a regi\u00e3o, enfatizando a baixa vaz\u00e3o de \u00e1gua em rios e riachos que esse ano \u00e9 maior que no ver\u00e3o de 2022, porque existe uma defici\u00eancia de reposi\u00e7\u00e3o muito grande com um ac\u00famulo de tempo expressivo sem chuvas, que est\u00e3o se prolongando a mais de 2 anos.<\/p>\n<p>Comentou tamb\u00e9m sobre a colheita do milho, onde nas \u00e1reas de sequeiro os preju\u00edzos s\u00e3o superiores a 70% e at\u00e9 mesmo nas lavouras irrigadas houve problemas pela falta de \u00e1gua e a \u00e1rea t\u00e9cnica da Coopatrigo aponta uma perda estimada de 20%.<\/p>\n<p>Paulo Pires deu sequ\u00eancia a sua entrevista enfatizando a decis\u00e3o correta dos Prefeitos com os decretos de emerg\u00eancia, que isso se trata de um respaldo muito importante, pois, essa situa\u00e7\u00e3o de estiagem tem um efeito maior nos pequenos produtores que necessitam de medidas dos \u00f3rg\u00e3os governamentais. \u00a0Citou o empenho em um grande projeto de irriga\u00e7\u00e3o para o estado do Rio Grande do Sul voltado aos pequenos produtores, elogiando o posicionamento do Governador Eduardo Leite que disse que a irriga\u00e7\u00e3o \u00e9 uma prioridade no Rio Grande do Sul.<\/p>\n<p>Sobre a situa\u00e7\u00e3o das \u00e1guas, Paulo Pires ainda fez um breve an\u00fancio de um Projeto Socioambiental que a Coopatrigo vai lan\u00e7ar e apoiar essa semana, focada na conscientiza\u00e7\u00e3o ambiental, para mais a\u00e7\u00f5es de preserva\u00e7\u00e3o das nascentes e olhos d\u2019\u00e1gua na sua regi\u00e3o de a\u00e7\u00e3o.<\/p>\n<p>Finalizando sua participa\u00e7\u00e3o no programa, Paulo Pires fez um convite para a comunidade, em geral, que busque conhecer propriedades onde h\u00e1 \u00e1rea de preserva\u00e7\u00e3o de \u00e1gua, para que possa ser visualizado que a flora e a fauna prosperam, e assim ele cita uma frase em que ele acredita: \u201cA \u00e1gua \u00e9 vida\u201d, portanto, onde armazenamos \u00e1gua, estamos prosperando.<\/p>\n<p>&nbsp;<\/p>\n<p>H\u00earica Keller<\/p>\n<p>Assessoria de Comunica\u00e7\u00e3o Coopatrigo<\/p>\n<\/div><\/div>","protected":false},"excerpt":{"rendered":"<p>Nesta ter\u00e7a-feira o Presidente da Coopatrigo Paulo Pires, que tamb\u00e9m preside a Fecoagro esteve concedendo uma entrevista no programa matinal Jornal da Manh\u00e3 da R\u00e1dio Missioneira, abordando alguns assuntos do momento que s\u00e3o relevantes para os associados da Coopatrigo e a comunidade, em geral. O primeiro assunto abordado foi a estiagem que mais uma vez [&hellip;]<\/p>\n","protected":false},"author":5,"featured_media":35462,"comment_status":"open","ping_status":"open","sticky":false,"template":"","format":"standard","meta":{"_acf_changed":false,"footnotes":""},"categories":[1],"tags":[],"class_list":["post-35461","post","type-post","status-publish","format-standard","has-post-thumbnail","hentry","category-noticias"],"acf":[],"_links":{"self":[{"href":"https:\/\/www.coopatrigo.com.br\/novo\/wp-json\/wp\/v2\/posts\/35461","targetHints":{"allow":["GET"]}}],"collection":[{"href":"https:\/\/www.coopatrigo.com.br\/novo\/wp-json\/wp\/v2\/posts"}],"about":[{"href":"https:\/\/www.coopatrigo.com.br\/novo\/wp-json\/wp\/v2\/types\/post"}],"author":[{"embeddable":true,"href":"https:\/\/www.coopatrigo.com.br\/novo\/wp-json\/wp\/v2\/users\/5"}],"replies":[{"embeddable":true,"href":"https:\/\/www.coopatrigo.com.br\/novo\/wp-json\/wp\/v2\/comments?post=35461"}],"version-history":[{"count":0,"href":"https:\/\/www.coopatrigo.com.br\/novo\/wp-json\/wp\/v2\/posts\/35461\/revisions"}],"wp:featuredmedia":[{"embeddable":true,"href":"https:\/\/www.coopatrigo.com.br\/novo\/wp-json\/wp\/v2\/media\/35462"}],"wp:attachment":[{"href":"https:\/\/www.coopatrigo.com.br\/novo\/wp-json\/wp\/v2\/media?parent=35461"}],"wp:term":[{"taxonomy":"category","embeddable":true,"href":"https:\/\/www.coopatrigo.com.br\/novo\/wp-json\/wp\/v2\/categories?post=35461"},{"taxonomy":"post_tag","embeddable":true,"href":"https:\/\/www.coopatrigo.com.br\/novo\/wp-json\/wp\/v2\/tags?post=35461"}],"curies":[{"name":"wp","href":"https:\/\/api.w.org\/{rel}","templated":true}]}}